{"id":6372,"date":"2020-03-14T15:31:53","date_gmt":"2020-03-14T14:31:53","guid":{"rendered":"http:\/\/parafiasmardzewo.pl\/?p=6372"},"modified":"2020-03-14T21:46:24","modified_gmt":"2020-03-14T20:46:24","slug":"informacja-konferencji-episkopatu-polski-i-dyspensa-biskupa-plockiego","status":"publish","type":"post","link":"https:\/\/parafiasmardzewo.pl\/?p=6372","title":{"rendered":"Zarz\u0105dzenie Biskupa P\u0142ockiego w odpowiedzi na Komunikat Przewodnicz\u0105cego KEP"},"content":{"rendered":"<table width=\"600\">\n<tbody>\n<tr>\n<td width=\"56\">&nbsp;<\/p>\n<p>&nbsp;<\/td>\n<td width=\"544\">\n<table>\n<tbody>\n<tr>\n<td width=\"30\"><\/td>\n<td width=\"540\">\n<table width=\"540\">\n<tbody>\n<tr>\n<td width=\"28\"><\/td>\n<td width=\"512\"><strong>Zarz\u0105dzenie Biskupa P\u0142ockiego w odpowiedzi na Komunikat<br \/>\nPrzewodnicz\u0105cego Konferencji Episkopatu Polski<br \/>\nz dn. 13 marca 2020 roku<\/strong><\/td>\n<\/tr>\n<tr>\n<td colspan=\"2\">Wprowadzenie stanu zagro\u017cenia epidemicznego w Polsce od dnia 13 marca 2020 roku ka\u017ce podj\u0105\u0107 nowe dzia\u0142ania, tak\u017ce w dziedzinie \u017cycia religijnego Ko\u015bcio\u0142a w Polsce. W zwi\u0105zku z Komunikatem abpa Stanis\u0142awa G\u0105deckiego, Przewodnicz\u0105cego Konferencji Episkopatu Polski, przekazuj\u0119 nast\u0119puj\u0105ce zarz\u0105dzenia dla moich Drogich Kap\u0142an\u00f3w i Diecezjan.<br \/>\n1. W trosce o wzajemne zdrowie i odpowiedzialno\u015b\u0107 za innych, pami\u0119tajmy o mo\u017cliwo\u015bci skorzystania z dyspensy od obowi\u0105zku uczestnictwa w niedzielnych i \u015bwi\u0105tecznych Mszach \u015awi\u0119tych, kt\u00f3rej udzieli\u0142em do dn. 29 marca br. Korzystajmy ch\u0119tnie z tego prawa Ko\u015bcio\u0142a. Prosz\u0119 osoby starsze, chore, zainfekowane, a tak\u017ce dzieci, m\u0142odzie\u017c oraz wszystkich, kt\u00f3rzy si\u0119 boj\u0105 zara\u017cenia, aby pozostali w domach, jednocz\u0105c si\u0119 w modlitwie za pomoc\u0105 medi\u00f3w. Na stronie internetowej diecezji p\u0142ockiej aktualizowana jest informacja o transmisjach Mszy \u015awi\u0119tych niedzielnych i codziennych, do kt\u00f3rych zach\u0119cajmy wiernych. Prosz\u0119 Ksi\u0119\u017cy Proboszcz\u00f3w, aby u\u015bwiadomili wiernym, \u017ce nie powinni gromadzi\u0107 si\u0119 t\u0142umnie w \u015bwi\u0105tyniach. W ko\u015bciele mo\u017ce znajdowa\u0107 si\u0119 podczas Mszy \u015awi\u0119tej nie wi\u0119cej ni\u017c 50 os\u00f3b. Je\u015bli wierni przyjd\u0105, powinni zachowa\u0107 przynajmniej 1 metr odleg\u0142o\u015bci mi\u0119dzy sob\u0105.<br \/>\n2. Zwracam si\u0119 do Ksi\u0119\u017cy, aby za pomoc\u0105 medi\u00f3w spo\u0142eczno\u015bciowych (np. Facebooka, Twittera, YouTube) organizowali transmisje Mszy \u015awi\u0119tych i nabo\u017ce\u0144stw (Drogi Krzy\u017cowej, Gorzkich \u017cali, nabo\u017ce\u0144stw pokutnych, rozwa\u017ca\u0144 S\u0142owa Bo\u017cego) ze swoich ko\u015bcio\u0142\u00f3w parafialnych. Wykorzystajmy te \u015brodki do kontaktu z naszymi wiernymi w czasie, gdy nie mog\u0105 przychodzi\u0107 do naszych \u015bwi\u0105ty\u0144.<br \/>\n3. Pami\u0119tajmy o mo\u017cliwo\u015bci przyjmowania Komunii duchowej, wzbudzaj\u0105c w sobie tak\u0105 intencj\u0119 podczas udzia\u0142u w transmisjach Mszy \u015awi\u0119tych. Ufajmy Panu, \u017ce w spos\u00f3b zwyczajny b\u0119dziemy mogli przyst\u0119powa\u0107 do sakrament\u00f3w \u015bwi\u0119tych ju\u017c w nied\u0142ugim czasie, gdy zwalczymy szerz\u0105c\u0105 si\u0119 pandemi\u0119.<br \/>\n4. A\u017c do odwo\u0142ania, na terenie diecezji p\u0142ockiej zostaj\u0105 zawieszone wszystkie rekolekcje, zar\u00f3wno parafialne, jak i szkolne.<br \/>\n5. Prosz\u0119 Ksi\u0119\u017cy Proboszcz\u00f3w, by w miar\u0119 mo\u017cliwo\u015bci otwierali ko\u015bcio\u0142y dla indywidualnej modlitwy wiernych w ci\u0105gu dnia.<br \/>\n6. Sprawowanie sakramentu chrztu \u015bwi\u0119tego, je\u015bli nie grozi niebezpiecze\u0144stwo \u015bmierci, spr\u00f3bujmy prze\u0142o\u017cy\u0107 na dalszy czas.<br \/>\n7. Prosz\u0119 kap\u0142an\u00f3w, aby z zachowaniem roztropno\u015bci byli gotowi do sprawowania sakramentu pokuty i namaszczenia chorych. Przypominam o obowi\u0105zku zabezpieczenia konfesjona\u0142\u00f3w foliami lub szybami ochronnymi.<br \/>\n8. Nale\u017cy zadba\u0107 o to, aby pogrzeby by\u0142y sprawowane bez wi\u0119kszego udzia\u0142u wiernych. \u0141\u0105cz\u0105c si\u0119 w b\u00f3lu z wiernymi, zach\u0119cajmy ich, aby do ustania pandemii w pogrzebach bra\u0142a udzia\u0142 jedynie najbli\u017csza rodzina, nie wi\u0119cej ni\u017c 50 os\u00f3b.<br \/>\n9. Zgodnie z pro\u015bb\u0105 abpa S. G\u0105deckiego, prosz\u0119, by kap\u0142ani i osoby \u017cycia konsekrowanego codziennie o godz. 20.30 odmawiali w ko\u015bcio\u0142ach r\u00f3\u017caniec w intencji chorych i opiekuj\u0105cych si\u0119 nimi oraz s\u0142u\u017cb medycznych, ko\u0144cz\u0105c go antyfon\u0105 maryjn\u0105 \u201ePod Twoj\u0105 obron\u0119\u201d w intencjach Ojca \u015awi\u0119tego. Zadbajmy o transmisj\u0119 tej modlitwy za pomoc\u0105 medi\u00f3w spo\u0142eczno\u015bciowych. Wsp\u00f3lnota wiernych, zjednoczona w modlitwie i na kolanach, b\u0119dzie w czasie Wielkiego Postu ukazywa\u0142a wag\u0119 i moc wiary, nawet gdy nie mo\u017ce fizycznie znale\u017a\u0107 si\u0119 w jednym miejscu.<br \/>\n10. Apeluj\u0119 do wszystkich o bezwzgl\u0119dne stosowanie si\u0119 do zarz\u0105dze\u0144 w\u0142adz, s\u0142u\u017cb medycznych i sanitarnych. W duchu odpowiedzialno\u015bci i mi\u0142o\u015bci bli\u017aniego traktujmy powa\u017cnie obecn\u0105 sytuacj\u0119. Nie chodzi jedynie o nasze zdrowie, ale przede wszystkim o zabezpieczenie ludzi s\u0142abszych i chorych. Zobowi\u0105zuj\u0119 kap\u0142an\u00f3w do informowania wiernych na bie\u017c\u0105co o nowych zarz\u0105dzeniach w\u0142adz.<br \/>\n11. Prosz\u0119 szczeg\u00f3lnie dzieci, m\u0142odzie\u017c, osoby starsze, chore, zainfekowane, aby bez potrzeby nie opuszcza\u0142y dom\u00f3w. Wykorzystajmy ten czas na modlitw\u0119, nauk\u0119 i prac\u0119 w domu.<br \/>\n12. Zwracam si\u0119 do doros\u0142ych o okazywanie mi\u0142osierdzia ludziom chorym, starszym, zainteresowanie nimi i pomoc w zrobieniu zakup\u00f3w, zaopatrzeniu w lekarstwa i inne potrzebne do \u017cycia \u015brodki. B\u0105d\u017amy dobrymi Samarytanami, kt\u00f3rzy nie przechodz\u0105 oboj\u0119tnie obok cudzej biedy, pami\u0119taj\u0105c zawsze o roztropnym, minimalnym kontakcie z tymi osobami, by nie doprowadzi\u0107 do zaka\u017cenia ich wirusem.<br \/>\n13. Unikajmy w tym trudnym czasie zabobonnego i magicznego podej\u015bcia do wiary, typowego dla religii pierwotnych. Katolicy zawsze wyr\u00f3\u017cniali si\u0119 w\u0142a\u015bciwym pojmowaniem relacji wiary i rozumu. Nie odwo\u0142ujmy si\u0119 do proroctw i przepowiedni, a trzymajmy si\u0119 zdrowej nauki (por. 2 Tes 2,15), pami\u0119taj\u0105c, by by\u0107 zawsze gotowymi na przyj\u015bcie Pana.<br \/>\nDni, w kt\u00f3rych koronawirus wystawia na pr\u00f3b\u0119 wiar\u0119 i wytrwa\u0142o\u015b\u0107 wielu os\u00f3b, daj\u0105 nam okazj\u0119 do coraz pe\u0142niejszego rozumienia, jak bardzo wa\u017cne jest odkrywanie Chrystusa nie tylko w sakramentach \u015bwi\u0119tych, ale tak\u017ce w s\u0142u\u017cbie drugiemu cz\u0142owiekowi. Zdajmy ten egzamin z solidarno\u015bci spo\u0142ecznej, budowania wi\u0119zi i patriotyzmu. Ufajmy, \u017ce gdy przysz\u0142o nam zmierzy\u0107 si\u0119 z tajemnic\u0105 z\u0142a moralnego i fizycznego, pozwoli nam to jeszcze bardziej zawierzy\u0107 nas i nasze rodziny Bo\u017cemu Mi\u0142osierdziu, przez wstawiennictwo Maryi, przyzywanej jako Uzdrowienie chorych.<br \/>\nOgarniam wszystkich, w tym trudnym czasie, szczeg\u00f3ln\u0105 modlitw\u0105 i z serca b\u0142ogos\u0142awi\u0119.<br \/>\nP\u0142ock, dn. 13 marca 2020 roku<em>\u2020 Piotr Libera<br \/>\nBiskup P\u0142ocki<\/em><\/td>\n<\/tr>\n<\/tbody>\n<\/table>\n<\/td>\n<\/tr>\n<\/tbody>\n<\/table>\n<p>&nbsp;<\/td>\n<\/tr>\n<\/tbody>\n<\/table>\n<p>&nbsp;<\/p>\n","protected":false},"excerpt":{"rendered":"<p>&nbsp; &nbsp; Zarz\u0105dzenie Biskupa P\u0142ockiego w odpowiedzi na Komunikat Przewodnicz\u0105cego Konferencji Episkopatu Polski z dn. 13 marca 2020 roku Wprowadzenie stanu zagro\u017cenia epidemicznego w Polsce od dnia 13 marca 2020 roku ka\u017ce podj\u0105\u0107 nowe dzia\u0142ania, tak\u017ce w dziedzinie \u017cycia religijnego Ko\u015bcio\u0142a w Polsce. W zwi\u0105zku z Komunikatem abpa Stanis\u0142awa G\u0105deckiego, Przewodnicz\u0105cego Konferencji Episkopatu Polski, przekazuj\u0119 &hellip; <\/p>\n<p><a class=\"more-link btn\" href=\"https:\/\/parafiasmardzewo.pl\/?p=6372\">Kontynuuj czytanie<\/a><\/p>\n","protected":false},"author":2,"featured_media":0,"comment_status":"open","ping_status":"open","sticky":false,"template":"","format":"standard","meta":[],"categories":[6],"tags":[],"_links":{"self":[{"href":"https:\/\/parafiasmardzewo.pl\/index.php?rest_route=\/wp\/v2\/posts\/6372"}],"collection":[{"href":"https:\/\/parafiasmardzewo.pl\/index.php?rest_route=\/wp\/v2\/posts"}],"about":[{"href":"https:\/\/parafiasmardzewo.pl\/index.php?rest_route=\/wp\/v2\/types\/post"}],"author":[{"embeddable":true,"href":"https:\/\/parafiasmardzewo.pl\/index.php?rest_route=\/wp\/v2\/users\/2"}],"replies":[{"embeddable":true,"href":"https:\/\/parafiasmardzewo.pl\/index.php?rest_route=%2Fwp%2Fv2%2Fcomments&post=6372"}],"version-history":[{"count":5,"href":"https:\/\/parafiasmardzewo.pl\/index.php?rest_route=\/wp\/v2\/posts\/6372\/revisions"}],"predecessor-version":[{"id":6393,"href":"https:\/\/parafiasmardzewo.pl\/index.php?rest_route=\/wp\/v2\/posts\/6372\/revisions\/6393"}],"wp:attachment":[{"href":"https:\/\/parafiasmardzewo.pl\/index.php?rest_route=%2Fwp%2Fv2%2Fmedia&parent=6372"}],"wp:term":[{"taxonomy":"category","embeddable":true,"href":"https:\/\/parafiasmardzewo.pl\/index.php?rest_route=%2Fwp%2Fv2%2Fcategories&post=6372"},{"taxonomy":"post_tag","embeddable":true,"href":"https:\/\/parafiasmardzewo.pl\/index.php?rest_route=%2Fwp%2Fv2%2Ftags&post=6372"}],"curies":[{"name":"wp","href":"https:\/\/api.w.org\/{rel}","templated":true}]}}