{"id":6396,"date":"2020-03-21T17:51:51","date_gmt":"2020-03-21T16:51:51","guid":{"rendered":"http:\/\/parafiasmardzewo.pl\/?p=6396"},"modified":"2020-03-22T13:52:37","modified_gmt":"2020-03-22T12:52:37","slug":"czwarta-niedziela-wielkiego-postu-22-marca-2020-roku","status":"publish","type":"post","link":"https:\/\/parafiasmardzewo.pl\/?p=6396","title":{"rendered":"CZWARTA NIEDZIELA WIELKIEGO POSTU &#8211; 22 marca 2020 roku"},"content":{"rendered":"<p><strong>OG\u0141OSZENIA DUSZPASTERSKIE<\/strong><\/p>\n<ol>\n<li>Dzisiejsza \u2013 ju\u017c czwarta niedziela Wielkiego Postu \u2013 r\u00f3\u017cni si\u0119 nieco od pozosta\u0142ych. W tradycji Ko\u015bcio\u0142a nazywamy j\u0105 niedziel\u0105 <em>Laetare<\/em>, czyli niedziel\u0105 rado\u015bci. Widzimy to nawet w zmianie postnego fioletu na r\u00f3\u017cowy kolor szat liturgicznych. W po\u0142owie Wielkiego Postu Ko\u015bci\u00f3\u0142 wzywa wiernych do rado\u015bci, aby wszyscy podejmuj\u0105cy trud przemiany serca wytrwali w tym nie\u0142atwym codziennym wysi\u0142ku.<\/li>\n<li>Wielki Post, kt\u00f3ry obecnie prze\u017cywamy, to wyj\u0105tkowa okazja do nawr\u00f3cenia, do odnowienia naszej przyja\u017ani z Bogiem. Kontekst w jakim prze\u017cywamy obecny Wielki Post nie sprzyja rado\u015bci, kto\u015b powie. Bardzo wiele os\u00f3b zaka\u017conych koronawirusem przebywa w szpitalach, inni s\u0105 izolowani na kilkana\u015bcie dni. Wszyscy prze\u017cywamy r\u00f3\u017cne niedogodno\u015bci ka\u017cdego dnia. Jest r\u00f3wnie\u017c l\u0119k, \u017ce mo\u017cemy by\u0107 zara\u017ceni lub kto\u015b z naszej rodziny, znajomych. By\u0107 radosnym w takiej sytuacji, oczywi\u015bcie nawet w znaczeniu ewangelicznym, nie jest \u0142atwo. Jest to dla nas, szczeg\u00f3lnie ludzi wierz\u0105cych, sprawdzian naszej wiary, zaufania Panu Bogu, powierzenia Mu siebie, os\u00f3b nam bliskich. Kto\u015b w rozmowie telefonicznej (rozmowa dotyczy\u0142a obecnej sytuacji) powiedzia\u0142 mi:\u00a0<strong><em>dobrze, \u017ce mamy wiar\u0119 w Boga, to wielki dar. <\/em><\/strong>Zach\u0119cam parafian i wszystkich czcicieli Matki Bo\u017cej Smardzewskiej do gorliwej modlitwy, szczeg\u00f3lnie r\u00f3\u017ca\u0144cowej o godz. 20.30. Niech ca\u0142a rodzina modli si\u0119 w tym czasie do Boga przez po\u015brednictwo Maryi o ustanie epidemii koronawirusa\u00a0 w naszej ojczy\u017anie i na ca\u0142ym \u015bwiecie. Pro\u015bmy o \u015bwiat\u0142o Ducha \u015awi\u0119tego i m\u0105dre decyzje dla rz\u0105dz\u0105cych w naszym kraju. Szczeg\u00f3ln\u0105 trosk\u0105 modlitewn\u0105 otoczmy chorych, ich rodziny oraz wszystkich, kt\u00f3rzy po\u015bwi\u0119caj\u0105 si\u0119 s\u0142u\u017c\u0105c chorym: lekarzy, piel\u0119gniarki i wszystkie osoby pos\u0142uguj\u0105ce chorym. M\u00f3dlmy si\u0119 r\u00f3wnie\u017c za wszystkich, kt\u00f3rzy w r\u00f3\u017cnych miejscach pracuj\u0105, aby inni mogli by\u0107 obs\u0142u\u017ceni. Pami\u0119tajmy te\u017c w modlitwie o zmar\u0142ych i ich bliskich, kt\u00f3rzy cierpi\u0105 z powodu \u015bmierci os\u00f3b, kt\u00f3re kochali, znali.\u00a0 Ja r\u00f3wnie\u017c codziennie modl\u0119 si\u0119 na r\u00f3\u017ca\u0144cu w w\/w intencjach przed obrazem Pani Smardzewskiej<\/li>\n<li>W naszym ko\u015bciele, codziennie w dni powszednie, jest sprawowana Msza \u015awi\u0119ta o godz. 16.00. Przed Eucharysti\u0105 jest mo\u017cliwo\u015b\u0107 korzystania z sakramentu pokuty, zach\u0119cam. W niedziele s\u0105 sprawowane Msze \u015awi\u0119te o godz. 9.00 \u2013 10.45 \u2013 16.00. Na ka\u017cdej Mszy \u015awi\u0119tej nie mo\u017ce by\u0107 wi\u0119cej ni\u017c 50 os\u00f3b, zgodnie z zarz\u0105dzeniem w\u0142adz pa\u0144stwowych. Ci, kt\u00f3rzy pozostaj\u0105 w domach niech korzystaj\u0105 z Mszy \u015awi\u0119tej transmitowanej prze radio lub telewizje. Ks. biskup Piotr Libera udzieli\u0142 dyspensy od uczestnictwa w Mszy \u015awi\u0119tej w ko\u015bciele.\u00a0\u00a0\u00a0 Je\u015bli kto\u015b chce skorzysta\u0107 z sakrament\u00f3w (spowied\u017a, Komunia, namaszczenie chorych) w domu z racji choroby to prosz\u0119 zg\u0142osi\u0107 telefonicznie, nr tel. 605-684-622. Rekolekcji wielkopostnych nie b\u0119dzie w tym roku w naszej \u015bwi\u0105tyni, podobnie jak w innych parafiach. \u00a0<strong>Jest jednak wiele mo\u017cliwo\u015bci, by skorzysta\u0107 z nauk rekolekcyjnych. 25 \u2013 26 i 27 \u00a0marca br., w TVP3 prowadzi rekolekcje znany dominikanin o. prof. Jacek Salij. O godz. 20.00 (od poniedzia\u0142ku do pi\u0105tku) na antenie TVP3 jest transmitowana Msza \u015awi\u0119ta z Jasnej G\u00f3ry i zaraz po tej Eucharystii w najbli\u017csz\u0105 \u015brod\u0119, czwartek i pi\u0105tek (godz. 20.40) b\u0119d\u0105 nauki rekolekcyjne o. J. Salija.<\/strong><\/li>\n<li>Przypominam, \u017ce w naszym ko\u015bciele w ka\u017cdy pi\u0105tek Wielkiego Postu o godz. 16.30 jest nabo\u017ce\u0144stwo Drogi krzy\u017cowej, a w niedziele, po Eucharystii o godz.10.45, rozpami\u0119tujemy m\u0119k\u0119 Pana Jezusa podczas Gorzkich \u017cali. Wszystkich zach\u0119cam do licznego udzia\u0142u (przez Radio Maryja jest transmisja Gorzkich \u017cali z Warszawy w niedziele o godz. 18.00) w tych wielkopostnych nabo\u017ce\u0144stwach. Drog\u0119 krzy\u017cow\u0105 mo\u017cna te\u017c odprawia\u0107 prywatnie w domu.<\/li>\n<li>We wtorek, 24 marca, obchodzimy Narodowy Dzie\u0144 Pami\u0119ci Polak\u00f3w ratuj\u0105cych \u017byd\u00f3w pod okupacj\u0105 niemieck\u0105. Wyb\u00f3r daty nawi\u0105zuje do dnia, w kt\u00f3rym Niemcy w 1944 roku w Markowej zamordowali rodzin\u0119 Ulm\u00f3w: J\u00f3zefa i Wiktori\u0119 oraz ich dzieci, wraz z ukrywaj\u0105cymi si\u0119 u nich \u017bydami. Dzie\u0144 ten ustanowiono w 2018 roku, aby upami\u0119tni\u0107 Polak\u00f3w \u2013 bohater\u00f3w, kt\u00f3rzy w akcie heroicznej odwagi, m\u0119stwa, wsp\u00f3\u0142czucia i solidarno\u015bci, wierni najwy\u017cszym warto\u015bciom etycznym i nakazom chrze\u015bcija\u0144skiego mi\u0142osierdzia ratowali swoich \u017cydowskich bli\u017anich od zag\u0142ady.<\/li>\n<li>W najbli\u017csz\u0105 \u015brod\u0119, 25 marca, b\u0119dziemy prze\u017cywa\u0107 uroczysto\u015b\u0107 Zwiastowania Pa\u0144skiego. \u00a0W t\u0119 uroczysto\u015b\u0107 celebrujemy pocz\u0105tek naszego odkupienia. Msza \u015awi\u0119ta tego dnia w naszym ko\u015bciele b\u0119dzie sprawowana o godz. 16.00.<\/li>\n<li>Uroczysto\u015b\u0107 Zwiastowania Pa\u0144skiego jest zarazem Dniem \u015awi\u0119to\u015bci \u017bycia i Duchowej Adopcji Dziecka Pocz\u0119tego. W tym dniu osoby, kt\u00f3re pragn\u0105 podj\u0105\u0107 si\u0119 zadania modlitwy w intencji zagro\u017conego \u017cycia dziecka pocz\u0119tego, b\u0119d\u0105 mog\u0142y rozpocz\u0105\u0107 swoj\u0105 dziewi\u0119ciomiesi\u0119czn\u0105 nowenn\u0119.<\/li>\n<li>W czwartek, 26 marca, przypada w Ko\u015bciele polskim Dzie\u0144 modlitw za wi\u0119\u017ani\u00f3w z okazji wspomnienia \u015awi\u0119tego Dobrego \u0141otra. Jego kult rozpowszechnili franciszkanie, kt\u00f3rzy przedstawiali go jako patrona skazanych na \u015bmier\u0107. Patronuje on r\u00f3wnie\u017c wi\u0119\u017aniom, kapelanom wi\u0119ziennym, przewo\u017anikom, prosz\u0105cym o dobr\u0105 \u015bmier\u0107, pokutuj\u0105cym i nawr\u00f3conym grzesznikom, a tak\u017ce skruszonym z\u0142odziejom.<\/li>\n<\/ol>\n<p>&nbsp;<\/p>\n","protected":false},"excerpt":{"rendered":"<p>OG\u0141OSZENIA DUSZPASTERSKIE Dzisiejsza \u2013 ju\u017c czwarta niedziela Wielkiego Postu \u2013 r\u00f3\u017cni si\u0119 nieco od pozosta\u0142ych. W tradycji Ko\u015bcio\u0142a nazywamy j\u0105 niedziel\u0105 Laetare, czyli niedziel\u0105 rado\u015bci. Widzimy to nawet w zmianie postnego fioletu na r\u00f3\u017cowy kolor szat liturgicznych. W po\u0142owie Wielkiego Postu Ko\u015bci\u00f3\u0142 wzywa wiernych do rado\u015bci, aby wszyscy podejmuj\u0105cy trud przemiany serca wytrwali w tym &hellip; <\/p>\n<p><a class=\"more-link btn\" href=\"https:\/\/parafiasmardzewo.pl\/?p=6396\">Kontynuuj czytanie<\/a><\/p>\n","protected":false},"author":2,"featured_media":6302,"comment_status":"open","ping_status":"open","sticky":false,"template":"","format":"standard","meta":[],"categories":[1],"tags":[],"_links":{"self":[{"href":"https:\/\/parafiasmardzewo.pl\/index.php?rest_route=\/wp\/v2\/posts\/6396"}],"collection":[{"href":"https:\/\/parafiasmardzewo.pl\/index.php?rest_route=\/wp\/v2\/posts"}],"about":[{"href":"https:\/\/parafiasmardzewo.pl\/index.php?rest_route=\/wp\/v2\/types\/post"}],"author":[{"embeddable":true,"href":"https:\/\/parafiasmardzewo.pl\/index.php?rest_route=\/wp\/v2\/users\/2"}],"replies":[{"embeddable":true,"href":"https:\/\/parafiasmardzewo.pl\/index.php?rest_route=%2Fwp%2Fv2%2Fcomments&post=6396"}],"version-history":[{"count":4,"href":"https:\/\/parafiasmardzewo.pl\/index.php?rest_route=\/wp\/v2\/posts\/6396\/revisions"}],"predecessor-version":[{"id":6403,"href":"https:\/\/parafiasmardzewo.pl\/index.php?rest_route=\/wp\/v2\/posts\/6396\/revisions\/6403"}],"wp:featuredmedia":[{"embeddable":true,"href":"https:\/\/parafiasmardzewo.pl\/index.php?rest_route=\/wp\/v2\/media\/6302"}],"wp:attachment":[{"href":"https:\/\/parafiasmardzewo.pl\/index.php?rest_route=%2Fwp%2Fv2%2Fmedia&parent=6396"}],"wp:term":[{"taxonomy":"category","embeddable":true,"href":"https:\/\/parafiasmardzewo.pl\/index.php?rest_route=%2Fwp%2Fv2%2Fcategories&post=6396"},{"taxonomy":"post_tag","embeddable":true,"href":"https:\/\/parafiasmardzewo.pl\/index.php?rest_route=%2Fwp%2Fv2%2Ftags&post=6396"}],"curies":[{"name":"wp","href":"https:\/\/api.w.org\/{rel}","templated":true}]}}