{"id":6442,"date":"2020-04-21T22:26:58","date_gmt":"2020-04-21T20:26:58","guid":{"rendered":"http:\/\/parafiasmardzewo.pl\/?p=6442"},"modified":"2020-04-21T22:26:58","modified_gmt":"2020-04-21T20:26:58","slug":"apel-abpa-stanislawa-gadeckiego-o-modlitwe-o-deszcz","status":"publish","type":"post","link":"https:\/\/parafiasmardzewo.pl\/?p=6442","title":{"rendered":"Apel Abpa Stanis\u0142awa Gadeckiego  o modlitw\u0119 o deszcz"},"content":{"rendered":"<p><strong>Przewodnicz\u0105cy Konferencji episkopatu Polski apeluje o\u00a0 wytrwa\u0142a i \u017carliw\u0105\u00a0 modlitw\u0119 b\u0142agaln\u0105 o deszcz.<\/strong><\/p>\n<p><strong>Zwracam si\u0119 do wszystkich wiernych oraz ludzi dobrej woli z apelem o wytrwa\u0142\u0105 i \u017carliw\u0105 modlitw\u0119 <\/strong><strong>b\u0142agaln\u0105 o deszcz. Prosz\u0119, aby w sanktuariach, parafiach, domach zakonnych i rodzinach w\u0142\u0105czy\u0107 t\u0119 intencj\u0119 do naszych modlitw ufaj\u0105c, \u017ce Pan B\u00f3g us\u0142yszy nasze pro\u015bby \u2013 napisa\u0142 abp Stanis\u0142aw G\u0105decki, przewodnicz\u0105cy Konferencji Episkopatu Polski w Apelu.\u00a0 \u00a0 \u00a0 \u00a0 \u00a0 \u00a0 \u00a0 \u00a0 \u00a0 \u00a0 \u00a0 \u00a0 \u00a0 \u00a0 \u00a0 \u00a0 \u00a0 \u00a0 \u00a0 \u00a0 \u00a0 \u00a0 \u00a0 \u00a0 \u00a0 \u00a0 \u00a0 \u00a0 \u00a0 \u00a0 \u00a0 \u00a0 \u00a0 \u00a0 \u00a0 \u00a0 \u00a0 \u00a0 \u00a0 \u00a0 \u00a0 \u00a0 \u00a0<\/strong>Przewodnicz\u0105cy Episkopatu zaznaczy\u0142, \u017ce zmaganiom z epidemi\u0105 koronawirusa w Polsce zmaganie si\u0119 z susz\u0105. <strong>\u201eJej skutkiem setki tysi\u0119cy hektar\u00f3w uprawnych s\u0105 zagro\u017cone zniszczeniem a wszystko to b\u0119dzie mia\u0142o negatywny wp\u0142yw na produkcj\u0119 roln\u0105, a w przysz\u0142o\u015bci na ceny produkt\u00f3w spo\u017cywczych oraz zdolno\u015bci eksportowe naszego kraju. Susza uderza w setki tysi\u0119cy rolnik\u00f3w, sadownik\u00f3w, ogrodnik\u00f3w i ich rodziny, kt\u00f3rzy utrzymuj\u0105 si\u0119 z\u00a0owoc\u00f3w ziemi. Jej dotkliwo\u015b\u0107 mo\u017ce odczu\u0107 r\u00f3wnie\u017c przemys\u0142 przetw\u00f3rczy i spo\u017cywczy\u201d \u2013<\/strong> napisa\u0142.\u00a0 \u00a0 \u00a0 \u00a0 \u00a0 \u00a0 \u00a0 \u00a0 \u00a0 \u00a0 \u00a0 \u00a0 \u00a0 \u00a0 \u00a0 \u00a0 \u00a0 \u00a0 \u00a0 \u00a0 \u00a0 \u00a0 \u00a0 \u00a0 \u00a0 \u00a0 \u00a0 \u00a0 \u00a0 \u00a0 \u00a0 \u00a0 \u00a0 \u00a0 \u00a0 \u00a0 \u00a0 \u00a0 \u00a0 \u00a0 \u00a0 \u00a0 \u00a0 \u00a0 \u00a0 \u00a0 \u00a0 \u00a0 \u00a0 \u00a0 \u00a0 \u00a0 \u00a0 \u00a0 \u00a0 \u00a0 \u00a0 \u00a0 \u00a0 \u00a0 \u00a0 \u00a0 \u00a0 \u00a0 \u00a0 \u00a0 \u00a0 \u00a0 \u00a0 \u00a0 \u00a0 \u00a0 \u00a0 \u00a0 \u00a0 \u00a0 \u00a0 \u00a0 \u00a0 \u00a0 \u00a0 \u00a0 \u00a0 \u00a0 \u00a0 \u00a0 \u00a0 \u00a0 \u00a0 \u00a0 \u00a0 \u00a0 \u00a0 \u00a0 \u00a0 St\u0105d te\u017c Apel przewodnicz\u0105cego Episkopatu do wszystkich wiernych oraz ludzi dobrej woli o<strong> \u201ewytrwa\u0142\u0105 i \u017carliw\u0105 modlitw\u0119 b\u0142agaln\u0105 o deszcz. Prosz\u0119, aby w sanktuariach, parafiach, domach zakonnych i rodzinach w\u0142\u0105czy\u0107 t\u0119 intencj\u0119 do naszych modlitwy ufaj\u0105c, \u017ce Pan B\u00f3g us\u0142yszy nasze pro\u015bby\u201d.\u00a0 \u00a0 \u00a0 \u00a0 \u00a0 \u00a0 \u00a0 \u00a0 \u00a0 \u00a0 \u00a0 \u00a0 \u00a0 \u00a0 \u00a0 \u00a0 \u00a0 \u00a0 \u00a0 \u00a0<\/strong> \u00a0 \u00a0 \u00a0 \u00a0 \u00a0 \u00a0 \u00a0 \u00a0 \u00a0 \u00a0 Przewodnicz\u0105cy Episkopatu podzi\u0119kowa\u0142 r\u00f3wnie\u017c za zaanga\u017cowanie s\u0142u\u017cbom medycznym i mundurowym oraz osobom duchownym, \u017cycia konsekrowanego i wiernym \u015bwieckim, \u201ekt\u00f3rzy wiern\u0105 modlitw\u0105, wytrwa\u0142\u0105 prac\u0105 i konkretn\u0105 pomoc\u0105 materialn\u0105 w\u0142\u0105czaj\u0105 si\u0119 w walk\u0119 o zdrowie i \u017cycie Polak\u00f3w\u201d.<\/p>\n<p>Abp Stanis\u0142aw G\u0105decki, Przewodnicz\u0105cy KEP<\/p>\n<p>&nbsp;<\/p>\n","protected":false},"excerpt":{"rendered":"<p>Przewodnicz\u0105cy Konferencji episkopatu Polski apeluje o\u00a0 wytrwa\u0142a i \u017carliw\u0105\u00a0 modlitw\u0119 b\u0142agaln\u0105 o deszcz. Zwracam si\u0119 do wszystkich wiernych oraz ludzi dobrej woli z apelem o wytrwa\u0142\u0105 i \u017carliw\u0105 modlitw\u0119 b\u0142agaln\u0105 o deszcz. Prosz\u0119, aby w sanktuariach, parafiach, domach zakonnych i rodzinach w\u0142\u0105czy\u0107 t\u0119 intencj\u0119 do naszych modlitw ufaj\u0105c, \u017ce Pan B\u00f3g us\u0142yszy nasze pro\u015bby \u2013 &hellip; <\/p>\n<p><a class=\"more-link btn\" href=\"https:\/\/parafiasmardzewo.pl\/?p=6442\">Kontynuuj czytanie<\/a><\/p>\n","protected":false},"author":2,"featured_media":6084,"comment_status":"open","ping_status":"open","sticky":false,"template":"","format":"standard","meta":[],"categories":[1],"tags":[],"_links":{"self":[{"href":"https:\/\/parafiasmardzewo.pl\/index.php?rest_route=\/wp\/v2\/posts\/6442"}],"collection":[{"href":"https:\/\/parafiasmardzewo.pl\/index.php?rest_route=\/wp\/v2\/posts"}],"about":[{"href":"https:\/\/parafiasmardzewo.pl\/index.php?rest_route=\/wp\/v2\/types\/post"}],"author":[{"embeddable":true,"href":"https:\/\/parafiasmardzewo.pl\/index.php?rest_route=\/wp\/v2\/users\/2"}],"replies":[{"embeddable":true,"href":"https:\/\/parafiasmardzewo.pl\/index.php?rest_route=%2Fwp%2Fv2%2Fcomments&post=6442"}],"version-history":[{"count":1,"href":"https:\/\/parafiasmardzewo.pl\/index.php?rest_route=\/wp\/v2\/posts\/6442\/revisions"}],"predecessor-version":[{"id":6443,"href":"https:\/\/parafiasmardzewo.pl\/index.php?rest_route=\/wp\/v2\/posts\/6442\/revisions\/6443"}],"wp:featuredmedia":[{"embeddable":true,"href":"https:\/\/parafiasmardzewo.pl\/index.php?rest_route=\/wp\/v2\/media\/6084"}],"wp:attachment":[{"href":"https:\/\/parafiasmardzewo.pl\/index.php?rest_route=%2Fwp%2Fv2%2Fmedia&parent=6442"}],"wp:term":[{"taxonomy":"category","embeddable":true,"href":"https:\/\/parafiasmardzewo.pl\/index.php?rest_route=%2Fwp%2Fv2%2Fcategories&post=6442"},{"taxonomy":"post_tag","embeddable":true,"href":"https:\/\/parafiasmardzewo.pl\/index.php?rest_route=%2Fwp%2Fv2%2Ftags&post=6442"}],"curies":[{"name":"wp","href":"https:\/\/api.w.org\/{rel}","templated":true}]}}