{"id":6449,"date":"2020-05-02T11:10:21","date_gmt":"2020-05-02T09:10:21","guid":{"rendered":"http:\/\/parafiasmardzewo.pl\/?p=6449"},"modified":"2020-05-02T11:16:19","modified_gmt":"2020-05-02T09:16:19","slug":"slowo-rady-stalej-konferencji-episkopatu-polski","status":"publish","type":"post","link":"https:\/\/parafiasmardzewo.pl\/?p=6449","title":{"rendered":"S\u0141OWO RADY STA\u0141EJ KONFERENCJI EPISKOPATU POLSKI"},"content":{"rendered":"<p><strong><em>\u201ePOK\u00d3J TOBIE, POLSKO!\u201d<\/em>\u00a0(\u015aW. JAN PAWE\u0141 II, 1983)\u00a0 \u00a0 \u00a0 \u00a0 \u00a0 \u00a0 \u00a0 \u00a0 \u00a0 \u00a0 \u00a0 \u00a0 \u00a0 \u00a0 \u00a0 \u00a0 \u00a0 \u00a0 \u00a0 \u00a0 \u00a0 \u00a0 \u00a0 \u00a0 \u00a0 \u00a0 \u00a0 \u00a0 \u00a0 \u00a0 \u00a0 \u00a0 \u00a0 \u00a0 \u00a0 \u00a0 \u00a0 \u00a0 \u00a0 \u00a0 \u00a0 \u00a0 \u00a0 \u00a0 \u00a0 \u00a0 \u00a0 \u00a0 \u00a0 \u00a0 \u00a0 \u00a0 \u00a0 \u00a0 \u00a0 \u00a0 \u00a0 \u00a0 \u00a0 \u00a0 \u00a0 \u00a0 \u00a0<\/strong>W pe\u0142nym niepokoju czasie epidemii, a tak\u017ce w sytuacji napi\u0119cia zwi\u0105zanego z nadchodz\u0105cymi wyborami prezydenckimi, pragniemy zaapelowa\u0107 o odpowiedzialno\u015b\u0107 za dobro wsp\u00f3lne, jakim jest Polska\u00a0 \u00a0 \u00a0 \u00a0 \u00a0 \u00a0 \u00a0 \u00a0 \u00a0 \u00a0 \u00a0 \u00a01.Ca\u0142y \u015bwiat, w tym tak\u017ce nasza Ojczyzna, prze\u017cywa obecnie dramatyczny, pe\u0142en udr\u0119ki czas, wywo\u0142any przez pandemi\u0119. W tej nadzwyczajnej sytuacji najwa\u017cniejsza jest troska o ka\u017cdego cz\u0142owieka, o jego zdrowie i \u017cycie, poczynaj\u0105c od os\u00f3b najbardziej poszkodowanych, zara\u017conych, prze\u017cywaj\u0105cych kwarantann\u0119, ogarni\u0119tych l\u0119kiem o przysz\u0142o\u015b\u0107 swoj\u0105 i swoich najbli\u017cszych. Z wdzi\u0119czno\u015bci\u0105 my\u015blimy o naszych braciach i siostrach, kt\u00f3rzy nios\u0105 pomoc osobom chorym: lekarzach, piel\u0119gniarkach, s\u0142u\u017cbie zdrowia, s\u0142u\u017cbach dostarczaj\u0105cych leki, \u015brodki dezynfekcyjne i \u017cywno\u015b\u0107, wolontariuszach oraz tych wszystkich, kt\u00f3rzy ofiarnie s\u0142u\u017c\u0105, aby\u015bmy w atmosferze solidarno\u015bci pokonali to bolesne do\u015bwiadczenie. W tym gronie zas\u0142uguj\u0105cym na najwy\u017csze wyrazy podzi\u0119kowania znajduj\u0105 si\u0119 tak\u017ce osoby duchowne i zakonne oraz pracownicy Caritas. Doceniamy dotychczasowe zaanga\u017cowanie w\u0142adz pa\u0144stwowych i samorz\u0105dowych. \u017byczymy odpowiedzialnym za rz\u0105dy naszym pa\u0144stwem, aby potrafili opracowa\u0107 i wdro\u017cy\u0107 najodpowiedniejsze mechanizmy w celu rych\u0142ego pokonania epidemii. Przypominamy, \u017ce racj\u0105 istnienia ka\u017cdej w\u0142adzy jest troska o dobro wsp\u00f3lne, kt\u00f3re obejmuje \u201eca\u0142okszta\u0142t takich warunk\u00f3w \u017cycia spo\u0142ecznego, w jakich ludzie mog\u0105 pe\u0142niej i szybciej osi\u0105gn\u0105\u0107 sw\u0105 w\u0142asn\u0105 doskona\u0142o\u015b\u0107\u201d (Jan XXIII, Mater et Magistra).\u00a0 \u00a0 \u00a0 \u00a0 \u00a0 \u00a0 \u00a0 \u00a0 \u00a0 \u00a0 \u00a0 \u00a0 \u00a0 \u00a0 \u00a0 \u00a0 \u00a0 \u00a0 \u00a0 \u00a0 \u00a0 \u00a0 \u00a0 \u00a0 \u00a0 \u00a0 \u00a0 \u00a0 \u00a0 \u00a0 \u00a02. Na sytuacj\u0119 pandemicznego zagro\u017cenia zdrowia i \u017cycia ludzi nak\u0142ada si\u0119 u nas przewidywany termin wybor\u00f3w prezydenckich. Ze wzgl\u0119du na \u201es\u0142uszn\u0105 autonomi\u0119 porz\u0105dku demokratycznego\u201d (Centesimus Annus, 47) Ko\u015bci\u00f3\u0142 nie ma mandatu, by uczestniczy\u0107 w czysto politycznych sporach na temat formy, czy terminu wybor\u00f3w, a tym bardziej, by opowiada\u0107 si\u0119 za tym lub innym rozwi\u0105zaniem. Misj\u0105 Ko\u015bcio\u0142a w takiej sytuacji jest jednak zawsze, pe\u0142ne \u017cyczliwo\u015bci, przypominanie o szczeg\u00f3lnej, moralnej i politycznej odpowiedzialno\u015bci, jaka spoczywa na uczestnikach \u017cycia politycznego.<br \/>\nApelujemy zatem do sumie\u0144 ludzi odpowiedzialnych za dobro wsp\u00f3lne naszej Ojczyzny, zar\u00f3wno do ludzi sprawuj\u0105cych w\u0142adz\u0119, jak i do opozycji, aby w tej nadzwyczajnej sytuacji wypracowali wsp\u00f3lne stanowisko, dotycz\u0105ce wybor\u00f3w prezydenckich. Zach\u0119camy, aby w dialogu mi\u0119dzy stronami poszukiwa\u0107 takich rozwi\u0105za\u0144, kt\u00f3re nie budzi\u0142yby w\u0105tpliwo\u015bci prawnych i podejrzenia nie tylko o naruszenie obowi\u0105zuj\u0105cego \u0142adu konstytucyjnego, ale i przyj\u0119tych w demokratycznym spo\u0142ecze\u0144stwie zasad wolnych i uczciwych wybor\u00f3w. Prosimy, aby kieruj\u0105c si\u0119 najlepsz\u0105 wol\u0105, w swoich dzia\u0142aniach szukali dobra wsp\u00f3lnego, kt\u00f3rego wyrazem jest dzi\u015b zar\u00f3wno \u017cycie, zdrowie oraz spo\u0142eczny byt Polak\u00f3w, jak i szerokie spo\u0142eczne zaufanie do wsp\u00f3lnie wypracowanych przez lata procedur wyborczych demokratycznego pa\u0144stwa. W tej trudnej sytuacji, jak\u0105 prze\u017cywamy, powinni\u015bmy dba\u0107 o kultywowanie dojrza\u0142ej demokracji, ochron\u0119 pa\u0144stwa prawa, budowanie \u2013 mimo r\u00f3\u017cnic \u2013 kultury solidarno\u015bci, tak\u017ce w sferze polityki. W procesie dokonywania odpowiedzialnego wyboru kandydata na urz\u0105d prezydenta nale\u017cy wzi\u0105\u0107 pod uwag\u0119 w szczeg\u00f3lny spos\u00f3b prawo\u015b\u0107 moraln\u0105, mi\u0142o\u015b\u0107 Ojczyzny i traktowanie w\u0142adzy jako s\u0142u\u017cby, kompetencje w dziedzinie \u017cycia politycznego i obywatelskiego, wyrazist\u0105 to\u017csamo\u015b\u0107, postaw\u0119 dialogu i umiej\u0119tno\u015b\u0107 wsp\u00f3\u0142pracy, zdolno\u015b\u0107 do roztropnego rozwi\u0105zywania konflikt\u00f3w, merytoryczne przygotowanie i wiedz\u0119, a tak\u017ce szacunek dla zasad demokracji, kierowanie si\u0119 fundamentalnymi zasadami etycznymi, poszanowanie dla \u017cycia od pocz\u0119cia do naturalnej \u015bmierci, gwarancj\u0119 dla prawnej definicji ma\u0142\u017ce\u0144stwa jako trwa\u0142ego zwi\u0105zku m\u0119\u017cczyzny i kobiety, promocj\u0119 polityki rodzinnej oraz gwarancje dla rodzic\u00f3w w zakresie prawa do wychowywania dzieci zgodnie z wyznawan\u0105 wiar\u0105 i warto\u015bciami.\u00a0 \u00a0 \u00a0 \u00a0 \u00a0 \u00a0 \u00a0 \u00a0 \u00a0 \u00a0 \u00a0 \u00a0 \u00a0 \u00a0 \u00a0 \u00a0 \u00a0 \u00a0 \u00a0 \u00a0 \u00a0 \u00a0 \u00a0 \u00a0 \u00a0 \u00a0 \u00a0 \u00a0 \u00a0 \u00a0 \u00a0 \u00a0 \u00a0 \u00a0 \u00a0 \u00a0 \u00a0 \u00a0 \u00a0 \u00a0 \u00a0 \u00a0 \u00a0 \u00a0 \u00a0 \u00a0 \u00a0 \u00a0 \u00a0 \u00a0 \u00a0 \u00a0 \u00a0 \u00a0 \u00a0 \u00a0 \u00a0 \u00a0 \u00a0 \u00a0 \u00a0 \u00a0 \u00a0 \u00a0 \u00a0 \u00a0 \u00a0 \u00a0 \u00a0 \u00a0 \u00a0 \u00a0 \u00a0 \u00a0 \u00a0 \u00a0 \u00a0 \u00a0 \u00a0 \u00a0 \u00a0 \u00a0 \u00a0 \u00a0 \u00a03. B\u0119d\u0105c lud\u017ami wiary, jeste\u015bmy przekonani, \u017ce nie wszystko w \u017cyciu zale\u017cy od geniuszu cz\u0142owieka. Wierzymy przecie\u017c w Boga i w Jego opatrzno\u015bciowe czuwanie nad ka\u017cdym cz\u0142owiekiem, nad ludzko\u015bci\u0105 i \u015bwiatem, dlatego przypominamy o wielkiej roli jedno\u015bci cz\u0142owieka z Bogiem oraz o mocy modlitwy.<br \/>\nWyra\u017camy wdzi\u0119czno\u015b\u0107 Ojcu \u015awi\u0119temu Franciszkowi za Jego List do wszystkich wiernych na maj 2020 roku. Wraz z Papie\u017cem zach\u0119camy do odmawiania R\u00f3\u017ca\u0144ca \u015awi\u0119tego, szczeg\u00f3lnie w \u015brodowisku rodzinnym. Zgodnie z polskim zwyczajem zach\u0119camy do piel\u0119gnowania nabo\u017ce\u0144stw majowych. M\u00f3dlmy si\u0119 za wstawiennictwem Maryi, Kr\u00f3lowej Polski o opiek\u0119 nad nami i pomoc w pokonaniu pandemii. Czy\u0144my to z g\u0142\u0119bok\u0105 wiar\u0105 i nadziej\u0105, \u017ce nasza Matka i Kr\u00f3lowa, kt\u00f3ra wyprowadzi\u0142a nas z wielu narodowych nieszcz\u0119\u015b\u0107 i tym razem oka\u017ce si\u0119 nam Nieustaj\u0105c\u0105 Pomoc\u0105 i Wspomo\u017cycielk\u0105. By\u0142oby te\u017c rzecz\u0105 po\u017cyteczn\u0105, aby w pierwszym dniu maja &#8211; kt\u00f3ry przypada w pi\u0105tek \u2013 odst\u0105pi\u0107 od praktyki coraz cz\u0119\u015bciej udzielanej dyspensy od wstrzemi\u0119\u017aliwo\u015bci od pokarm\u00f3w mi\u0119snych. Bardziej w\u0142a\u015bciwym by\u0142oby uczyni\u0107 ten dzie\u0144 dniem pokuty i postu w intencji zachowania miejsc pracy dla naszych rodak\u00f3w. W trudnym czasie epidemii, 3 maja br. na Jasnej G\u00f3rze b\u0119dzie mia\u0142o miejsce zawierzenie naszej Ojczyzny Matce Bo\u017cej Kr\u00f3lowej Polski, kt\u00f3rego dokona Przewodnicz\u0105cy Konferencji Episkopatu Arcybiskup Stanis\u0142aw G\u0105decki.<br \/>\n\u201eO Maryjo, Pocieszycielko strapionych, we\u017a w ramiona wszystkie swoje niespokojne dzieci i wypro\u015b, aby B\u00f3g zadzia\u0142a\u0142 Swoj\u0105 wszechmocn\u0105 r\u0119k\u0105 i uwolni\u0142 nas od tej straszliwej epidemii, \u017ceby \u017cycie mog\u0142o powr\u00f3ci\u0107 do normalnego biegu w spokoju. Zawierzamy si\u0119 Tobie, kt\u00f3ra ja\u015bniejesz na naszej drodze jako znak zbawienia i nadziei, o \u0142askawa, o lito\u015bciwa, o s\u0142odka Panno Maryjo!\u201d (Papie\u017c Franciszek). Zach\u0119camy wszystkich, kt\u00f3rym le\u017cy na sercu dobro Ojczyzny, do gorliwej modlitwy w rodzinach i parafiach. <strong>Prosimy Boga, aby spe\u0142ni\u0142o si\u0119 \u017cyczenie \u015bwi\u0119tego Jana Paw\u0142a \u2013<\/strong> <strong>Pok\u00f3j Tobie, Polsko!\u00a0\u00a0\u00a0\u00a0\u00a0\u00a0 <\/strong><\/p>\n<p>Warszawa, dnia 27 kwietnia 2020 roku<\/p>\n<p>Rada Sta\u0142a Konferencji Episkopatu Polski<\/p>\n","protected":false},"excerpt":{"rendered":"<p>\u201ePOK\u00d3J TOBIE, POLSKO!\u201d\u00a0(\u015aW. JAN PAWE\u0141 II, 1983)\u00a0 \u00a0 \u00a0 \u00a0 \u00a0 \u00a0 \u00a0 \u00a0 \u00a0 \u00a0 \u00a0 \u00a0 \u00a0 \u00a0 \u00a0 \u00a0 \u00a0 \u00a0 \u00a0 \u00a0 \u00a0 \u00a0 \u00a0 \u00a0 \u00a0 \u00a0 \u00a0 \u00a0 \u00a0 \u00a0 \u00a0 \u00a0 \u00a0 \u00a0 \u00a0 \u00a0 \u00a0 \u00a0 \u00a0 \u00a0 \u00a0 \u00a0 \u00a0 \u00a0 \u00a0 \u00a0 \u00a0 \u00a0 \u00a0 &hellip; <\/p>\n<p><a class=\"more-link btn\" href=\"https:\/\/parafiasmardzewo.pl\/?p=6449\">Kontynuuj czytanie<\/a><\/p>\n","protected":false},"author":2,"featured_media":2532,"comment_status":"open","ping_status":"open","sticky":false,"template":"","format":"standard","meta":[],"categories":[6],"tags":[],"_links":{"self":[{"href":"https:\/\/parafiasmardzewo.pl\/index.php?rest_route=\/wp\/v2\/posts\/6449"}],"collection":[{"href":"https:\/\/parafiasmardzewo.pl\/index.php?rest_route=\/wp\/v2\/posts"}],"about":[{"href":"https:\/\/parafiasmardzewo.pl\/index.php?rest_route=\/wp\/v2\/types\/post"}],"author":[{"embeddable":true,"href":"https:\/\/parafiasmardzewo.pl\/index.php?rest_route=\/wp\/v2\/users\/2"}],"replies":[{"embeddable":true,"href":"https:\/\/parafiasmardzewo.pl\/index.php?rest_route=%2Fwp%2Fv2%2Fcomments&post=6449"}],"version-history":[{"count":5,"href":"https:\/\/parafiasmardzewo.pl\/index.php?rest_route=\/wp\/v2\/posts\/6449\/revisions"}],"predecessor-version":[{"id":6454,"href":"https:\/\/parafiasmardzewo.pl\/index.php?rest_route=\/wp\/v2\/posts\/6449\/revisions\/6454"}],"wp:featuredmedia":[{"embeddable":true,"href":"https:\/\/parafiasmardzewo.pl\/index.php?rest_route=\/wp\/v2\/media\/2532"}],"wp:attachment":[{"href":"https:\/\/parafiasmardzewo.pl\/index.php?rest_route=%2Fwp%2Fv2%2Fmedia&parent=6449"}],"wp:term":[{"taxonomy":"category","embeddable":true,"href":"https:\/\/parafiasmardzewo.pl\/index.php?rest_route=%2Fwp%2Fv2%2Fcategories&post=6449"},{"taxonomy":"post_tag","embeddable":true,"href":"https:\/\/parafiasmardzewo.pl\/index.php?rest_route=%2Fwp%2Fv2%2Ftags&post=6449"}],"curies":[{"name":"wp","href":"https:\/\/api.w.org\/{rel}","templated":true}]}}