{"id":6456,"date":"2020-05-02T16:45:00","date_gmt":"2020-05-02T14:45:00","guid":{"rendered":"http:\/\/parafiasmardzewo.pl\/?p=6456"},"modified":"2020-05-02T16:51:18","modified_gmt":"2020-05-02T14:51:18","slug":"czwarta-niedziela-wielkanocy-3-maja-2020-r","status":"publish","type":"post","link":"https:\/\/parafiasmardzewo.pl\/?p=6456","title":{"rendered":"CZWARTA NIEDZIELA WIELKANOCY &#8211; 3 maja 2020 r."},"content":{"rendered":"<p><strong>OG\u0141OSZENIA DUSZPASTERSKIE <\/strong><\/p>\n<ol>\n<li>Dzisiaj,\u00a0 3 maja br.,\u00a0 na Jasnej G\u00f3rze odb\u0119dzie si\u0119 uroczyste zawierzenie Ojczyzny Naj\u015bwi\u0119tszemu Sercu Pana Jezusa i Matce Bo\u017cej Kr\u00f3lowej Polski. Eucharystia, kt\u00f3ra b\u0119dzie mia\u0142a miejsce w tym dniu o godz. 11.00, w Kaplicy Cudownego Obrazu Matki Bo\u017cej, b\u0119dzie transmitowana za po\u015brednictwem TVP 3 (pasmo og\u00f3lnopolskie) i TV Trwam.<\/li>\n<li>R\u00f3wnie\u017c w naszej parafii, po ka\u017cdej Mszy \u015awi\u0119tej, odm\u00f3wimy zawierzenie Ojczyzny Naj\u015bwi\u0119tszemu Sercu Pana Jezusa i Matce Bo\u017cej Kr\u00f3lowej Polski.<\/li>\n<li>Dzisiejsz\u0105 niedziel\u0119 prze\u017cywamy w Ko\u015bciele jako \u015awiatowy Dzie\u0144 Modlitw o Powo\u0142ania Kap\u0142a\u0144skie i Zakonne. Rozpoczynaj\u0105 si\u0119 te\u017c Kwartalne dni modlitw o powo\u0142ania do s\u0142u\u017cby w Ko\u015bciele. Musimy prosi\u0107 Jezusa Chrystusa \u2013 Dobrego Pasterza, aby nigdy nie zabrak\u0142o nowych pracownik\u00f3w w Bo\u017cej winnicy. Musimy modli\u0107 si\u0119 o dobre i liczne powo\u0142ania kap\u0142a\u0144skie i zakonne, o ludzi gotowych p\u00f3j\u015b\u0107 przemienia\u0107 serca innych, podj\u0105\u0107 trudne zadania wobec wsp\u00f3\u0142czesnego \u015bwiata. Maj\u0105c w\u015br\u00f3d siebie kap\u0142an\u00f3w, mamy dost\u0119p do niewyczerpanych Bo\u017cych \u0142ask p\u0142yn\u0105cych z sakrament\u00f3w \u015bwi\u0119tych.<\/li>\n<li>Podczas tego tygodnia b\u0119dziemy szczeg\u00f3lnie prosi\u0107 o powo\u0142ania kap\u0142a\u0144skie i zakonne z naszej wsp\u00f3lnoty parafialnej.<\/li>\n<li>Dzisiaj wspominamy kolejn\u0105 rocznic\u0119 uchwalenia Konstytucji 3 maja w 1791 r. Pami\u0119taj\u0105c o tym donios\u0142ym wydarzeniu z naszej historii, polecajmy Maryi \u2013 Kr\u00f3lowej nasz\u0105 Ojczyzn\u0119. Polecajmy Jej rz\u0105dz\u0105cych i tworz\u0105cych prawo, aby zawsze mieli na uwadze sprawiedliwo\u015b\u0107 spo\u0142eczn\u0105 i dobro wszystkich Polak\u00f3w. Pro\u015bmy Maryj\u0119, aby dla Jej Syna otworzy\u0142y si\u0119 wszystkie polskie serca.<\/li>\n<li>W tym tygodniu przypadaj\u0105 kolejne \u015bwi\u0119ta. W \u015brod\u0119, 6 maja, obchodzimy \u015bwi\u0119to \u015awi\u0119tych Aposto\u0142\u00f3w Filipa i Jakuba, kt\u00f3rzy czerpi\u0105c moc z Chrystusa, udowodnili, \u017ce nawet s\u0142aby cz\u0142owiek jest w stanie po\u015bwi\u0119ci\u0107 si\u0119 g\u0142oszeniu Ewangelii.<\/li>\n<li>W pi\u0105tek, 8 maja, przypada uroczysto\u015b\u0107 \u015awi\u0119tego Stanis\u0142awa, biskupa i m\u0119czennika, g\u0142\u00f3wnego patrona Polski.<\/li>\n<li>Przypominam, \u017ce w naszym ko\u015bciele w maju codziennie odprawiamy nabo\u017ce\u0144stwa majowe ku czci Matki Naj\u015bwi\u0119tszej o godz. 18.00. We\u017amy udzia\u0142 w tym modlitewnym uwielbieniu Matki naszego Pana i naszej. W tak wielu sprawach osobistych, rodzinnych i narodowych mo\u017cemy i powinni\u015bmy prosi\u0107 o Jej wstawiennictwo.<\/li>\n<li>Dzieci, z naszej parafii, kt\u00f3re obecnie ucz\u0119szczaj\u0105 do kl. III przyst\u0105pi\u0105 do Pierwszej Komunii \u015awi\u0119tej 20 wrze\u015bnia (niedziela godz. 10.45) 2020 roku, czyli dopiero po wakacjach. Takie jest rozporz\u0105dzenie ks. Biskupa Piotra Libery. Rozporz\u0105dzenie dotyczy oczywi\u015bcie czasu po wakacjach, a termin Komunii \u015awi\u0119tej ustala ka\u017cda parafia.\u00a0 Uczniowie, z naszej parafii, obecnej kl. IV Odnowi\u0105 Przyrzeczenia Chrztu \u015awi\u0119tego r\u00f3wnie\u017c 20 wrze\u015bnia (niedziela) godz. 9.00 lub 16.00. Jest to propozycja dla rodzic\u00f3w. Bardzo prosz\u0119 niech rodzice zastanowi\u0105 si\u0119 nad zaproponowanym terminem. \u0141atwiej b\u0119dzie udekorowa\u0107 ko\u015bci\u00f3\u0142, je\u015bli te dwie uroczysto\u015bci odb\u0119d\u0105 w jedn\u0105 niedziel\u0119.<\/li>\n<li>Zach\u0119cam do nabycia prasy katolickiej: <strong><em>Go\u015bcia Niedzielnego<\/em><\/strong>, <strong><em>Ma\u0142ego Go\u015bcia Niedzielnego <\/em><\/strong><em>(dla m\u0142odzie\u017cy),<strong> Rycerza Niepokalanej <\/strong><\/em>i <strong><em>Ma\u0142ego Rycerzyka<\/em><\/strong> (dla dzieci), Miesi\u0119cznik <strong><em>R\u00f3\u017caniec . <\/em><\/strong><\/li>\n<li>Do sakramentu ma\u0142\u017ce\u0144stwa przygotowuj\u0105 si\u0119 nast\u0119puj\u0105ce osoby: <strong>P.\u00a0 A.\u00a0 Bandych<\/strong>, kawaler zam. K\u0119pa i <strong>A.\u00a0 E.\u00a0 Burchacka, <\/strong>panna zam. Soko\u0142owo, par. \u015bw. Aposto\u0142\u00f3w Piotra i Paw\u0142a w Grudusku. Zap. I. <strong>P. Popio\u0142kowski, <\/strong>kawaler zam. Koliszewo i <strong>A. E.\u00a0 Jendor<\/strong>, panna zam. P\u0142o\u0144sk, ul. Keplera 10. Zap. I. <strong>K. Go\u0142\u0119biewska<\/strong>, panna zam. Wierzb\u00f3wiec i <strong>P. Chojnacki<\/strong>, kawaler zam. W\u0142adys\u0142awowo, par. \u015bw. Anny w Nowym Mie\u015bcie, Zap. I.<\/li>\n<\/ol>\n<p>&nbsp;<\/p>\n<p>&nbsp;<\/p>\n<p>&nbsp;<\/p>\n","protected":false},"excerpt":{"rendered":"<p>OG\u0141OSZENIA DUSZPASTERSKIE Dzisiaj,\u00a0 3 maja br.,\u00a0 na Jasnej G\u00f3rze odb\u0119dzie si\u0119 uroczyste zawierzenie Ojczyzny Naj\u015bwi\u0119tszemu Sercu Pana Jezusa i Matce Bo\u017cej Kr\u00f3lowej Polski. Eucharystia, kt\u00f3ra b\u0119dzie mia\u0142a miejsce w tym dniu o godz. 11.00, w Kaplicy Cudownego Obrazu Matki Bo\u017cej, b\u0119dzie transmitowana za po\u015brednictwem TVP 3 (pasmo og\u00f3lnopolskie) i TV Trwam. R\u00f3wnie\u017c w naszej parafii, &hellip; <\/p>\n<p><a class=\"more-link btn\" href=\"https:\/\/parafiasmardzewo.pl\/?p=6456\">Kontynuuj czytanie<\/a><\/p>\n","protected":false},"author":2,"featured_media":6302,"comment_status":"open","ping_status":"open","sticky":false,"template":"","format":"standard","meta":[],"categories":[1],"tags":[],"_links":{"self":[{"href":"https:\/\/parafiasmardzewo.pl\/index.php?rest_route=\/wp\/v2\/posts\/6456"}],"collection":[{"href":"https:\/\/parafiasmardzewo.pl\/index.php?rest_route=\/wp\/v2\/posts"}],"about":[{"href":"https:\/\/parafiasmardzewo.pl\/index.php?rest_route=\/wp\/v2\/types\/post"}],"author":[{"embeddable":true,"href":"https:\/\/parafiasmardzewo.pl\/index.php?rest_route=\/wp\/v2\/users\/2"}],"replies":[{"embeddable":true,"href":"https:\/\/parafiasmardzewo.pl\/index.php?rest_route=%2Fwp%2Fv2%2Fcomments&post=6456"}],"version-history":[{"count":4,"href":"https:\/\/parafiasmardzewo.pl\/index.php?rest_route=\/wp\/v2\/posts\/6456\/revisions"}],"predecessor-version":[{"id":6460,"href":"https:\/\/parafiasmardzewo.pl\/index.php?rest_route=\/wp\/v2\/posts\/6456\/revisions\/6460"}],"wp:featuredmedia":[{"embeddable":true,"href":"https:\/\/parafiasmardzewo.pl\/index.php?rest_route=\/wp\/v2\/media\/6302"}],"wp:attachment":[{"href":"https:\/\/parafiasmardzewo.pl\/index.php?rest_route=%2Fwp%2Fv2%2Fmedia&parent=6456"}],"wp:term":[{"taxonomy":"category","embeddable":true,"href":"https:\/\/parafiasmardzewo.pl\/index.php?rest_route=%2Fwp%2Fv2%2Fcategories&post=6456"},{"taxonomy":"post_tag","embeddable":true,"href":"https:\/\/parafiasmardzewo.pl\/index.php?rest_route=%2Fwp%2Fv2%2Ftags&post=6456"}],"curies":[{"name":"wp","href":"https:\/\/api.w.org\/{rel}","templated":true}]}}