{"id":6480,"date":"2020-05-16T22:34:21","date_gmt":"2020-05-16T20:34:21","guid":{"rendered":"http:\/\/parafiasmardzewo.pl\/?p=6480"},"modified":"2020-05-16T22:34:21","modified_gmt":"2020-05-16T20:34:21","slug":"list-prezydium-kep-z-okazji-100-rocznicy-urodzin-sw-jana-pawla-ii","status":"publish","type":"post","link":"https:\/\/parafiasmardzewo.pl\/?p=6480","title":{"rendered":"LIST PREZYDIUM KEP Z OKAZJI 100. ROCZNICY URODZIN \u015aW. JANA PAW\u0141A II"},"content":{"rendered":"<p>Umi\u0142owani Siostry i Bracia!<\/p>\n<ol>\n<li>W tym roku \u015bwi\u0119tujemy setn\u0105 rocznic\u0119 urodzin \u015bw. Jana Paw\u0142a II, kt\u00f3ry przyszed\u0142 na \u015bwiat 18 maja 1920 roku w Wadowicach. Ten wielki \u015bwi\u0119ty wni\u00f3s\u0142 nieoceniony wk\u0142ad w histori\u0119 naszego kraju, Europy, \u015bwiata oraz w histori\u0119 Ko\u015bcio\u0142a powszechnego. O Karolu Wojtyle powiedziano i napisano ju\u017c bardzo wiele, dobrze znana jest r\u00f3wnie\u017c jego biografia, kt\u00f3ra doczeka\u0142a si\u0119 licznych ekranizacji. W trudnym dla nas wszystkich czasie \u2013 gdy zmagamy si\u0119 z pandemi\u0105 koronawirusa i stawiamy pytania o przysz\u0142o\u015b\u0107 naszych rodzin oraz spo\u0142ecze\u0144stwa \u2013 warto tak\u017ce zapyta\u0107 o to, co On dzi\u015b mia\u0142by nam do powiedzenia? Z jakim przes\u0142aniem zwr\u00f3ci\u0142by si\u0119 do rodak\u00f3w w maju 2020 roku? Jako pierwsze przychodz\u0105 nam na my\u015bl s\u0142owa, kt\u00f3re wypowiedzia\u0142 w homilii rozpoczynaj\u0105cej pontyfikat: <strong>\u201eNie l\u0119kajcie si\u0119, otw\u00f3rzcie, otw\u00f3rzcie na o\u015bcie\u017c drzwi Chrystusowi. Dla Jego zbawczej w\u0142adzy otw\u00f3rzcie granice pa\u0144stw, system\u00f3w ekonomicznych i politycznych, szerokie dziedziny kultury, cywilizacji, rozwoju! Nie b\u00f3jcie si\u0119! Chrystus wie, co nosi w swoim wn\u0119trzu cz\u0142owiek. On jeden to wie!\u201d <\/strong>(22.10.1978). Tak, Chrystus wie, co ka\u017cdy z nas nosi dzi\u015b w sobie, On doskonale zna nasze rado\u015bci, niepokoje, nadzieje, l\u0119ki, t\u0119sknoty. Tylko On ma odpowied\u017a na pytania, kt\u00f3re stawiamy sobie w obecnej chwili. \u015awi\u0119ty Jan Pawe\u0142 II by\u0142 cz\u0142owiekiem, w kt\u00f3rego \u017cyciu niezwykle wyra\u017anie uwidacznia\u0142y si\u0119 cierpienie i niepewno\u015b\u0107 jutra. Jego droga do \u015bwi\u0119to\u015bci wiod\u0142a przez szereg trudnych do\u015bwiadcze\u0144 \u017cyciowych, jak cho\u0107by przedwczesna \u015bmier\u0107 ukochanej matki czy okrucie\u0144stwa II wojny \u015bwiatowej. On przyjmowa\u0142 te wydarzenia z wiar\u0105 w to, \u017ce histori\u0119 cz\u0142owieka ostatecznie prowadzi Pan B\u00f3g, a \u015bmier\u0107 nie jest pragnieniem Stw\u00f3rcy. Gdyby Papie\u017c Polak \u017cy\u0142 dzisiaj, na pewno dobrze rozumia\u0142by osoby, kt\u00f3re przebywaj\u0105 w izolacji i kwarantannie. Modli\u0142by si\u0119 za chorych, zmar\u0142ych oraz ich rodziny. Sam przecie\u017c wielokrotnie chorowa\u0142 i cierpia\u0142 w warunkach szpitalnego odosobnienia, bez mo\u017cliwo\u015bci sprawowania Mszy \u015bw. z wiernymi. Jego brat Edmund zmar\u0142 w wieku 26 lat, jako m\u0142ody lekarz, kiedy zarazi\u0142 si\u0119 od chorej pacjentki, udzielaj\u0105c jej pomocy medycznej.<\/li>\n<li>Pocz\u0105tek kap\u0142a\u0144skiej drogi Karola Wojty\u0142y mia\u0142 miejsce w czasie II wojny \u015bwiatowej. Wraz ze swoimi rodakami by\u0142 on ofiar\u0105 dw\u00f3ch totalitarnych system\u00f3w: narodowego i mi\u0119dzynarodowego socjalizmu. Obydwa odrzuca\u0142y Boga. Obydwa wyros\u0142y na pysze, pogardzie dla innych i nienawi\u015bci. Obydwa odbiera\u0142y wolno\u015b\u0107 i godno\u015b\u0107 cz\u0142owiekowi. Obydwa nios\u0142y strach i \u015bmier\u0107. W tym czasie m\u0142ody Karol Wojty\u0142a by\u0142 robotnikiem w kamienio\u0142omach fabryki chemicznej Solvay w podkrakowskich \u0141agiewnikach.<br \/>\nNast\u0119pny rozdzia\u0142 ksi\u0119gi \u017cycia \u015bw. Jana Paw\u0142a II to pos\u0142uga ksi\u0119dza oraz biskupa krakowskiego. Po dwuletnich studiach w Rzymie zosta\u0142 wikariuszem i katechet\u0105 w parafii w Niegowici, p\u00f3\u017aniej pracowa\u0142 w Krakowie. Wyk\u0142ada\u0142 w seminariach duchownych i na uniwersytetach. 29 wrze\u015bnia 1958 roku zosta\u0142 wy\u015bwi\u0119cony na biskupa pomocniczego archidiecezji krakowskiej, a w roku 1964 zosta\u0142 jej arcybiskupem metropolit\u0105. Bra\u0142 czynny udzia\u0142 we wszystkich sesjach Soboru Watyka\u0144skiego II. W roku 1967 papie\u017c Pawe\u0142 VI mianowa\u0142 go kardyna\u0142em. W czasach komunistycznego re\u017cimu stanowczo broni\u0142 chrze\u015bcija\u0144skich warto\u015bci. Otwarty na dialog, w ka\u017cdym widzia\u0142 brata. I tak nadszed\u0142 historyczny <strong>dzie\u0144 16 pa\u017adziernika 1978 roku, gdy kard. Karol Wojty\u0142a zosta\u0142 wybrany papie\u017cem.<\/strong> Tu okaza\u0142o si\u0119, jak wa\u017cn\u0105 postaci\u0105 w jego \u017cyciu by\u0142 kard. Stefan Wyszy\u0144ski. Po wyborze na papie\u017ca, Jan Pawe\u0142 II powiedzia\u0142: <strong>\u201eNie by\u0142oby na Stolicy Piotrowej tego Papie\u017ca Polaka, kt\u00f3ry dzi\u015b pe\u0142en boja\u017ani Bo\u017cej, ale i pe\u0142en ufno\u015bci rozpoczyna nowy pontyfikat, gdyby nie by\u0142o Twojej wiary, niecofaj\u0105cej si\u0119 przed wi\u0119zieniem i cierpieniem, Twojej heroicznej nadziei, Twojego zawierzenia bez reszty Matce Ko\u015bcio\u0142a. Gdyby nie by\u0142o Jasnej G\u00f3ry<\/strong>\u201d. Obydwaj byli g\u0142\u0119boko zwi\u0105zani z sanktuarium jasnog\u00f3rskim. Tam wszystko zawierzali Matce Bo\u017cej. Wyb\u00f3r kard. Karola Wojty\u0142y na nast\u0119pc\u0119 \u015bw. Piotra otworzy\u0142 nowy rozdzia\u0142 nie tylko w jego \u017cyciu, ale tak\u017ce w historii Ko\u015bcio\u0142a w Polsce i na \u015bwiecie. Niespe\u0142na rok p\u00f3\u017aniej zabrzmia\u0142y w Polsce s\u0142owa modlitwy: <strong>\u201eWo\u0142am, ja, syn polskiej ziemi, a zarazem ja, Jan Pawe\u0142 II, papie\u017c. Wo\u0142am z ca\u0142ej g\u0142\u0119bi tego Tysi\u0105clecia, wo\u0142am w przeddzie\u0144 \u015awi\u0119ta Zes\u0142ania, wo\u0142am wraz z wami wszystkimi: Niech zst\u0105pi Duch Tw\u00f3j! Niech zst\u0105pi Duch Tw\u00f3j i odnowi oblicze ziemi. Tej ziemi!\u201d. <\/strong>Te s\u0142owa, wypowiedziane 2 czerwca 1979 roku podczas Mszy \u015bw. na \u00f3wczesnym Placu Zwyci\u0119stwa w Warszawie, sta\u0142y si\u0119 momentem zwrotnym w procesie polskich przemian demokratycznych. Doda\u0142y odwagi i nadziei, kt\u00f3rej Polacy w\u00f3wczas tak bardzo potrzebowali.<\/li>\n<\/ol>\n<ol start=\"3\">\n<li>\u015awi\u0119ty Jan Pawe\u0142 II g\u0142osi\u0142 Ewangeli\u0119 na ca\u0142ym \u015bwiecie. Odwiedzi\u0142 132 kraje i oko\u0142o 900 miejscowo\u015bci. Jego nauczanie jest wci\u0105\u017c aktualne. Warto do niego si\u0119ga\u0107, tak\u017ce poprzez internet i media spo\u0142eczno\u015bciowe, wykorzystuj\u0105c mo\u017cliwo\u015bci, kt\u00f3re stwarzaj\u0105 nowe technologie. Ju\u017c w 2002 roku Papie\u017c wzywa\u0142 przecie\u017c ca\u0142y Ko\u015bci\u00f3\u0142 do wyp\u0142yni\u0119cia <strong>\u201ena g\u0142\u0119bi\u0119 cyber przestrzeni\u201d. <\/strong>G\u0142osz\u0105c konieczno\u015b\u0107 poszanowania praw ka\u017cdej osoby ludzkiej, Papie\u017c broni\u0142 najs\u0142abszych i bezbronnych. Dzisiaj, gdy w czasie pandemii koronawirusa \u015bwiat walczy o ka\u017cde ludzkie \u017cycie, trzeba przypomnie\u0107, \u017ce Jan Pawe\u0142 II domaga\u0142 si\u0119 ochrony \u017cycia cz\u0142owieka od pocz\u0119cia do naturalnej \u015bmierci. Polacy i Polska stanowili bardzo wa\u017cn\u0105 cz\u0119\u015b\u0107 \u017cycia \u015bw. Jana Paw\u0142a II, kt\u00f3ry po latach wyzna\u0142: <strong>\u201eSprawy mojej Ojczyzny zawsze by\u0142y i s\u0105 mi bardzo bliskie. Wszystko, co prze\u017cywa m\u00f3j nar\u00f3d, wszystko to g\u0142\u0119boko nosz\u0119 w sercu. Dobro Ojczyzny uwa\u017cam za moje dobro<\/strong>\u201d (audiencja do Polak\u00f3w z okazji 20. rocznicy pontyfikatu, 1998). Polska by\u0142a krajem, kt\u00f3ry Ojciec \u015awi\u0119ty odwiedza\u0142 najcz\u0119\u015bciej \u2013 <strong>odby\u0142 do Ojczyzny dziewi\u0119\u0107 pielgrzymek.<\/strong> Przyje\u017cd\u017ca\u0142 zawsze z konkretnym przes\u0142aniem do rodak\u00f3w, dostosowanym do aktualnie panuj\u0105cej sytuacji religijnej i politycznej. Ka\u017cda z pielgrzymek by\u0142a traktowana przez Polak\u00f3w jako narodowe rekolekcje, a w spotkaniach z Papie\u017cem uczestniczy\u0142y miliony os\u00f3b.<\/li>\n<\/ol>\n<ol start=\"4\">\n<li>Dla wielu os\u00f3b \u015bwiadectwo o prawdziwo\u015bci Ewangelii, jakie da\u0142 ca\u0142emu \u015bwiatu \u015bw. Jan Pawe\u0142 II, wybrzmia\u0142o najbardziej przekonuj\u0105co wtedy, gdy przysz\u0142o mu osobi\u015bcie zmaga\u0107 si\u0119 z cierpieniem i chorob\u0105, a na koniec \u017cycia stan\u0105\u0107 wobec konieczno\u015bci \u015bmierci. Po raz pierwszy z do\u015bwiadczeniem wielkiego cierpienia spotka\u0142 si\u0119 w zwi\u0105zku z zamachem na swoje \u017cycie 13 maja 1981 roku. W ostatnim dniu swojej ziemskiej pielgrzymki, 2 kwietnia 2005 roku, Jan Pawe\u0142 II by\u0142 pe\u0142en wewn\u0119trznego pokoju i poddania si\u0119 woli Bo\u017cej. Jak wspomina kardyna\u0142 Dziwisz, Papie\u017c by\u0142 <strong>\u201ezanurzony w modlitwie, mia\u0142 \u015bwiadomo\u015b\u0107 swojego stanu i tego, co si\u0119 z nim dzieje. Prosi\u0142, \u017ceby czyta\u0107 mu fragmenty Ewangelii wed\u0142ug \u015bw. Jana\u201d.\u00a0<\/strong>Podczas pogrzebu Jana Paw\u0142a II, 8 kwietnia 2005 roku, wiatr silnym podmuchem zamkn\u0105\u0142 ksi\u0119g\u0119 Ewangeliarza znajduj\u0105c\u0105 si\u0119 na jego trumnie. Tak jakby zamkn\u0105\u0142 ksi\u0119g\u0119 jego \u017cycia. Na zako\u0144czenie uroczysto\u015bci wierni zebrani na Placu \u015bw. Piotra wo\u0142ali <strong>\u201eSanto Subito!\u201d \u2013 \u201eNatychmiast \u015bwi\u0119tym!\u201d.<\/strong> W ten spos\u00f3b prosili, aby Ko\u015bci\u00f3\u0142 og\u0142osi\u0142 to, czego sami byli pewni: ten Papie\u017c by\u0142 cz\u0142owiekiem prawdziwie \u015bwi\u0119tym! Cieszymy si\u0119 bardzo, \u017ce 7 maja tego roku \u2013 niemal dok\u0142adnie w setn\u0105 rocznic\u0119 przyj\u015bcia na \u015bwiat Jana Paw\u0142a II \u2013 w bazylice pw. Narodzenia Naj\u015bwi\u0119tszej Maryi Panny w Wadowicach, gdzie zosta\u0142 ochrzczony, za zgod\u0105 Stolicy Apostolskiej rozpocz\u0105\u0142 si\u0119 proces beatyfikacyjny jego Rodzic\u00f3w: S\u0142ug Bo\u017cych Emilii i Karola Wojty\u0142\u00f3w. Wiemy dobrze, \u017ce nie by\u0142oby takiego cz\u0142owieka, kap\u0142ana i biskupa jak Karol Wojty\u0142a, gdyby nie by\u0142o wielkiej wiary jego Rodzic\u00f3w.\u00a0 \u00a0 \u00a0 \u00a0 \u00a0 \u00a0 \u00a0 \u00a0 \u00a0 \u00a0 \u00a0 \u00a0 \u00a0 \u00a0 \u00a0 \u00a0 \u00a0 \u00a0 \u00a0 \u00a0 \u00a0 \u00a0 \u00a0 \u00a0 \u00a0 \u00a0 \u00a0 \u00a0 \u00a0 \u00a0 \u00a0 \u00a0 \u00a0 \u00a0 \u00a0 \u00a0 \u00a0 \u00a0 \u00a0 \u00a0 \u00a0 \u00a0 \u00a0 \u00a0 \u00a0 \u00a0 \u00a0Niech setna rocznica urodzin Papie\u017ca Polaka b\u0119dzie dla nas wezwaniem do braterstwa i jedno\u015bci. Niech b\u0119dzie \u017ar\u00f3d\u0142em nadziei i zaufania Mi\u0142osierdziu Bo\u017cemu. <strong>\u015awi\u0119ty Janie Pawle II\u00a0<\/strong><strong>m\u00f3dl si\u0119 za nami. Amen.\u00a0 \u00a0 \u00a0 \u00a0 \u00a0 \u00a0 \u00a0 \u00a0 \u00a0 \u00a0 \u00a0 \u00a0 \u00a0 \u00a0 \u00a0 \u00a0 \u00a0 \u00a0 \u00a0 \u00a0 \u00a0 \u00a0 \u00a0 \u00a0 \u00a0 \u00a0 \u00a0 \u00a0 \u00a0 \u00a0 \u00a0 \u00a0 \u00a0 \u00a0 \u00a0 \u00a0 \u00a0 \u00a0 \u00a0 \u00a0 \u00a0 \u00a0 \u00a0 \u00a0 \u00a0 \u00a0 \u00a0 \u00a0 \u00a0 \u00a0 \u00a0 \u00a0 \u00a0 \u00a0 \u00a0 \u00a0 \u00a0 \u00a0 \u00a0 \u00a0 \u00a0 \u00a0 \u00a0 \u00a0\u00a0<\/strong><\/li>\n<\/ol>\n<p>Warszawa, 7 maja 2020 r.\u00a0 \u00a0 \u00a0 \u00a0 \u00a0 \u00a0 \u00a0 \u00a0 \u00a0 \u00a0 \u00a0 \u00a0 \u00a0 \u00a0 \u00a0 \u00a0 \u00a0 \u00a0 \u00a0 \u00a0 \u00a0 \u00a0 \u00a0 \u00a0 \u00a0 \u00a0 \u00a0 \u00a0 \u00a0 \u00a0 \u00a0 \u00a0 \u00a0 \u00a0 \u00a0 \u00a0 \u00a0 \u00a0 \u00a0 \u00a0 \u00a0 \u00a0 \u00a0 \u00a0 \u00a0 \u00a0 \u00a0 \u00a0 \u00a0 \u00a0 \u00a0 \u00a0 \u00a0 \u00a0 \u00a0 \u00a0 \u00a0 \u00a0 \u00a0 \u00a0 \u00a0 \u00a0 \u00a0 \u00a0 \u00a0 \u00a0 \u00a0 \u00a0 \u00a0 \u00a0 \u00a0 \u00a0 \u00a0 \u00a0 \u00a0 \u00a0 \u00a0 \u00a0 \u00a0 \u00a0 \u00a0 \u00a0 \u00a0 \u00a0 \u00a0 \u00a0 \u00a0 \u00a0 \u00a0 \u00a0 \u00a0 \u00a0 \u00a0<strong>Podpisali:<\/strong> Abp Stanis\u0142aw G\u0105decki, Przewodnicz\u0105cy Konferencji Episkopatu Polski\u00a0 \u00a0 \u00a0 \u00a0 \u00a0 \u00a0 \u00a0 \u00a0 \u00a0 \u00a0 \u00a0 \u00a0 \u00a0 \u00a0 \u00a0 \u00a0 \u00a0 \u00a0 \u00a0 \u00a0 \u00a0 \u00a0 \u00a0 \u00a0 \u00a0 \u00a0 \u00a0 \u00a0 \u00a0 \u00a0 \u00a0Abp Marek J\u0119draszewski, Wiceprzewodnicz\u0105cy Konferencji Episkopatu Polski\u00a0 \u00a0 \u00a0 \u00a0 \u00a0 \u00a0 \u00a0 \u00a0 \u00a0 \u00a0 \u00a0 \u00a0 \u00a0 \u00a0 \u00a0 \u00a0 \u00a0 \u00a0 \u00a0 \u00a0 \u00a0 \u00a0 \u00a0 \u00a0 \u00a0 \u00a0 \u00a0 \u00a0 \u00a0 \u00a0 \u00a0 \u00a0Bp Artur Nizi\u0144ski, Sekretarz Konferencji Episkopatu Polski.<\/p>\n<p>&nbsp;<\/p>\n","protected":false},"excerpt":{"rendered":"<p>Umi\u0142owani Siostry i Bracia! W tym roku \u015bwi\u0119tujemy setn\u0105 rocznic\u0119 urodzin \u015bw. Jana Paw\u0142a II, kt\u00f3ry przyszed\u0142 na \u015bwiat 18 maja 1920 roku w Wadowicach. Ten wielki \u015bwi\u0119ty wni\u00f3s\u0142 nieoceniony wk\u0142ad w histori\u0119 naszego kraju, Europy, \u015bwiata oraz w histori\u0119 Ko\u015bcio\u0142a powszechnego. O Karolu Wojtyle powiedziano i napisano ju\u017c bardzo wiele, dobrze znana jest r\u00f3wnie\u017c &hellip; <\/p>\n<p><a class=\"more-link btn\" href=\"https:\/\/parafiasmardzewo.pl\/?p=6480\">Kontynuuj czytanie<\/a><\/p>\n","protected":false},"author":2,"featured_media":2984,"comment_status":"open","ping_status":"open","sticky":false,"template":"","format":"standard","meta":[],"categories":[6,1],"tags":[],"_links":{"self":[{"href":"https:\/\/parafiasmardzewo.pl\/index.php?rest_route=\/wp\/v2\/posts\/6480"}],"collection":[{"href":"https:\/\/parafiasmardzewo.pl\/index.php?rest_route=\/wp\/v2\/posts"}],"about":[{"href":"https:\/\/parafiasmardzewo.pl\/index.php?rest_route=\/wp\/v2\/types\/post"}],"author":[{"embeddable":true,"href":"https:\/\/parafiasmardzewo.pl\/index.php?rest_route=\/wp\/v2\/users\/2"}],"replies":[{"embeddable":true,"href":"https:\/\/parafiasmardzewo.pl\/index.php?rest_route=%2Fwp%2Fv2%2Fcomments&post=6480"}],"version-history":[{"count":1,"href":"https:\/\/parafiasmardzewo.pl\/index.php?rest_route=\/wp\/v2\/posts\/6480\/revisions"}],"predecessor-version":[{"id":6481,"href":"https:\/\/parafiasmardzewo.pl\/index.php?rest_route=\/wp\/v2\/posts\/6480\/revisions\/6481"}],"wp:featuredmedia":[{"embeddable":true,"href":"https:\/\/parafiasmardzewo.pl\/index.php?rest_route=\/wp\/v2\/media\/2984"}],"wp:attachment":[{"href":"https:\/\/parafiasmardzewo.pl\/index.php?rest_route=%2Fwp%2Fv2%2Fmedia&parent=6480"}],"wp:term":[{"taxonomy":"category","embeddable":true,"href":"https:\/\/parafiasmardzewo.pl\/index.php?rest_route=%2Fwp%2Fv2%2Fcategories&post=6480"},{"taxonomy":"post_tag","embeddable":true,"href":"https:\/\/parafiasmardzewo.pl\/index.php?rest_route=%2Fwp%2Fv2%2Ftags&post=6480"}],"curies":[{"name":"wp","href":"https:\/\/api.w.org\/{rel}","templated":true}]}}