{"id":6492,"date":"2020-05-23T17:06:26","date_gmt":"2020-05-23T15:06:26","guid":{"rendered":"http:\/\/parafiasmardzewo.pl\/?p=6492"},"modified":"2020-05-23T17:07:15","modified_gmt":"2020-05-23T15:07:15","slug":"duchowa-pielgrzymka-kol-zywego-rozanca","status":"publish","type":"post","link":"https:\/\/parafiasmardzewo.pl\/?p=6492","title":{"rendered":"DUCHOWA PIELGRZYMKA K\u00d3\u0141 \u017bYWEGO R\u00d3\u017bA\u0143CA NA JASN\u0104 G\u00d3R\u0118"},"content":{"rendered":"<p><strong>VIII Og\u00f3lnopolska Pielgrzymka \u017bywego R\u00f3\u017ca\u0144ca na Jasn\u0105 G\u00f3r\u0119 \u2013 5 i 6 VI 2020 r. <\/strong><\/p>\n<p>VIII Og\u00f3lnopolska Pielgrzymka \u017bywego R\u00f3\u017ca\u0144ca na Jasn\u0105 G\u00f3r\u0119 odb\u0119dzie si\u0119 5 i 6 czerwca. Jednak w tym roku ze wzgl\u0119du na pandemi\u0119 koronawirusa b\u0119dzie mia\u0142a charakter duchowy. W pierwszym dniu pielgrzymki wszystkie r\u00f3\u017ce r\u00f3\u017ca\u0144cowe zaproszone s\u0105 do duchowej \u0142\u0105czno\u015bci na modlitwie r\u00f3\u017ca\u0144cowej o godz. 20.20 prowadzonej w Radio Maryja. Kolejne dziesi\u0105tki poprowadz\u0105 m.in. r\u00f3\u017cni przedstawiciele \u017bywego R\u00f3\u017ca\u0144ca. Modlitwa ta b\u0119dzie trwa\u0142a te\u017c w jasnog\u00f3rskiej bazylice dla tych, kt\u00f3rzy przyb\u0119d\u0105 na Jasn\u0105 G\u00f3r\u0119. Transmitowany tego dnia Apel Jasnog\u00f3rski przez Telewizj\u0119 Trwam r\u00f3wnie\u017c zosta\u0142 wpisany jak co roku w program pielgrzymki.<\/p>\n<p>W sobot\u0119 uroczysta Msza \u015bw. sprawowana b\u0119dzie w\u00a0 Kaplicy Cudownego Obrazu o godz. 13.30 (transmisja w Telewizji Trwam) pod przewodnictwem Arcybiskupa Wac\u0142awa Depo, Metropolity Cz\u0119stochowskiego, Delegata KEP ds. \u017bywego R\u00f3\u017ca\u0144ca.<\/p>\n<p>\u017bycz\u0119 owocnego DUCHOWEGO pielgrzymowania.\u00a0 \u00a0 \u00a0 \u00a0 \u00a0 \u00a0 \u00a0 \u00a0 \u00a0 \u00a0 \u00a0 \u00a0 \u00a0 \u00a0 \u00a0 \u00a0 \u00a0 \u00a0 \u00a0 \u00a0 \u00a0 \u00a0 \u00a0 \u00a0 \u00a0 \u00a0 \u00a0 \u00a0 \u00a0 \u00a0 \u00a0 \u00a0 \u00a0 \u00a0 \u00a0 \u00a0 \u00a0 \u00a0 \u00a0 \u00a0 \u00a0 \u00a0 \u00a0 \u00a0 \u00a0 \u00a0 \u00a0 \u00a0 \u00a0 \u00a0 \u00a0 \u00a0 \u00a0 \u00a0 \u00a0 \u00a0 \u00a0 \u00a0 \u00a0 \u00a0 \u00a0 \u00a0 \u00a0 \u00a0Ks. Jacek Gancarek<\/p>\n<p>Moderator Krajowy \u017bywego R\u00f3\u017ca\u0144ca<\/p>\n","protected":false},"excerpt":{"rendered":"<p>VIII Og\u00f3lnopolska Pielgrzymka \u017bywego R\u00f3\u017ca\u0144ca na Jasn\u0105 G\u00f3r\u0119 \u2013 5 i 6 VI 2020 r. VIII Og\u00f3lnopolska Pielgrzymka \u017bywego R\u00f3\u017ca\u0144ca na Jasn\u0105 G\u00f3r\u0119 odb\u0119dzie si\u0119 5 i 6 czerwca. Jednak w tym roku ze wzgl\u0119du na pandemi\u0119 koronawirusa b\u0119dzie mia\u0142a charakter duchowy. W pierwszym dniu pielgrzymki wszystkie r\u00f3\u017ce r\u00f3\u017ca\u0144cowe zaproszone s\u0105 do duchowej \u0142\u0105czno\u015bci na &hellip; <\/p>\n<p><a class=\"more-link btn\" href=\"https:\/\/parafiasmardzewo.pl\/?p=6492\">Kontynuuj czytanie<\/a><\/p>\n","protected":false},"author":2,"featured_media":2836,"comment_status":"open","ping_status":"open","sticky":false,"template":"","format":"standard","meta":[],"categories":[1],"tags":[],"_links":{"self":[{"href":"https:\/\/parafiasmardzewo.pl\/index.php?rest_route=\/wp\/v2\/posts\/6492"}],"collection":[{"href":"https:\/\/parafiasmardzewo.pl\/index.php?rest_route=\/wp\/v2\/posts"}],"about":[{"href":"https:\/\/parafiasmardzewo.pl\/index.php?rest_route=\/wp\/v2\/types\/post"}],"author":[{"embeddable":true,"href":"https:\/\/parafiasmardzewo.pl\/index.php?rest_route=\/wp\/v2\/users\/2"}],"replies":[{"embeddable":true,"href":"https:\/\/parafiasmardzewo.pl\/index.php?rest_route=%2Fwp%2Fv2%2Fcomments&post=6492"}],"version-history":[{"count":2,"href":"https:\/\/parafiasmardzewo.pl\/index.php?rest_route=\/wp\/v2\/posts\/6492\/revisions"}],"predecessor-version":[{"id":6494,"href":"https:\/\/parafiasmardzewo.pl\/index.php?rest_route=\/wp\/v2\/posts\/6492\/revisions\/6494"}],"wp:featuredmedia":[{"embeddable":true,"href":"https:\/\/parafiasmardzewo.pl\/index.php?rest_route=\/wp\/v2\/media\/2836"}],"wp:attachment":[{"href":"https:\/\/parafiasmardzewo.pl\/index.php?rest_route=%2Fwp%2Fv2%2Fmedia&parent=6492"}],"wp:term":[{"taxonomy":"category","embeddable":true,"href":"https:\/\/parafiasmardzewo.pl\/index.php?rest_route=%2Fwp%2Fv2%2Fcategories&post=6492"},{"taxonomy":"post_tag","embeddable":true,"href":"https:\/\/parafiasmardzewo.pl\/index.php?rest_route=%2Fwp%2Fv2%2Ftags&post=6492"}],"curies":[{"name":"wp","href":"https:\/\/api.w.org\/{rel}","templated":true}]}}