{"id":6501,"date":"2020-05-30T16:31:58","date_gmt":"2020-05-30T14:31:58","guid":{"rendered":"http:\/\/parafiasmardzewo.pl\/?p=6501"},"modified":"2020-05-30T16:32:18","modified_gmt":"2020-05-30T14:32:18","slug":"dekret-biskupa-plockiego-w-sprawie-dyspensy","status":"publish","type":"post","link":"https:\/\/parafiasmardzewo.pl\/?p=6501","title":{"rendered":"DEKRET BISKUPA P\u0141OCKIEGO W SPRAWIE DYSPENSY"},"content":{"rendered":"<p>DEKRET\u00a0 \u00a0 \u00a0 \u00a0 \u00a0 \u00a0 \u00a0 \u00a0 \u00a0 \u00a0 \u00a0 \u00a0 \u00a0 \u00a0 \u00a0 \u00a0 \u00a0 \u00a0 \u00a0 \u00a0 \u00a0 \u00a0 \u00a0 \u00a0 \u00a0 \u00a0 \u00a0 \u00a0 \u00a0 \u00a0 \u00a0 \u00a0 \u00a0 \u00a0 \u00a0 \u00a0 \u00a0 \u00a0 \u00a0 \u00a0 \u00a0 \u00a0 \u00a0 \u00a0 \u00a0 \u00a0 \u00a0 \u00a0 \u00a0 \u00a0 \u00a0 \u00a0 \u00a0 \u00a0 \u00a0 \u00a0 \u00a0 \u00a0 \u00a0 \u00a0 \u00a0 \u00a0 \u00a0 \u00a0 \u00a0 \u00a0 \u00a0 \u00a0 \u00a0 \u00a0 \u00a0 \u00a0 \u00a0 \u00a0 \u00a0 \u00a0 \u00a0 \u00a0 \u00a0 \u00a0 \u00a0 \u00a0 \u00a0 \u00a0 \u00a0 \u00a0 \u00a0 \u00a0 \u00a0 \u00a0 \u00a0 \u00a0 \u00a0 \u00a0 \u00a0 \u00a0 \u00a0 \u00a0 \u00a0 \u00a0 \u00a0 \u00a0 \u00a0 \u00a0 \u00a0 \u00a0 \u00a0Biskupa P\u0142ockiego<\/p>\n<p>W zwi\u0105zku z og\u0142oszon\u0105 dnia 27 maja 2020 roku decyzj\u0105 w\u0142adz pa\u0144stwowych dotycz\u0105c\u0105 zniesienia limitu uczestnik\u00f3w zgromadze\u0144 religijnych w ko\u015bcio\u0142ach, co \u2013 de facto \u2013 daje mo\u017cliwo\u015b\u0107 udzia\u0142u w liturgii wszystkim wiernym oraz w zwi\u0105zku z komunikatem Przewodnicz\u0105cego KEP ks. abpa Stanis\u0142awa G\u0105deckiego z dnia 27 maja 2020 r., niniejszym odwo\u0142uj\u0119 og\u00f3ln\u0105 dyspens\u0119 od obowi\u0105zku uczestnictwa we Mszy \u015bw. w niedziele i \u015bwi\u0119ta nakazane, z dnia 17 kwietnia 2020 roku (Nr 867\/2020).<br \/>\nJednocze\u015bnie \u2013 w nawi\u0105zaniu do Zarz\u0105dzenia Rady Sta\u0142ej KEP 1\/2020 z dnia 12 marca 2020 r. \u2013 utrzymuj\u0119 do odwo\u0142ania dyspens\u0119 od obowi\u0105zku uczestnictwa we Mszy \u015bw. w niedziele i \u015bwi\u0119ta nakazane dla: &#8211; os\u00f3b w podesz\u0142ym wieku, &#8211; os\u00f3b z objawami infekcji (np. kaszel, katar, podwy\u017cszona temperatura, itp.), &#8211; os\u00f3b, kt\u00f3re czuj\u0105 obaw\u0119 przed zara\u017ceniem.<br \/>\nPrzypominam r\u00f3wnocze\u015bnie o konieczno\u015bci zachowania w ko\u015bcio\u0142ach obowi\u0105zuj\u0105cych zasad sanitarnych.<\/p>\n<p>P\u0142ock, dnia 28 maja 2020 r.<br \/>\nNr 1117\/2020<\/p>\n<p><em>\u2020 Piotr Libera<\/em><br \/>\n<em>Biskup P\u0142ocki\u00a0<\/em><\/p>\n<p>&nbsp;<\/p>\n","protected":false},"excerpt":{"rendered":"<p>DEKRET\u00a0 \u00a0 \u00a0 \u00a0 \u00a0 \u00a0 \u00a0 \u00a0 \u00a0 \u00a0 \u00a0 \u00a0 \u00a0 \u00a0 \u00a0 \u00a0 \u00a0 \u00a0 \u00a0 \u00a0 \u00a0 \u00a0 \u00a0 \u00a0 \u00a0 \u00a0 \u00a0 \u00a0 \u00a0 \u00a0 \u00a0 \u00a0 \u00a0 \u00a0 \u00a0 \u00a0 \u00a0 \u00a0 \u00a0 \u00a0 \u00a0 \u00a0 \u00a0 \u00a0 \u00a0 \u00a0 \u00a0 \u00a0 \u00a0 \u00a0 \u00a0 \u00a0 \u00a0 \u00a0 \u00a0 &hellip; <\/p>\n<p><a class=\"more-link btn\" href=\"https:\/\/parafiasmardzewo.pl\/?p=6501\">Kontynuuj czytanie<\/a><\/p>\n","protected":false},"author":2,"featured_media":5173,"comment_status":"open","ping_status":"open","sticky":false,"template":"","format":"standard","meta":[],"categories":[6],"tags":[],"_links":{"self":[{"href":"https:\/\/parafiasmardzewo.pl\/index.php?rest_route=\/wp\/v2\/posts\/6501"}],"collection":[{"href":"https:\/\/parafiasmardzewo.pl\/index.php?rest_route=\/wp\/v2\/posts"}],"about":[{"href":"https:\/\/parafiasmardzewo.pl\/index.php?rest_route=\/wp\/v2\/types\/post"}],"author":[{"embeddable":true,"href":"https:\/\/parafiasmardzewo.pl\/index.php?rest_route=\/wp\/v2\/users\/2"}],"replies":[{"embeddable":true,"href":"https:\/\/parafiasmardzewo.pl\/index.php?rest_route=%2Fwp%2Fv2%2Fcomments&post=6501"}],"version-history":[{"count":2,"href":"https:\/\/parafiasmardzewo.pl\/index.php?rest_route=\/wp\/v2\/posts\/6501\/revisions"}],"predecessor-version":[{"id":6503,"href":"https:\/\/parafiasmardzewo.pl\/index.php?rest_route=\/wp\/v2\/posts\/6501\/revisions\/6503"}],"wp:featuredmedia":[{"embeddable":true,"href":"https:\/\/parafiasmardzewo.pl\/index.php?rest_route=\/wp\/v2\/media\/5173"}],"wp:attachment":[{"href":"https:\/\/parafiasmardzewo.pl\/index.php?rest_route=%2Fwp%2Fv2%2Fmedia&parent=6501"}],"wp:term":[{"taxonomy":"category","embeddable":true,"href":"https:\/\/parafiasmardzewo.pl\/index.php?rest_route=%2Fwp%2Fv2%2Fcategories&post=6501"},{"taxonomy":"post_tag","embeddable":true,"href":"https:\/\/parafiasmardzewo.pl\/index.php?rest_route=%2Fwp%2Fv2%2Ftags&post=6501"}],"curies":[{"name":"wp","href":"https:\/\/api.w.org\/{rel}","templated":true}]}}