{"id":6686,"date":"2020-08-08T22:14:16","date_gmt":"2020-08-08T20:14:16","guid":{"rendered":"http:\/\/parafiasmardzewo.pl\/?p=6686"},"modified":"2020-08-08T22:14:16","modified_gmt":"2020-08-08T20:14:16","slug":"apel-przewodniczacego-kep-arcybiskupa-stanislawa-gadeckiego","status":"publish","type":"post","link":"https:\/\/parafiasmardzewo.pl\/?p=6686","title":{"rendered":"Apel Przewodnicz\u0105cego KEP Arcybiskupa Stanis\u0142awa G\u0105deckiego"},"content":{"rendered":"<p><strong>Apel Przewodnicz\u0105cego Konferencji Episkopatu Polski \u00a0\u00a0\u00a0\u00a0\u00a0\u00a0\u00a0\u00a0\u00a0\u00a0\u00a0\u00a0\u00a0\u00a0\u00a0\u00a0\u00a0\u00a0\u00a0\u00a0\u00a0\u00a0\u00a0\u00a0\u00a0\u00a0\u00a0\u00a0<\/strong><\/p>\n<p><strong>\u00a0\u00a0\u00a0\u00a0\u00a0\u00a0\u00a0\u00a0\u00a0\u00a0\u00a0\u00a0\u00a0\u00a0\u00a0\u00a0\u00a0\u00a0\u00a0 Abpa Stanis\u0142awa G\u0105deckiego<\/strong><\/p>\n<p>W ostatnich dniach docieraj\u0105 do nas informacje o wzro\u015bcie zaka\u017ce\u0144 koronawirusem. W poczuciu odpowiedzialno\u015bci za \u017cycie i zdrowie Polak\u00f3w, apeluj\u0119 ponownie do wszystkich wiernych o \u015bcis\u0142e przestrzeganie zalece\u0144 s\u0142u\u017cb sanitarnych, a zw\u0142aszcza o zakrywanie ust i nosa podczas nabo\u017ce\u0144stw religijnych. Apeluj\u0119 do kap\u0142an\u00f3w, aby przypominali uczestnikom zgromadze\u0144 religijnych o tym obowi\u0105zku oraz by stwarzali wiernym mo\u017cliwo\u015b\u0107 przyjmowania Komunii \u015awi\u0119tej na r\u0119k\u0119, wed\u0142ug szczeg\u00f3\u0142owych przepis\u00f3w diecezjalnych. Dzi\u0119kuj\u0119 za konsekwentne i sumienne przestrzeganie zalece\u0144 w ostatnich miesi\u0105cach, dzi\u0119ki czemu parafie \u2013 cho\u0107 w trudniejszych warunkach \u2013 mog\u0105 dalej, bez przeszk\u00f3d prowadzi\u0107 swoj\u0105 aktywno\u015b\u0107 duszpastersk\u0105 i s\u0142u\u017cy\u0107 nam wszystkim. Wakacyjny czas sprzyja wypoczynkowi, podr\u00f3\u017cowaniu i spotkaniom z najbli\u017cszymi, mo\u017ce on jednak os\u0142abi\u0107 nasz\u0105 czujno\u015b\u0107. Epidemia si\u0119 nie sko\u0144czy\u0142a i dlatego \u2013 w trosce o zdrowie wszystkich, zw\u0142aszcza os\u00f3b bardziej nara\u017conych \u2013 prosz\u0119 o roztropno\u015b\u0107 i konsekwentne stosowanie zalece\u0144 sanitarnych.<\/p>\n<p>Na dalszy czas wypoczynku i pracy wszystkim z serca b\u0142ogos\u0142awi\u0119,<\/p>\n<p><em>+ Stanis\u0142aw G\u0105decki<\/em><br \/>\n<em>Arcybiskup Metropolita Pozna\u0144ski<\/em><br \/>\n<em>Przewodnicz\u0105cy Konferencji Episkopatu Polski<\/em><br \/>\n<em>Wiceprzewodnicz\u0105cy Rady Konferencji Episkopat\u00f3w Europy (CCEE)<\/em><\/p>\n<p><strong>ZARZ\u0104DZENIE:<\/strong>\u00a0Apel Przewodnicz\u0105cego Konferencji Episkopatu Polski nale\u017cy odczyta\u0107 wiernym w niedziel\u0119 9 sierpnia br. w ramach og\u0142osze\u0144 duszpasterskich w czasie wszystkich Mszy \u015bw.<br \/>\nP\u0142ock, 7 sierpnia 2020 roku<\/p>\n<p>+ Piotr Libera \u2013 Biskup P\u0142ocki<\/p>\n","protected":false},"excerpt":{"rendered":"<p>Apel Przewodnicz\u0105cego Konferencji Episkopatu Polski \u00a0\u00a0\u00a0\u00a0\u00a0\u00a0\u00a0\u00a0\u00a0\u00a0\u00a0\u00a0\u00a0\u00a0\u00a0\u00a0\u00a0\u00a0\u00a0\u00a0\u00a0\u00a0\u00a0\u00a0\u00a0\u00a0\u00a0\u00a0 \u00a0\u00a0\u00a0\u00a0\u00a0\u00a0\u00a0\u00a0\u00a0\u00a0\u00a0\u00a0\u00a0\u00a0\u00a0\u00a0\u00a0\u00a0\u00a0 Abpa Stanis\u0142awa G\u0105deckiego W ostatnich dniach docieraj\u0105 do nas informacje o wzro\u015bcie zaka\u017ce\u0144 koronawirusem. W poczuciu odpowiedzialno\u015bci za \u017cycie i zdrowie Polak\u00f3w, apeluj\u0119 ponownie do wszystkich wiernych o \u015bcis\u0142e przestrzeganie zalece\u0144 s\u0142u\u017cb sanitarnych, a zw\u0142aszcza o zakrywanie ust i nosa podczas nabo\u017ce\u0144stw religijnych. Apeluj\u0119 do kap\u0142an\u00f3w, aby przypominali &hellip; <\/p>\n<p><a class=\"more-link btn\" href=\"https:\/\/parafiasmardzewo.pl\/?p=6686\">Kontynuuj czytanie<\/a><\/p>\n","protected":false},"author":2,"featured_media":732,"comment_status":"open","ping_status":"open","sticky":false,"template":"","format":"standard","meta":[],"categories":[6],"tags":[],"_links":{"self":[{"href":"https:\/\/parafiasmardzewo.pl\/index.php?rest_route=\/wp\/v2\/posts\/6686"}],"collection":[{"href":"https:\/\/parafiasmardzewo.pl\/index.php?rest_route=\/wp\/v2\/posts"}],"about":[{"href":"https:\/\/parafiasmardzewo.pl\/index.php?rest_route=\/wp\/v2\/types\/post"}],"author":[{"embeddable":true,"href":"https:\/\/parafiasmardzewo.pl\/index.php?rest_route=\/wp\/v2\/users\/2"}],"replies":[{"embeddable":true,"href":"https:\/\/parafiasmardzewo.pl\/index.php?rest_route=%2Fwp%2Fv2%2Fcomments&post=6686"}],"version-history":[{"count":1,"href":"https:\/\/parafiasmardzewo.pl\/index.php?rest_route=\/wp\/v2\/posts\/6686\/revisions"}],"predecessor-version":[{"id":6687,"href":"https:\/\/parafiasmardzewo.pl\/index.php?rest_route=\/wp\/v2\/posts\/6686\/revisions\/6687"}],"wp:featuredmedia":[{"embeddable":true,"href":"https:\/\/parafiasmardzewo.pl\/index.php?rest_route=\/wp\/v2\/media\/732"}],"wp:attachment":[{"href":"https:\/\/parafiasmardzewo.pl\/index.php?rest_route=%2Fwp%2Fv2%2Fmedia&parent=6686"}],"wp:term":[{"taxonomy":"category","embeddable":true,"href":"https:\/\/parafiasmardzewo.pl\/index.php?rest_route=%2Fwp%2Fv2%2Fcategories&post=6686"},{"taxonomy":"post_tag","embeddable":true,"href":"https:\/\/parafiasmardzewo.pl\/index.php?rest_route=%2Fwp%2Fv2%2Ftags&post=6686"}],"curies":[{"name":"wp","href":"https:\/\/api.w.org\/{rel}","templated":true}]}}