{"id":6692,"date":"2020-08-15T22:56:37","date_gmt":"2020-08-15T20:56:37","guid":{"rendered":"http:\/\/parafiasmardzewo.pl\/?p=6692"},"modified":"2020-08-15T22:56:37","modified_gmt":"2020-08-15T20:56:37","slug":"apel-przewodniczacego-kep","status":"publish","type":"post","link":"https:\/\/parafiasmardzewo.pl\/?p=6692","title":{"rendered":"APEL PRZEWODNICZ\u0104CEGO KEP"},"content":{"rendered":"<p><strong>APEL PRZEWODNICZ\u0104CEGO KONFERENCJI EPISKOPATU POLSKI<br \/>\nO POMOC DLA MIESZKA\u0143C\u00d3W BEJRUTU<\/strong><\/p>\n<p>We wtorek dnia 4 sierpnia br. ca\u0142y \u015bwiat obieg\u0142y wstrz\u0105saj\u0105ce relacje z Bejrutu, w kt\u00f3rym dosz\u0142o do pot\u0119\u017cnej eksplozji materia\u0142\u00f3w wybuchowych. Wydarzenie okaza\u0142o si\u0119 tragiczne w skutkach, a skala zniszcze\u0144 \u2013 pora\u017caj\u0105ca. 150 ofiar \u015bmiertelnych (a liczba ci\u0105gle wzrasta), ponad 5tys. rannych i szkody materialne opiewaj\u0105ce ma miliardy dolar\u00f3w.<br \/>\nCierpi\u0105cy mieszka\u0144cy Bejrutu potrzebuj\u0105 naszej modlitwy oraz wsparcia materialnego. Jako Ko\u015bci\u00f3\u0142 w Polsce uruchomili\u015bmy natychmiast dost\u0119pne \u015brodki pomocowe za po\u015brednictwem Caritas Polska. Potrzeby s\u0105 jednak du\u017co wi\u0119ksze. Podobnie jak przychodzili\u015bmy z pomoc\u0105 ofiarom innych tragedii, r\u00f3wnie\u017c teraz chcemy pokaza\u0107 nasze szlachetne polskie serca i w spos\u00f3b konkretny da\u0107 wyraz naszej braterskiej mi\u0142o\u015bci. Zwracam si\u0119 wi\u0119c z gor\u0105cym apelem, aby niedziela 16 sierpnia br. sta\u0142a si\u0119 Dniem solidarno\u015bci z mieszka\u0144cami Bejrutu. Prosz\u0119, aby we wszystkich ko\u015bcio\u0142ach i kaplicach w Polsce, w modlitwie powszechnej doda\u0107 wezwanie za \u017cywe i zmar\u0142e ofiary tragedii. Prosz\u0119 r\u00f3wnie\u017c, aby tego dnia, przed wszystkimi ko\u015bcio\u0142ami i kaplicami w Polsce, po wszystkich Mszach \u015awi\u0119tych zorganizowa\u0107 zbi\u00f3rk\u0119 \u015brodk\u00f3w finansowych, kt\u00f3re za po\u015brednictwem Caritas Polska, zostan\u0105 przekazane na rzecz poszkodowanych.<br \/>\nDzi\u0119kuj\u0119 wszystkim za pomoc ju\u017c ofiarowan\u0105, zw\u0142aszcza polskim stra\u017cakom i medykom, kt\u00f3rzy nazajutrz po tragedii udali si\u0119 na miejsce wypadku, aby \u015bwiadczy\u0107 dora\u017an\u0105 pomoc i walczy\u0107 o zdrowie i \u017cycie ofiar tragedii. Dzi\u0119kuj\u0119 ju\u017c dzi\u015b wszystkim, kt\u00f3rzy solidarnie i dobrodusznie wespr\u0105 ofiary wydarze\u0144 w Bejrucie. Wszystkim z serca b\u0142ogos\u0142awi\u0119,<br \/>\nWarszawa, dnia 7 sierpnia 2020 r.<\/p>\n<p><em>\u2020 Stanis\u0142aw G\u0105decki<\/em><br \/>\n<em>Arcybiskup Metropolita Pozna\u0144ski<\/em><br \/>\n<em>Przewodnicz\u0105cy Konferencji Episkopatu<\/em><\/p>\n<p><strong>ZARZ\u0104DZENIE:<\/strong>\u00a0Zgodnie z Apelem Przewodnicz\u0105cego Konferencji Episkopatu Polski prosz\u0119, aby niedziela 16 sierpnia br. by\u0142a Dniem solidarno\u015bci z mieszka\u0144cami Bejrutu. Zach\u0119cam, aby do\u0142\u0105czy\u0107 do modlitwy powszechnej wezwanie za ofiary tragedii oraz zarz\u0105dzam przed ko\u015bcio\u0142ami zbi\u00f3rk\u0119 pieni\u0119\u017cn\u0105 do puszek na rzecz poszkodowanych. Apel Przewodnicz\u0105cego KEP mo\u017cna wykorzysta\u0107 w og\u0142oszeniach duszpasterskich podczas Mszy \u015bw. w dniu 15 sierpnia br.<\/p>\n<p>Wp\u0142aty zebranych \u015brodk\u00f3w nale\u017cy dokonywa\u0107 na konto Caritas:<\/p>\n<p>77 1160 2202 0000 0000 3436 4384, z dopiskiem Bejrut.<\/p>\n<p>P\u0142ock, dnia 10 sierpnia 2020 r.<\/p>\n<p><em>\u2020 Piotr Libera<\/em><br \/>\n<em>Biskup P\u0142ocki<\/em><\/p>\n","protected":false},"excerpt":{"rendered":"<p>APEL PRZEWODNICZ\u0104CEGO KONFERENCJI EPISKOPATU POLSKI O POMOC DLA MIESZKA\u0143C\u00d3W BEJRUTU We wtorek dnia 4 sierpnia br. ca\u0142y \u015bwiat obieg\u0142y wstrz\u0105saj\u0105ce relacje z Bejrutu, w kt\u00f3rym dosz\u0142o do pot\u0119\u017cnej eksplozji materia\u0142\u00f3w wybuchowych. Wydarzenie okaza\u0142o si\u0119 tragiczne w skutkach, a skala zniszcze\u0144 \u2013 pora\u017caj\u0105ca. 150 ofiar \u015bmiertelnych (a liczba ci\u0105gle wzrasta), ponad 5tys. rannych i szkody materialne &hellip; <\/p>\n<p><a class=\"more-link btn\" href=\"https:\/\/parafiasmardzewo.pl\/?p=6692\">Kontynuuj czytanie<\/a><\/p>\n","protected":false},"author":2,"featured_media":0,"comment_status":"open","ping_status":"open","sticky":false,"template":"","format":"standard","meta":[],"categories":[1],"tags":[],"_links":{"self":[{"href":"https:\/\/parafiasmardzewo.pl\/index.php?rest_route=\/wp\/v2\/posts\/6692"}],"collection":[{"href":"https:\/\/parafiasmardzewo.pl\/index.php?rest_route=\/wp\/v2\/posts"}],"about":[{"href":"https:\/\/parafiasmardzewo.pl\/index.php?rest_route=\/wp\/v2\/types\/post"}],"author":[{"embeddable":true,"href":"https:\/\/parafiasmardzewo.pl\/index.php?rest_route=\/wp\/v2\/users\/2"}],"replies":[{"embeddable":true,"href":"https:\/\/parafiasmardzewo.pl\/index.php?rest_route=%2Fwp%2Fv2%2Fcomments&post=6692"}],"version-history":[{"count":1,"href":"https:\/\/parafiasmardzewo.pl\/index.php?rest_route=\/wp\/v2\/posts\/6692\/revisions"}],"predecessor-version":[{"id":6693,"href":"https:\/\/parafiasmardzewo.pl\/index.php?rest_route=\/wp\/v2\/posts\/6692\/revisions\/6693"}],"wp:attachment":[{"href":"https:\/\/parafiasmardzewo.pl\/index.php?rest_route=%2Fwp%2Fv2%2Fmedia&parent=6692"}],"wp:term":[{"taxonomy":"category","embeddable":true,"href":"https:\/\/parafiasmardzewo.pl\/index.php?rest_route=%2Fwp%2Fv2%2Fcategories&post=6692"},{"taxonomy":"post_tag","embeddable":true,"href":"https:\/\/parafiasmardzewo.pl\/index.php?rest_route=%2Fwp%2Fv2%2Ftags&post=6692"}],"curies":[{"name":"wp","href":"https:\/\/api.w.org\/{rel}","templated":true}]}}