{"id":6865,"date":"2020-09-26T10:49:21","date_gmt":"2020-09-26T08:49:21","guid":{"rendered":"http:\/\/parafiasmardzewo.pl\/?p=6865"},"modified":"2020-09-26T10:49:21","modified_gmt":"2020-09-26T08:49:21","slug":"komunikat-wydzialu-duszpasterskiego-diecezji-plockiej","status":"publish","type":"post","link":"https:\/\/parafiasmardzewo.pl\/?p=6865","title":{"rendered":"KOMUNIKAT WYDZIA\u0141U DUSZPASTERSKIEGO DIECEZJI P\u0141OCKIEJ"},"content":{"rendered":"<p><strong>VI Diecezjalna Pielgrzymka K\u00f3\u0142 \u017bywego R\u00f3\u017ca\u0144ca w Smardzewie<\/strong><br \/>\nW sobot\u0119 10 pa\u017adziernika br., pod has\u0142em \u201eZ r\u00f3\u017ca\u0144cem po ratunek\u201d, odb\u0119dzie si\u0119 VI Diecezjalna Pielgrzymka K\u00f3\u0142 \u017bywego R\u00f3\u017ca\u0144ca do Sanktuarium Matki Bo\u017cej R\u00f3\u017ca\u0144cowej w Smardzewie. Uroczysto\u015bciom b\u0119dzie przewodniczy\u0142 Biskup P\u0142ocki Piotr Libera. Z racji na panuj\u0105c\u0105 pandemi\u0119 koronawirusa zapraszamy wy\u0142\u0105cznie pielgrzym\u00f3w z dekanat\u00f3w: P\u0142o\u0144sk P\u00f3\u0142noc i P\u0142o\u0144sk Po\u0142udnie wraz z duszpasterzami. Wszystkich pragn\u0105cych uczestniczy\u0107 w pielgrzymce zapraszamy do duchowej \u0142\u0105czno\u015bci za po\u015brednictwem fal Katolickiego Radia Diecezji P\u0142ockiej i kana\u0142u You Tube naszej diecezjalnej rozg\u0142o\u015bni.<\/p>\n<p><strong>Program<\/strong><br \/>\n10.00 \u2013 zawi\u0105zanie wsp\u00f3lnoty;<br \/>\n10.15 \u2013 modlitwa r\u00f3\u017ca\u0144cowa \/ mo\u017cliwo\u015b\u0107 spowiedzi;<br \/>\n11.00 \u2013 uroczysta Eucharystia pod przewodnictwem Biskupa P\u0142ockiego Piotra Libery;<br \/>\n12.00 \u2013 adoracja Naj\u015bwi\u0119tszego Sakramentu i Litania loreta\u0144ska do Naj\u015bwi\u0119tszej Maryi Panny.<br \/>\nZe wzgl\u0119du na trwaj\u0105c\u0105 pandemi\u0119 koronawirusa nale\u017cy przestrzega\u0107 obowi\u0105zku zas\u0142aniania ust i nosa maseczk\u0105 przez wszystkich uczestnik\u00f3w zgromadzenia liturgicznego w zamkni\u0119tych obiektach sakralnych. Ponadto nale\u017cy zachowywa\u0107 dystans spo\u0142eczny minimum 1,5 m.<br \/>\nP\u0142ock, dnia 17 wrze\u015bnia 2020 r.<\/p>\n<p><em>Ks. Henryk Dymek<\/em><br \/>\n<em>Diecezjalny Duszpasterz K\u00f3\u0142 \u017bywego R\u00f3\u017ca\u0144ca<\/em><\/p>\n<p><em>Ks. Jaros\u0142aw Kami\u0144ski<\/em><br \/>\n<em>Dyrektor Wydzia\u0142u Duszpasterskiego<\/em><\/p>\n","protected":false},"excerpt":{"rendered":"<p>VI Diecezjalna Pielgrzymka K\u00f3\u0142 \u017bywego R\u00f3\u017ca\u0144ca w Smardzewie W sobot\u0119 10 pa\u017adziernika br., pod has\u0142em \u201eZ r\u00f3\u017ca\u0144cem po ratunek\u201d, odb\u0119dzie si\u0119 VI Diecezjalna Pielgrzymka K\u00f3\u0142 \u017bywego R\u00f3\u017ca\u0144ca do Sanktuarium Matki Bo\u017cej R\u00f3\u017ca\u0144cowej w Smardzewie. Uroczysto\u015bciom b\u0119dzie przewodniczy\u0142 Biskup P\u0142ocki Piotr Libera. Z racji na panuj\u0105c\u0105 pandemi\u0119 koronawirusa zapraszamy wy\u0142\u0105cznie pielgrzym\u00f3w z dekanat\u00f3w: P\u0142o\u0144sk P\u00f3\u0142noc i &hellip; <\/p>\n<p><a class=\"more-link btn\" href=\"https:\/\/parafiasmardzewo.pl\/?p=6865\">Kontynuuj czytanie<\/a><\/p>\n","protected":false},"author":2,"featured_media":0,"comment_status":"open","ping_status":"open","sticky":false,"template":"","format":"standard","meta":[],"categories":[1],"tags":[],"_links":{"self":[{"href":"https:\/\/parafiasmardzewo.pl\/index.php?rest_route=\/wp\/v2\/posts\/6865"}],"collection":[{"href":"https:\/\/parafiasmardzewo.pl\/index.php?rest_route=\/wp\/v2\/posts"}],"about":[{"href":"https:\/\/parafiasmardzewo.pl\/index.php?rest_route=\/wp\/v2\/types\/post"}],"author":[{"embeddable":true,"href":"https:\/\/parafiasmardzewo.pl\/index.php?rest_route=\/wp\/v2\/users\/2"}],"replies":[{"embeddable":true,"href":"https:\/\/parafiasmardzewo.pl\/index.php?rest_route=%2Fwp%2Fv2%2Fcomments&post=6865"}],"version-history":[{"count":1,"href":"https:\/\/parafiasmardzewo.pl\/index.php?rest_route=\/wp\/v2\/posts\/6865\/revisions"}],"predecessor-version":[{"id":6866,"href":"https:\/\/parafiasmardzewo.pl\/index.php?rest_route=\/wp\/v2\/posts\/6865\/revisions\/6866"}],"wp:attachment":[{"href":"https:\/\/parafiasmardzewo.pl\/index.php?rest_route=%2Fwp%2Fv2%2Fmedia&parent=6865"}],"wp:term":[{"taxonomy":"category","embeddable":true,"href":"https:\/\/parafiasmardzewo.pl\/index.php?rest_route=%2Fwp%2Fv2%2Fcategories&post=6865"},{"taxonomy":"post_tag","embeddable":true,"href":"https:\/\/parafiasmardzewo.pl\/index.php?rest_route=%2Fwp%2Fv2%2Ftags&post=6865"}],"curies":[{"name":"wp","href":"https:\/\/api.w.org\/{rel}","templated":true}]}}