{"id":6976,"date":"2020-11-28T11:37:36","date_gmt":"2020-11-28T10:37:36","guid":{"rendered":"http:\/\/parafiasmardzewo.pl\/?p=6976"},"modified":"2020-11-28T11:37:36","modified_gmt":"2020-11-28T10:37:36","slug":"pierwsza-niedziela-adwentu-29-listopada-2020-roku","status":"publish","type":"post","link":"https:\/\/parafiasmardzewo.pl\/?p=6976","title":{"rendered":"PIERWSZA NIEDZIELA ADWENTU &#8211; 29 listopada 2020 roku"},"content":{"rendered":"<p><strong>OG\u0141OSZENIA DUSZPASTERSKIE<\/strong><\/p>\n<ol>\n<li>Dzisiaj rozpoczynamy okres Adwentu, kt\u00f3ry przygotuje nas do uroczysto\u015bci Narodzenia Pa\u0144skiego. To b\u0119dzie drugi rok realizacji w Ko\u015bciele w Polsce programu duszpasterskiego na lata 2019-2022, kt\u00f3rego has\u0142o brzmi: <strong>\u201eEucharystia daje \u017cycie\u201d.<\/strong> Natomiast has\u0142em roku duszpasterskiego 2020\/2021 s\u0105 s\u0142owa <strong>\u201eZgromadzeni na \u015bwi\u0119tej wieczerzy\u201d<\/strong>. Niech to b\u0119dzie dla nas szczeg\u00f3lne zaproszenie i zach\u0119ta, aby\u015bmy zg\u0142\u0119biali celebrowanie Eucharystii w naszej wsp\u00f3lnocie parafialnej. Ono przenosi si\u0119 na celebrowanie obecno\u015bci Pana Jezusa w naszych domowych Ko\u015bcio\u0142ach. Tak dajemy \u015bwiadectwo swojej wiary kszta\u0142towanej przez wsp\u00f3lnot\u0119 mi\u0142o\u015bci z Bogiem, kt\u00f3ry by\u0142, kt\u00f3ry jest i kt\u00f3ry przychodzi.<\/li>\n<li>W Adwencie, tym szczeg\u00f3lnym czasie oczekiwania, towarzyszy nam Maryja. Ona pierwsza odpowiedzia\u0142a Bogu <em>fiat<\/em> i przyj\u0119\u0142a Jego plan. Pragniemy, wpatrzeni w Jej przyk\u0142ad, pod\u0105\u017ca\u0107 na spotkanie z Nim. Ka\u017cdego dnia zach\u0119cam do uczestniczenia w porannej Mszy \u015awi\u0119tej ku czci Naj\u015bwi\u0119tszej Maryi Panny, zwanej roratami (mo\u017cna korzysta\u0107 z Mszy \u015awi\u0119tej transmitowanej przez stacje telewizyjne). W naszym ko\u015bciele b\u0119d\u0105 odprawiane roraty o godz. 16.00, w \u015brody i soboty. Zapraszam wszystkich: doros\u0142ych, m\u0142odzie\u017c, dzieci.<\/li>\n<li>Adwent to czas szczeg\u00f3lnej pracy nad sob\u0105. Zach\u0119cam do podj\u0119cia osobistych wyrzecze\u0144, uporz\u0105dkowania swoich spraw, zatrzymania si\u0119 i g\u0142\u0119bszej refleksji nad swoim post\u0119powaniem, relacjami. <strong>Szczeg\u00f3ln\u0105 okazj\u0105 do tego b\u0119d\u0105 rekolekcje adwentowe, w dniach od 4 do 6 grudnia. Program tych rekolekcji b\u0119dzie troch\u0119 inny ni\u017c w latach ubieg\u0142ych. W pi\u0105tek i sobot\u0119 od\u00a0 9.30 \u2013 10.00 b\u0119dzie wystawienie Naj\u015bwi\u0119tszego Sakramentu i adoracja, oraz mo\u017cliwo\u015b\u0107 korzystania z sakramentu pokuty. O godz. 10.00 b\u0119dzie sprawowana Msza \u015awi\u0119ta. Po po\u0142udniu adoracja b\u0119dzie od godz. 15.30 \u2013 16.00. O godz. 16.00 zostanie odprawiona Msza \u015awi\u0119ta. W sobot\u0119 5 grudnia taki sam program jak w pi\u0105tek. W pi\u0105tek i sobot\u0119 nie b\u0119dzie rekolekcjonisty spoza parafii. W niedziel\u0119 6 grudnia (niedziela) Msze \u015awi\u0119te b\u0119d\u0105 sprawowane o godz. 9.00 -10.45 \u2013 16.00. W niedziel\u0119 kazania b\u0119dzie g\u0142osi\u0142 ks. kan. Andrzej Milewski, z P\u0142ocka. B\u0119dzie te\u017c mo\u017cliwo\u015b\u0107 korzystania z sakramentu pokuty<\/strong>. Przez ca\u0142y Adwent jest mo\u017cliwo\u015b\u0107 korzystania ze spowiedzi przed Msz\u0105 \u015awi\u0119t\u0105.<\/li>\n<li>W tym tygodniu przypadnie pierwszy czwartek, pi\u0105tek i pierwsza sobota miesi\u0105ca. Za tydzie\u0144 niedziela adoracyjna.<\/li>\n<li>W czwartek w Ko\u015bciele powszechnym obchodzimy Dzie\u0144 Misyjny Papieskiej Unii Misyjnej. Pami\u0119tajmy o misjonarzach duchownych i \u015bwieckich, wspierajmy ich duchowo i materialnie oraz pro\u015bmy o nowe powo\u0142ania, by nigdy nie zabrak\u0142o g\u0142osicieli Dobrej Nowiny.<\/li>\n<li>W przysz\u0142\u0105 niedziel\u0119 b\u0119dziemy si\u0119 modli\u0107 w intencji Ko\u015bcio\u0142a na Wschodzie i cz\u0119\u015b\u0107 ofiar z tacy przeznaczymy na pomoc dla tego Ko\u015bcio\u0142a.<\/li>\n<li>Podobnie jak w altach ubieg\u0142ych mo\u017cna w\u0142\u0105czy\u0107 si\u0119 do pi\u0119knej akcji <strong><em>Wigilijne Dzie\u0142o Pomocy Dzieciom.<\/em><\/strong> Ofiarami ze sprzeda\u017cy \u015bwiec wspieramy najbardziej potrzebuj\u0105cych. Cena du\u017cej \u015bwiecy \u2013 12.00 z\u0142, ma\u0142ej \u2013 6.00 z\u0142otych<\/li>\n<li>W tym tygodniu patronuj\u0105 nam:<\/li>\n<\/ol>\n<p>\u2013 w poniedzia\u0142ek 30 listopada \u2013 \u015bw. Andrzej Aposto\u0142, brat Szymona Piotra, nale\u017ca\u0142 do<\/p>\n<p>najbli\u017cszego grona Pana Jezusa;<\/p>\n<p>\u2013 w czwartek 3 grudnia \u2013 \u015bw. Franciszek Ksawery (1506-1552), prezbiter, jezuita,<\/p>\n<p>jeden z najwi\u0119kszych misjonarzy w dziejach Ko\u015bcio\u0142a;<\/p>\n<p>\u2013 w pi\u0105tek 4 grudnia \u2013 \u015bw. Barbara (III\/IV w.), dziewica i m\u0119czennica, patronka<\/p>\n<p>g\u00f3rnik\u00f3w i hutnik\u00f3w oraz bezrobotnych.<\/p>\n<ol start=\"9\">\n<li>Zach\u0119cam do nabycia prasy katolickiej. W <strong><em>Go\u015bciu Niedzielnym<\/em><\/strong> polecam m. innymi: rozmow\u0119 z ojcem Jackiem Salijem, dominikaninem, o skandalach w Ko\u015bciele i odchodzeniu m\u0142odych od wiary.<\/li>\n<\/ol>\n<p>&nbsp;<\/p>\n<p>&nbsp;<\/p>\n","protected":false},"excerpt":{"rendered":"<p>OG\u0141OSZENIA DUSZPASTERSKIE Dzisiaj rozpoczynamy okres Adwentu, kt\u00f3ry przygotuje nas do uroczysto\u015bci Narodzenia Pa\u0144skiego. To b\u0119dzie drugi rok realizacji w Ko\u015bciele w Polsce programu duszpasterskiego na lata 2019-2022, kt\u00f3rego has\u0142o brzmi: \u201eEucharystia daje \u017cycie\u201d. Natomiast has\u0142em roku duszpasterskiego 2020\/2021 s\u0105 s\u0142owa \u201eZgromadzeni na \u015bwi\u0119tej wieczerzy\u201d. Niech to b\u0119dzie dla nas szczeg\u00f3lne zaproszenie i zach\u0119ta, aby\u015bmy zg\u0142\u0119biali &hellip; <\/p>\n<p><a class=\"more-link btn\" href=\"https:\/\/parafiasmardzewo.pl\/?p=6976\">Kontynuuj czytanie<\/a><\/p>\n","protected":false},"author":2,"featured_media":6301,"comment_status":"open","ping_status":"open","sticky":false,"template":"","format":"standard","meta":[],"categories":[1],"tags":[],"_links":{"self":[{"href":"https:\/\/parafiasmardzewo.pl\/index.php?rest_route=\/wp\/v2\/posts\/6976"}],"collection":[{"href":"https:\/\/parafiasmardzewo.pl\/index.php?rest_route=\/wp\/v2\/posts"}],"about":[{"href":"https:\/\/parafiasmardzewo.pl\/index.php?rest_route=\/wp\/v2\/types\/post"}],"author":[{"embeddable":true,"href":"https:\/\/parafiasmardzewo.pl\/index.php?rest_route=\/wp\/v2\/users\/2"}],"replies":[{"embeddable":true,"href":"https:\/\/parafiasmardzewo.pl\/index.php?rest_route=%2Fwp%2Fv2%2Fcomments&post=6976"}],"version-history":[{"count":1,"href":"https:\/\/parafiasmardzewo.pl\/index.php?rest_route=\/wp\/v2\/posts\/6976\/revisions"}],"predecessor-version":[{"id":6977,"href":"https:\/\/parafiasmardzewo.pl\/index.php?rest_route=\/wp\/v2\/posts\/6976\/revisions\/6977"}],"wp:featuredmedia":[{"embeddable":true,"href":"https:\/\/parafiasmardzewo.pl\/index.php?rest_route=\/wp\/v2\/media\/6301"}],"wp:attachment":[{"href":"https:\/\/parafiasmardzewo.pl\/index.php?rest_route=%2Fwp%2Fv2%2Fmedia&parent=6976"}],"wp:term":[{"taxonomy":"category","embeddable":true,"href":"https:\/\/parafiasmardzewo.pl\/index.php?rest_route=%2Fwp%2Fv2%2Fcategories&post=6976"},{"taxonomy":"post_tag","embeddable":true,"href":"https:\/\/parafiasmardzewo.pl\/index.php?rest_route=%2Fwp%2Fv2%2Ftags&post=6976"}],"curies":[{"name":"wp","href":"https:\/\/api.w.org\/{rel}","templated":true}]}}