{"id":6980,"date":"2020-12-05T17:12:20","date_gmt":"2020-12-05T16:12:20","guid":{"rendered":"http:\/\/parafiasmardzewo.pl\/?p=6980"},"modified":"2020-12-05T19:51:45","modified_gmt":"2020-12-05T18:51:45","slug":"druga-niedziela-adwentu-6-grudnia-2020-roku","status":"publish","type":"post","link":"https:\/\/parafiasmardzewo.pl\/?p=6980","title":{"rendered":"DRUGA NIEDZIELA ADWENTU &#8211; 6 grudnia 2020 roku"},"content":{"rendered":"<p><strong>OG\u0141OSZENIA DUSZPASTERSKIE<\/strong><\/p>\n<ol>\n<li>T\u0119 niedziel\u0119 Adwentu prze\u017cywamy jako Dzie\u0144 Modlitwy i Pomocy Materialnej Ko\u015bcio\u0142owi na Wschodzie. Wspierajmy modlitw\u0105 i ofiarami braci i siostry w by\u0142ych krajach Zwi\u0105zku Radzieckiego. Ofiary, wyraz naszej solidarno\u015bci i braterskiej mi\u0142o\u015bci, z\u0142o\u017cymy na tac\u0119, zamiast do puszek. Po\u0142ow\u0119 ofiar z tacy przeznaczymy Ko\u015bcio\u0142owi na Wschodzie.<\/li>\n<li>Dzisiaj wspominamy \u015bw. Miko\u0142aja, biskupa Myry \u017cyj\u0105cego w III i IV w., kt\u00f3ry zas\u0142yn\u0105\u0142 gorliwo\u015bci\u0105 duszpastersk\u0105 i szczeg\u00f3ln\u0105 troskliwo\u015bci\u0105 o potrzeby materialne bli\u017anich. Za jego przyk\u0142adem obdarowujemy si\u0119 drobnymi upominkami, kt\u00f3re s\u0105 wyrazem naszej mi\u0142o\u015bci i przyja\u017ani.<\/li>\n<li>W Adwencie rozwa\u017camy z Maryj\u0105 tajemnic\u0119 wcielenia Bo\u017cego podczas Mszy \u015awi\u0119tej roratnej w \u015brody i soboty o godz 16.00.<\/li>\n<li>We wtorek, 8 grudnia, prze\u017cywamy UROCZYSTO\u015a\u0106 NIEPOKALANEGO POCZ\u0118CIA NMP. Maryja Niepokalanie Pocz\u0119ta tzn. wolna od grzechu pierworodnego (jedyna z ludzi) i wszelkiej zmazy grzechowej. Msza \u015awi\u0119ta b\u0119dzie sprawowana o godz. 16.00, na kt\u00f3r\u0105 serdecznie zapraszam.<\/li>\n<li>W kruchcie ko\u015bcio\u0142a mo\u017cna kupi\u0107 \u015bwiece Caritasu na st\u00f3\u0142 wigilijny. Doch\u00f3d zostanie przeznaczony na Wigilijne Dzie\u0142o Pomocy Dzieciom.<\/li>\n<li>Mieszka\u0144com Smardzewo Kolonia dzi\u0119kuj\u0119 za ofiary, kt\u00f3re z\u0142o\u017cyli na podgrzewanie ko\u015bcio\u0142a.<\/li>\n<li>Je\u015bli kto\u015b chce skorzysta\u0107 z sakramentu pokuty i przyj\u0105\u0107 Komuni\u0119 \u015awi\u0119t\u0105 w domu, z racji choroby, to prosz\u0119 zg\u0142osi\u0107 w zakrystii lub telefonicznie.<\/li>\n<li>Od nast\u0119pnej niedzieli, 13 grudnia, Msze \u015awi\u0119te w naszej \u015bwi\u0105tyni b\u0119d\u0105 sprawowane tylko o godz. 9.00 i 10.45. Do lutego w\u0142\u0105cznie Mszy \u015aw. o godz. 16.00 nie b\u0119dzie.<\/li>\n<li>Zach\u0119cam do nabycia prasy katolickiej.<\/li>\n<li>W miniony poniedzia\u0142ek, 30 listopada, odby\u0142 si\u0119 pogrzeb + ks. Jerzego Godlesia, w jego rodzinnej parafii, w Porz\u0105dziu za Wyszkowem. Ks. Jerzy prze\u017cy\u0142 68 lat, w tym 41 lat w kap\u0142a\u0144stwie. Przez trzy lata pracowa\u0142 w parafii Sarbiewo z\u00a0 bratem, ks. Witoldem Golesiem,\u00a0 prob. par. Sarbiewo. Ks. Jerzy Godle\u015b wiele razy s\u0142u\u017cy\u0142 w naszej parafii w konfesjonale i przy o\u0142tarzu. Pami\u0119tajmy w modlitwach o zmar\u0142ym kap\u0142anie.<\/li>\n<\/ol>\n<p>&nbsp;<\/p>\n<p>&nbsp;<\/p>\n<p>.<\/p>\n<p>&nbsp;<\/p>\n<p>&nbsp;<\/p>\n","protected":false},"excerpt":{"rendered":"<p>OG\u0141OSZENIA DUSZPASTERSKIE T\u0119 niedziel\u0119 Adwentu prze\u017cywamy jako Dzie\u0144 Modlitwy i Pomocy Materialnej Ko\u015bcio\u0142owi na Wschodzie. Wspierajmy modlitw\u0105 i ofiarami braci i siostry w by\u0142ych krajach Zwi\u0105zku Radzieckiego. Ofiary, wyraz naszej solidarno\u015bci i braterskiej mi\u0142o\u015bci, z\u0142o\u017cymy na tac\u0119, zamiast do puszek. Po\u0142ow\u0119 ofiar z tacy przeznaczymy Ko\u015bcio\u0142owi na Wschodzie. Dzisiaj wspominamy \u015bw. Miko\u0142aja, biskupa Myry \u017cyj\u0105cego &hellip; <\/p>\n<p><a class=\"more-link btn\" href=\"https:\/\/parafiasmardzewo.pl\/?p=6980\">Kontynuuj czytanie<\/a><\/p>\n","protected":false},"author":2,"featured_media":6301,"comment_status":"open","ping_status":"open","sticky":false,"template":"","format":"standard","meta":[],"categories":[1],"tags":[],"_links":{"self":[{"href":"https:\/\/parafiasmardzewo.pl\/index.php?rest_route=\/wp\/v2\/posts\/6980"}],"collection":[{"href":"https:\/\/parafiasmardzewo.pl\/index.php?rest_route=\/wp\/v2\/posts"}],"about":[{"href":"https:\/\/parafiasmardzewo.pl\/index.php?rest_route=\/wp\/v2\/types\/post"}],"author":[{"embeddable":true,"href":"https:\/\/parafiasmardzewo.pl\/index.php?rest_route=\/wp\/v2\/users\/2"}],"replies":[{"embeddable":true,"href":"https:\/\/parafiasmardzewo.pl\/index.php?rest_route=%2Fwp%2Fv2%2Fcomments&post=6980"}],"version-history":[{"count":4,"href":"https:\/\/parafiasmardzewo.pl\/index.php?rest_route=\/wp\/v2\/posts\/6980\/revisions"}],"predecessor-version":[{"id":6984,"href":"https:\/\/parafiasmardzewo.pl\/index.php?rest_route=\/wp\/v2\/posts\/6980\/revisions\/6984"}],"wp:featuredmedia":[{"embeddable":true,"href":"https:\/\/parafiasmardzewo.pl\/index.php?rest_route=\/wp\/v2\/media\/6301"}],"wp:attachment":[{"href":"https:\/\/parafiasmardzewo.pl\/index.php?rest_route=%2Fwp%2Fv2%2Fmedia&parent=6980"}],"wp:term":[{"taxonomy":"category","embeddable":true,"href":"https:\/\/parafiasmardzewo.pl\/index.php?rest_route=%2Fwp%2Fv2%2Fcategories&post=6980"},{"taxonomy":"post_tag","embeddable":true,"href":"https:\/\/parafiasmardzewo.pl\/index.php?rest_route=%2Fwp%2Fv2%2Ftags&post=6980"}],"curies":[{"name":"wp","href":"https:\/\/api.w.org\/{rel}","templated":true}]}}