{"id":7007,"date":"2020-12-31T23:39:38","date_gmt":"2020-12-31T22:39:38","guid":{"rendered":"http:\/\/parafiasmardzewo.pl\/?p=7007"},"modified":"2020-12-31T23:41:58","modified_gmt":"2020-12-31T22:41:58","slug":"zyczenia-na-nowy-rok-panski-2021","status":"publish","type":"post","link":"https:\/\/parafiasmardzewo.pl\/?p=7007","title":{"rendered":"\u017bYCZENIA NA NOWY ROK PA\u0143SKI 2021"},"content":{"rendered":"<p>Drodzy Czciciele Matki\u00a0 Bo\u017cej Smardzewskiej i Parafianie Smardzewscy! Uroczysto\u015b\u0107 Bo\u017cej Rodzicielki Maryi, kt\u00f3r\u0105 rozpoczynamy Nowy Rok Pa\u0144ski 2021, ko\u0144czy oktaw\u0119 Narodzenia Pa\u0144skiego. B\u00f3g, kt\u00f3ry wszed\u0142 w \u00f3wczesn\u0105 rzeczywisto\u015b\u0107 rodziny i spo\u0142ecze\u0144stwa, niech sprawi, by ka\u017cdy dzie\u0144 nowego roku by\u0142 pe\u0142en Jego b\u0142ogos\u0142awie\u0144stwa. Niech uczyni nas bardziej kochaj\u0105cymi i otwartymi na Niego i drugiego cz\u0142owieka. \u00a0Maryja, Bo\u017ca Rodzicielka, niech wyprasza nam u Jezusa \u0142ask\u0119 zdrowia i Bo\u017c\u0105 opiek\u0119, w ka\u017cdej sytuacji \u017cyciowej. Bo\u017cego Nowego Roku!\u00a0 \u00a0 \u00a0 \u00a0 \u00a0 \u00a0 \u00a0 \u00a0 \u00a0 \u00a0 \u00a0 \u00a0 \u00a0 \u00a0 \u00a0 \u00a0 \u00a0 \u00a0 \u00a0 \u00a0 \u00a0 \u00a0 \u00a0 \u00a0 \u00a0 \u00a0 \u00a0 \u00a0 \u00a0 \u00a0 \u00a0 \u00a0 \u00a0 \u00a0 \u00a0 \u00a0 \u00a0 \u00a0 \u00a0 \u00a0 \u00a0 \u00a0 \u00a0 \u00a0 \u00a0 \u00a0 \u00a0 \u00a0 \u00a0 \u00a0 \u00a0 \u00a0 \u00a0 \u00a0 \u00a0 \u00a0 \u00a0 \u00a0 \u00a0 \u00a0 \u00a0 \u00a0 \u00a0 \u00a0 \u00a0 \u00a0 \u00a0 \u00a0 \u00a0 \u00a0 \u00a0 \u00a0 \u00a0 \u00a0 \u00a0 \u00a0 \u00a0 \u00a0 \u00a0 \u00a0 \u00a0 \u00a0 \u00a0 \u00a0 \u00a0ks. Henryk<\/p>\n","protected":false},"excerpt":{"rendered":"<p>Drodzy Czciciele Matki\u00a0 Bo\u017cej Smardzewskiej i Parafianie Smardzewscy! Uroczysto\u015b\u0107 Bo\u017cej Rodzicielki Maryi, kt\u00f3r\u0105 rozpoczynamy Nowy Rok Pa\u0144ski 2021, ko\u0144czy oktaw\u0119 Narodzenia Pa\u0144skiego. B\u00f3g, kt\u00f3ry wszed\u0142 w \u00f3wczesn\u0105 rzeczywisto\u015b\u0107 rodziny i spo\u0142ecze\u0144stwa, niech sprawi, by ka\u017cdy dzie\u0144 nowego roku by\u0142 pe\u0142en Jego b\u0142ogos\u0142awie\u0144stwa. Niech uczyni nas bardziej kochaj\u0105cymi i otwartymi na Niego i drugiego cz\u0142owieka. \u00a0Maryja, &hellip; <\/p>\n<p><a class=\"more-link btn\" href=\"https:\/\/parafiasmardzewo.pl\/?p=7007\">Kontynuuj czytanie<\/a><\/p>\n","protected":false},"author":2,"featured_media":4205,"comment_status":"open","ping_status":"open","sticky":false,"template":"","format":"standard","meta":[],"categories":[1],"tags":[],"_links":{"self":[{"href":"https:\/\/parafiasmardzewo.pl\/index.php?rest_route=\/wp\/v2\/posts\/7007"}],"collection":[{"href":"https:\/\/parafiasmardzewo.pl\/index.php?rest_route=\/wp\/v2\/posts"}],"about":[{"href":"https:\/\/parafiasmardzewo.pl\/index.php?rest_route=\/wp\/v2\/types\/post"}],"author":[{"embeddable":true,"href":"https:\/\/parafiasmardzewo.pl\/index.php?rest_route=\/wp\/v2\/users\/2"}],"replies":[{"embeddable":true,"href":"https:\/\/parafiasmardzewo.pl\/index.php?rest_route=%2Fwp%2Fv2%2Fcomments&post=7007"}],"version-history":[{"count":3,"href":"https:\/\/parafiasmardzewo.pl\/index.php?rest_route=\/wp\/v2\/posts\/7007\/revisions"}],"predecessor-version":[{"id":7010,"href":"https:\/\/parafiasmardzewo.pl\/index.php?rest_route=\/wp\/v2\/posts\/7007\/revisions\/7010"}],"wp:featuredmedia":[{"embeddable":true,"href":"https:\/\/parafiasmardzewo.pl\/index.php?rest_route=\/wp\/v2\/media\/4205"}],"wp:attachment":[{"href":"https:\/\/parafiasmardzewo.pl\/index.php?rest_route=%2Fwp%2Fv2%2Fmedia&parent=7007"}],"wp:term":[{"taxonomy":"category","embeddable":true,"href":"https:\/\/parafiasmardzewo.pl\/index.php?rest_route=%2Fwp%2Fv2%2Fcategories&post=7007"},{"taxonomy":"post_tag","embeddable":true,"href":"https:\/\/parafiasmardzewo.pl\/index.php?rest_route=%2Fwp%2Fv2%2Ftags&post=7007"}],"curies":[{"name":"wp","href":"https:\/\/api.w.org\/{rel}","templated":true}]}}