{"id":7059,"date":"2021-02-13T18:19:04","date_gmt":"2021-02-13T17:19:04","guid":{"rendered":"http:\/\/parafiasmardzewo.pl\/?p=7059"},"modified":"2021-02-14T23:14:11","modified_gmt":"2021-02-14T22:14:11","slug":"zaproszenie-biskupa-plockiego-do-udzialu-w-uroczystosciach-90-rocznicy-pierwszego-objawienia-jezusa-milosiernego-w-plocku","status":"publish","type":"post","link":"https:\/\/parafiasmardzewo.pl\/?p=7059","title":{"rendered":"ZAPROSZENIE BISKUPA P\u0141OCKIEGO DO UDZIA\u0141U W UROCZYSTO\u015aCIACH 90. ROCZNICY PIERWSZEGO OBJAWIENIA JEZUSA MI\u0141OSIERNEGO W P\u0141OCKU"},"content":{"rendered":"<p style=\"text-align: right;\">\u201eWymaluj obraz wed\u0142ug rysunku, kt\u00f3ry widzisz, z\u00a0podpisem: Jezu, ufam Tobie. Pragn\u0119, aby ten obraz czczono najpierw w\u00a0kaplicy waszej i\u00a0na\u00a0ca\u0142ym \u015bwiecie. Obiecuj\u0119, \u017ce dusza, kt\u00f3ra czci\u0107 b\u0119dzie ten obraz, nie zginie. Obiecuj\u0119 tak\u017ce, ju\u017c tu na\u00a0ziemi, zwyci\u0119stwo nad\u00a0nieprzyjaci\u00f3\u0142mi, a\u00a0szczeg\u00f3lnie w\u00a0godzin\u0119 \u015bmierci. Ja sam broni\u0107 j\u0105 b\u0119d\u0119 jako swej chwa\u0142y\u201d (Dz. 47-48).<\/p>\n<p style=\"text-align: left;\">Umi\u0142owani Diecezjanie! Obchodzimy w\u00a0bie\u017c\u0105cym roku 90. rocznic\u0119 pierwszego objawienia Jezusa Mi\u0142osiernego Siostrze Faustynie, kt\u00f3re mia\u0142o miejsce 22 lutego 1931 r. w\u00a0klasztorze si\u00f3str Matki Bo\u017cej Mi\u0142osierdzia, w\u00a0P\u0142ocku przy\u00a0Starym Rynku 14. To w\u0142a\u015bnie wtedy pad\u0142y przytoczone wy\u017cej s\u0142owa Jezusa Mi\u0142osiernego. G\u0142\u00f3wne uroczysto\u015bci 90-lecia objawienia odb\u0119d\u0105 si\u0119 w\u00a0Sanktuarium Bo\u017cego Mi\u0142osierdziu w\u00a0P\u0142ocku, w\u00a0dniu 22 lutego 2021 r. o\u00a0godzinie 17.00. Uroczystej Mszy \u015bw. b\u0119dzie wtedy przewodniczy\u0142 ks. Arcybiskup Jan Romeo Paw\u0142owski z\u00a0Watykanu. Z\u00a0racji na\u00a0ograniczenia pandemiczne serdecznie zapraszam Was, moi Drodzy, do\u00a0duchowej \u0142\u0105czno\u015bci z\u00a0Sanktuarium Mi\u0142osierdzia w\u00a0P\u0142ocku za\u00a0pomoc\u0105 Internetu. Msza \u015awi\u0119ta b\u0119dzie transmitowana na\u00a0kanale youtube Sanktuarium oraz na\u00a0kanale youtube Katolickiego Radia Diecezji P\u0142ockiej. Dzie\u0144 wcze\u015bniej, w\u00a0niedziel\u0119 21 lutego br., w\u00a0I\u00a0Niedziel\u0119 Wielkiego Postu, b\u0119d\u0119 przewodniczy\u0142 Mszy \u015awi\u0119tej radiowej w\u00a0ko\u015bciele \u015aw. Krzy\u017ca w\u00a0Warszawie o\u00a0godz. 9.00. Serdecznie zapraszam do\u00a0wsp\u00f3lnej modlitwy. Maj\u0105c na\u00a0uwadze trosk\u0119 o\u00a0to, aby \u201eP\u0142ockie Betlejem Mi\u0142osierdzia\u201d by\u0142o miejscem, gdzie wierni z\u00a0ca\u0142ego \u015bwiata b\u0119d\u0105 mogli z\u00a0ufno\u015bci\u0105 zawierza\u0107 si\u0119 Bo\u017cemu mi\u0142osierdziu i\u00a0do\u015bwiadcza\u0107 wielu \u0142ask, zwracam si\u0119 tak\u017ce z\u00a0pro\u015bb\u0105 do\u00a0wszystkich diecezjan, kap\u0142an\u00f3w i\u00a0wiernych \u015bwieckich, o\u00a0wielkoduszne wsparcie dzie\u0142a rozbudowy diecezjalnego Sanktuarium Bo\u017cego Mi\u0142osierdzia w\u00a0P\u0142ocku. W\u00a0nowej \u015bwi\u0105tyni obecnie trwaj\u0105 prace wyko\u0144czeniowe wewn\u0105trz budynku. Zarz\u0105dzam, aby ofiary zebrane na\u00a0tac\u0119 w\u00a0niedziel\u0119 21 lutego 2021 r., zosta\u0142y w\u00a0ca\u0142o\u015bci przekazane dla Si\u00f3str Bo\u017cego Mi\u0142osierdzia w\u00a0P\u0142ocku na\u00a0rozbudow\u0119 Sanktuarium. Niech zaanga\u017cowanie materialne w\u00a0dzie\u0142o rozbudowy Sanktuarium b\u0119dzie wyrazem naszej wdzi\u0119czno\u015bci za\u00a0to, \u017ce Jezus Mi\u0142osierny wybra\u0142 sobie P\u0142ock, jako miejsce objawienia \u015bwiatu or\u0119dzia o\u00a0niesko\u0144czonym Bo\u017cym mi\u0142osierdziu oraz znakiem naszej wielkoduszno\u015bci. Oby\u015bmy jak najszybciej z\u00a0Bo\u017ca pomoc\u0105 mogli uczestniczy\u0107 w\u00a0po\u015bwi\u0119ceniu nowej \u015bwi\u0105tyni. \u00a0 Ju\u017c teraz sk\u0142adam serdeczne \u201eB\u00f3g zap\u0142a\u0107!\u201d za\u00a0finansowe wsparcie tej szlachetnej inicjatywy.<\/p>\n<p style=\"text-align: right;\">P\u0142ock, dnia 1 lutego 2021 r.<\/p>\n<p>Piotr Libera Biskup P\u0142ocki<\/p>\n","protected":false},"excerpt":{"rendered":"<p>\u201eWymaluj obraz wed\u0142ug rysunku, kt\u00f3ry widzisz, z\u00a0podpisem: Jezu, ufam Tobie. Pragn\u0119, aby ten obraz czczono najpierw w\u00a0kaplicy waszej i\u00a0na\u00a0ca\u0142ym \u015bwiecie. Obiecuj\u0119, \u017ce dusza, kt\u00f3ra czci\u0107 b\u0119dzie ten obraz, nie zginie. Obiecuj\u0119 tak\u017ce, ju\u017c tu na\u00a0ziemi, zwyci\u0119stwo nad\u00a0nieprzyjaci\u00f3\u0142mi, a\u00a0szczeg\u00f3lnie w\u00a0godzin\u0119 \u015bmierci. Ja sam broni\u0107 j\u0105 b\u0119d\u0119 jako swej chwa\u0142y\u201d (Dz. 47-48). Umi\u0142owani Diecezjanie! Obchodzimy w\u00a0bie\u017c\u0105cym roku &hellip; <\/p>\n<p><a class=\"more-link btn\" href=\"https:\/\/parafiasmardzewo.pl\/?p=7059\">Kontynuuj czytanie<\/a><\/p>\n","protected":false},"author":1,"featured_media":6914,"comment_status":"open","ping_status":"open","sticky":false,"template":"","format":"standard","meta":[],"categories":[6],"tags":[],"_links":{"self":[{"href":"https:\/\/parafiasmardzewo.pl\/index.php?rest_route=\/wp\/v2\/posts\/7059"}],"collection":[{"href":"https:\/\/parafiasmardzewo.pl\/index.php?rest_route=\/wp\/v2\/posts"}],"about":[{"href":"https:\/\/parafiasmardzewo.pl\/index.php?rest_route=\/wp\/v2\/types\/post"}],"author":[{"embeddable":true,"href":"https:\/\/parafiasmardzewo.pl\/index.php?rest_route=\/wp\/v2\/users\/1"}],"replies":[{"embeddable":true,"href":"https:\/\/parafiasmardzewo.pl\/index.php?rest_route=%2Fwp%2Fv2%2Fcomments&post=7059"}],"version-history":[{"count":4,"href":"https:\/\/parafiasmardzewo.pl\/index.php?rest_route=\/wp\/v2\/posts\/7059\/revisions"}],"predecessor-version":[{"id":7076,"href":"https:\/\/parafiasmardzewo.pl\/index.php?rest_route=\/wp\/v2\/posts\/7059\/revisions\/7076"}],"wp:featuredmedia":[{"embeddable":true,"href":"https:\/\/parafiasmardzewo.pl\/index.php?rest_route=\/wp\/v2\/media\/6914"}],"wp:attachment":[{"href":"https:\/\/parafiasmardzewo.pl\/index.php?rest_route=%2Fwp%2Fv2%2Fmedia&parent=7059"}],"wp:term":[{"taxonomy":"category","embeddable":true,"href":"https:\/\/parafiasmardzewo.pl\/index.php?rest_route=%2Fwp%2Fv2%2Fcategories&post=7059"},{"taxonomy":"post_tag","embeddable":true,"href":"https:\/\/parafiasmardzewo.pl\/index.php?rest_route=%2Fwp%2Fv2%2Ftags&post=7059"}],"curies":[{"name":"wp","href":"https:\/\/api.w.org\/{rel}","templated":true}]}}