{"id":7155,"date":"2021-05-08T21:07:05","date_gmt":"2021-05-08T19:07:05","guid":{"rendered":"http:\/\/parafiasmardzewo.pl\/?p=7155"},"modified":"2021-05-10T14:22:41","modified_gmt":"2021-05-10T12:22:41","slug":"szosta-niedziela-wielkanocy-9-maja-2021-roku","status":"publish","type":"post","link":"https:\/\/parafiasmardzewo.pl\/?p=7155","title":{"rendered":"SZ\u00d3STA NIEDZIELA WIELKANOCY &#8211; 9 maja 2021 roku"},"content":{"rendered":"<p><strong>OG\u0141OSZENIA DUSZPASTERSKIE<\/strong><\/p>\n<ol>\n<li>Przez ca\u0142y maj codziennie, po Mszy \u015awi\u0119tej o godz. 18.00, nabo\u017ce\u0144stwo majowe. W niedziele po sumie nabo\u017ce\u0144stwo majowe i przed godz. 16.00.<\/li>\n<li>W najbli\u017cszy czwartek, 13 maja, wspomnienie Matki Bo\u017cej Fatimskiej i kolejna rocznica zamachu na Jana Paw\u0142a II w 1981 r. O godz. 19.00 Msza \u015awi\u0119ta i pierwsze w tym roku nabo\u017ce\u0144stwo fatimskie. Serdecznie zapraszam na to nabo\u017ce\u0144stwo.<\/li>\n<li>W pi\u0105tek o godz. 16.00 spowied\u017a rodzic\u00f3w i dzieci pierwszokomunijnych. W czasie ostatniego spotkania w ko\u015bciele by\u0142a podana inna godzina spowiedzi, je\u015bli kto\u015b b\u0119dzie mia\u0142 trudno\u015bci z dostosowaniem si\u0119 do podanej obecnie godziny spowiedzi to prosz\u0119 o kontakt. W najbli\u017csz\u0105 niedziel\u0119, 16 maja o godz. 13.00, uroczysto\u015b\u0107 Pierwszej Komunii \u015awi\u0119tej dzieci, kt\u00f3re ucz\u0119szczaj\u0105\u00a0 do kl. III Szko\u0142y Podstawowej. Otoczmy dzieci i ich rodziny serdeczn\u0105 modlitw\u0105. W \u015brod\u0119 na godz. 18.45 zapraszam rodzic\u00f3w dzieci pierwszokomunijnych do pomocy przy sprz\u0105taniu ko\u015bcio\u0142a.<\/li>\n<li>Tak\u017ce w pi\u0105tek rozpoczniemy nowenn\u0119 przed uroczysto\u015bci\u0105 Zes\u0142ania Ducha \u015awi\u0119tego. 23 maja br. b\u0119dziemy prze\u017cywa\u0107 uroczysto\u015b\u0107 odpustow\u0105 w naszej parafii. M\u00f3dlmy si\u0119, by w ka\u017cdym z nas B\u00f3g odnowi\u0142 dary i charyzmaty. Zach\u0119cam do modlitwy w intencji m\u0142odzie\u017cy, kt\u00f3ra przygotowuje si\u0119 do przyj\u0119cia sakramentu bierzmowania. Bierzmowanie w naszej parafii b\u0119dzie w roku szkolnym 2021\/22. Szczeg\u00f3\u0142owy termin b\u0119dzie podany po wakacjach.<\/li>\n<li>W pi\u0105tek, 14 maja, przypada wspomnienie \u015bw. Macieja, aposto\u0142a, wybranego przez aposto\u0142\u00f3w do ich grona, kt\u00f3ry zaj\u0105\u0142 miejsce Judasza.<\/li>\n<li>Bardzo serdecznie dzi\u0119kuj\u0119 osobom, kt\u00f3re odnowi\u0142y i udekorowa\u0142y figury przydro\u017cne w poszczeg\u00f3lnych wioskach. Mo\u017cna powiedzie\u0107, \u017ce to drobny czyn, ale to pi\u0119kne \u015bwiadectwo naszej wiary. Dzi\u0119kuj\u0119 Pa\u0144stwu Danucie i Henrykowi Kr\u00f3lom za oczyszczenie krzew\u00f3w przy alejce od plebanii do ko\u015bcio\u0142a.<\/li>\n<li>Zach\u0119cam do nabycia prasy katolickiej: <strong><em>Go\u015b\u0107 Niedzielny <\/em><\/strong>i <strong><em>Ma\u0142y Go\u015b\u0107 Niedzielny<\/em><\/strong> (dla m\u0142odzie\u017cy), <strong><em>Rycerz Niepokalanej<\/em><\/strong> i <strong><em>Rycerzyk Niepokalanej<\/em><\/strong> (dla dzieci).<\/li>\n<li>Wszystkim solenizantom i jubilatom tego tygodnia \u017cyczymy obfito\u015bci \u0142ask Bo\u017cych i opieki Matki Naj\u015bwi\u0119tszej na ka\u017cdy dzie\u0144. Mi\u0142ej i b\u0142ogos\u0142awionej niedzieli.<\/li>\n<\/ol>\n<p>&nbsp;<\/p>\n<p>&nbsp;<\/p>\n<p>&nbsp;<\/p>\n<p>&nbsp;<\/p>\n<p>&nbsp;<\/p>\n<p>&nbsp;<\/p>\n<p>&nbsp;<\/p>\n","protected":false},"excerpt":{"rendered":"<p>OG\u0141OSZENIA DUSZPASTERSKIE Przez ca\u0142y maj codziennie, po Mszy \u015awi\u0119tej o godz. 18.00, nabo\u017ce\u0144stwo majowe. W niedziele po sumie nabo\u017ce\u0144stwo majowe i przed godz. 16.00. W najbli\u017cszy czwartek, 13 maja, wspomnienie Matki Bo\u017cej Fatimskiej i kolejna rocznica zamachu na Jana Paw\u0142a II w 1981 r. O godz. 19.00 Msza \u015awi\u0119ta i pierwsze w tym roku nabo\u017ce\u0144stwo &hellip; <\/p>\n<p><a class=\"more-link btn\" href=\"https:\/\/parafiasmardzewo.pl\/?p=7155\">Kontynuuj czytanie<\/a><\/p>\n","protected":false},"author":2,"featured_media":6302,"comment_status":"open","ping_status":"open","sticky":false,"template":"","format":"standard","meta":[],"categories":[1],"tags":[],"_links":{"self":[{"href":"https:\/\/parafiasmardzewo.pl\/index.php?rest_route=\/wp\/v2\/posts\/7155"}],"collection":[{"href":"https:\/\/parafiasmardzewo.pl\/index.php?rest_route=\/wp\/v2\/posts"}],"about":[{"href":"https:\/\/parafiasmardzewo.pl\/index.php?rest_route=\/wp\/v2\/types\/post"}],"author":[{"embeddable":true,"href":"https:\/\/parafiasmardzewo.pl\/index.php?rest_route=\/wp\/v2\/users\/2"}],"replies":[{"embeddable":true,"href":"https:\/\/parafiasmardzewo.pl\/index.php?rest_route=%2Fwp%2Fv2%2Fcomments&post=7155"}],"version-history":[{"count":2,"href":"https:\/\/parafiasmardzewo.pl\/index.php?rest_route=\/wp\/v2\/posts\/7155\/revisions"}],"predecessor-version":[{"id":7160,"href":"https:\/\/parafiasmardzewo.pl\/index.php?rest_route=\/wp\/v2\/posts\/7155\/revisions\/7160"}],"wp:featuredmedia":[{"embeddable":true,"href":"https:\/\/parafiasmardzewo.pl\/index.php?rest_route=\/wp\/v2\/media\/6302"}],"wp:attachment":[{"href":"https:\/\/parafiasmardzewo.pl\/index.php?rest_route=%2Fwp%2Fv2%2Fmedia&parent=7155"}],"wp:term":[{"taxonomy":"category","embeddable":true,"href":"https:\/\/parafiasmardzewo.pl\/index.php?rest_route=%2Fwp%2Fv2%2Fcategories&post=7155"},{"taxonomy":"post_tag","embeddable":true,"href":"https:\/\/parafiasmardzewo.pl\/index.php?rest_route=%2Fwp%2Fv2%2Ftags&post=7155"}],"curies":[{"name":"wp","href":"https:\/\/api.w.org\/{rel}","templated":true}]}}