{"id":7161,"date":"2021-05-15T15:44:51","date_gmt":"2021-05-15T13:44:51","guid":{"rendered":"http:\/\/parafiasmardzewo.pl\/?p=7161"},"modified":"2021-05-15T20:55:09","modified_gmt":"2021-05-15T18:55:09","slug":"wniebowstapienie-panskie-16-maja-2021-roku","status":"publish","type":"post","link":"https:\/\/parafiasmardzewo.pl\/?p=7161","title":{"rendered":"WNIEBOWST\u0104PIENIE PA\u0143SKIE &#8211; 16 maja 2021 roku"},"content":{"rendered":"<p><strong>OG\u0141OSZENIA DUSZPASTERSKIE<\/strong><\/p>\n<ol>\n<li>Uroczysto\u015b\u0107 Wniebowst\u0105pienia Pana Jezusa u\u015bwiadamia nam, \u017ce Chrystus uwielbiony, przebywaj\u0105cy z Bogiem jest r\u00f3wnocze\u015bnie z nami przez wszystkie dni, a\u017c do sko\u0144czenia \u015bwiata. \u017byje w Ko\u015bciele, nieustannie uobecnia si\u0119 w czasie ka\u017cdej Eucharystii. Przyj\u0119cie tej prawdy pomaga nam trwa\u0107 w dzi\u0119kczynieniu i u\u015bwi\u0119ca\u0107 codzienno\u015b\u0107.<\/li>\n<li>Dzisiaj, na Mszy \u015awi\u0119tej o godz. 13.00, dwana\u015bcioro dzieci przyst\u0105pi po raz pierwszy do Komunii \u015awi\u0119tej. \u017byczymy im z ca\u0142ego serca, aby przyja\u017a\u0144 z Jezusem trwa\u0142a zawsze, a \u017cywy przyk\u0142ad wiary oraz wsparcie rodzic\u00f3w i najbli\u017cszych pomaga\u0142o im wzrasta\u0107 w wierze. W Bia\u0142ym Tygodniu dzieci wraz z rodzicami i bliskimi b\u0119d\u0105 przychodzi\u0142y na Msz\u0119 \u015awi\u0119t\u0105 o godz. 18.00 i nabo\u017ce\u0144stwo maryjne, do pi\u0105tku w\u0142\u0105cznie.<\/li>\n<li>Bardzo serdecznie dzi\u0119kuj\u0119 rodzicom dzieci pierwszokomunijnych za pomoc w sprz\u0105taniu ko\u015bcio\u0142a i udekorowanie \u015bwi\u0105tyni kwiatami. Rodzice i dzieci z kl. III i IV ufundowa\u0142y dla naszej parafii dary o\u0142tarza:<strong> tuwalnia<\/strong>\u00a0(welon s\u0142u\u017c\u0105cy do podtrzymywania monstrancji i mitry), <strong>vasculum<\/strong> (naczynie liturgiczne z wod\u0105, zazwyczaj stoj\u0105ce przy tabernakulum. S\u0142u\u017cy do obmywania palc\u00f3w przez szafarza po udzieleniu Komunii \u015awi\u0119tej) i <strong>palka<\/strong>\u00a0(cz\u0119\u015b\u0107 bielizny kielichowej do Mszy \u015awi\u0119tej) . Dzi\u0119kuj\u0119 serdecznie darczy\u0144com.<\/li>\n<li>\u00a023 maja, w Zes\u0142anie Ducha \u015awi\u0119tego w naszej parafii prze\u017cywamy uroczysto\u015b\u0107 odpustow\u0105. Msze \u015awi\u0119te w naszej \u015bwi\u0105tyni b\u0119d\u0105 odprawiane wed\u0142ug nast\u0119puj\u0105cego porz\u0105dku: <strong> 9.00 \u2013 12.00 \u2013 17.00.<\/strong> Nie b\u0119dzie w tym roku pieszych pielgrzymek z s\u0105siednich parafii. Kilku kap\u0142an\u00f3w b\u0119dzie s\u0142u\u017cy\u0107 w konfesjona\u0142ach. Zach\u0119cam do korzystania z sakramentu pokuty i pojednania\u00a0 w \u015bwi\u0105tyni lub na zewn\u0105trz ko\u015bcio\u0142a. Suma odpustowa zostanie odprawiona o godz. 12.00, przy o\u0142tarzu polowym, a nast\u0119pnie b\u0119dzie adoracja Naj\u015bwi\u0119tszego Sakramentu i procesja eucharystyczna wok\u00f3\u0142 \u015bwi\u0105tyni. Zapraszam asyst\u0119 procesyjn\u0105. O godz. 11.30 b\u0119dziemy modli\u0107 si\u0119 na\u00a0 r\u00f3\u017ca\u0144cu. O godz. 16.40 zostanie odprawione nabo\u017ce\u0144stwo majowe. W dugi dzie\u0144 Zielonych \u015awi\u0105tek,\u00a0 w poniedzia\u0142ek 24 maja, prze\u017cywamy \u015bwi\u0119to NMP &#8211; Matki Ko\u015bcio\u0142a. Msze \u015awi\u0119te w tym dniu b\u0119d\u0105 sprawowane o godz. 10.00 i 16.00. Przypominam, \u017ce mamy zachowa\u0107 si\u0119 zgodnie ze wskazaniami pa\u0144stwowymi dotycz\u0105cymi ilo\u015bci wiernych oraz odleg\u0142o\u015bci mi\u0119dzy wiernymi. Na zewn\u0105trz \u015bwi\u0105tyni b\u0119dzie mo\u017cna zaj\u0105\u0107 bezpieczne miejsce na krzes\u0142ach, kt\u00f3re w ostatnim czasie zakupili\u015bmy. Szczeg\u00f3\u0142owy program uroczysto\u015bci odpustowych jest zamieszczony na stronie internetowej naszej parafii i w kruchcie ko\u015bcio\u0142a.<\/li>\n<li>Zach\u0119cam do modlitwy w intencji m\u0142odzie\u017cy, kt\u00f3ra przygotowuje si\u0119 do przyj\u0119cia sakramentu bierzmowania. Bierzmowanie w naszej parafii b\u0119dzie w roku szkolnym 2021\/22. Szczeg\u00f3\u0142owy termin b\u0119dzie podany po wakacjach.<\/li>\n<li>Stefan Godlewski, nasz Pan organista ostrzyg\u0142 tuje, kt\u00f3re upi\u0119kszaj\u0105 teren\u00a0 przy wej\u015bciu do \u015bwi\u0105tyni. Serdeczne B\u00f3g zap\u0142a\u0107 Panu Stefanowi za wykonan\u0105 prac\u0119.<\/li>\n<li>Zach\u0119cam do nabycia prasy katolickiej.<\/li>\n<li>Nasza parafianka, Julia Skwarska, wykona\u0142a projekt na lekcj\u0119 religii, zatytu\u0142owany <strong><em>Sanktuaria maryjne w diecezji p\u0142ockiej.<\/em><\/strong> Autorka wy\u017cej wymienionego projektu tak prezentuje swoj\u0105 prac\u0119: <strong><em>W projekcie \u201eSanktuaria maryjne w diecezji p\u0142ockiej\u201d zosta\u0142o przedstawionych 8 znanych sanktuari\u00f3w naszej diecezji: Koziebrody, Czerwi\u0144sk nad Wis\u0142\u0105, Sierpc, Sk\u0119pe, Obory, \u017buromin, Przasnysz i Smardzewo. Z zebranych informacji i zrobionych zdj\u0119\u0107 powsta\u0142y kr\u00f3tkie filmiki dotycz\u0105ce historii i kultu obraz\u00f3w i figur Matki Bo\u017cej, umieszczonych w wymienionych \u00a0\u015bwi\u0105tyniach. Materia\u0142y te powsta\u0142y celem przedstawienia historii sanktuari\u00f3w, ale r\u00f3wnie\u017c \u00a0zach\u0119cenia do nawiedzenia tych miejsc. Najbardziej zilustrowane zosta\u0142o nasze rodzime, smardzewskie sanktuarium. W dokumencie tym znajduje si\u0119 wywiad z Ksi\u0119dzem Proboszczem i wiele archiwalnych zdj\u0119\u0107 z najwa\u017cniejszych wydarze\u0144, kt\u00f3re mia\u0142y miejsce w naszej \u015bwi\u0105tyni. Chc\u0105c si\u0119 podzieli\u0107 prac\u0105 z wi\u0119ksz\u0105 ilo\u015bci\u0105 odbiorc\u00f3w filmiki b\u0119d\u0105 raz w tygodniu umieszczane na facebookowej stronie naszej parafii. Dzisiaj b\u0119dzie mo\u017cna obejrze\u0107 materia\u0142y dotycz\u0105ce sanktuarium z parafii \u015bw. Jakuba Aposto\u0142a w Koziebrodach i sanktuarium z parafii Zwiastowania Naj\u015bwi\u0119tszej Maryi Panny w Czerwi\u0144sku nad Wis\u0142\u0105.<\/em><\/strong><em>\u00a0 \u00a0 \u00a0 \u00a0 \u00a0 \u00a0 \u00a0<\/em>Zach\u0119cam do obejrzenia filmik\u00f3w i nawiedzenia przynajmniej kilku sanktuari\u00f3w.<\/li>\n<\/ol>\n<p>&nbsp;<\/p>\n<p>&nbsp;<\/p>\n<p>&nbsp;<\/p>\n","protected":false},"excerpt":{"rendered":"<p>OG\u0141OSZENIA DUSZPASTERSKIE Uroczysto\u015b\u0107 Wniebowst\u0105pienia Pana Jezusa u\u015bwiadamia nam, \u017ce Chrystus uwielbiony, przebywaj\u0105cy z Bogiem jest r\u00f3wnocze\u015bnie z nami przez wszystkie dni, a\u017c do sko\u0144czenia \u015bwiata. \u017byje w Ko\u015bciele, nieustannie uobecnia si\u0119 w czasie ka\u017cdej Eucharystii. Przyj\u0119cie tej prawdy pomaga nam trwa\u0107 w dzi\u0119kczynieniu i u\u015bwi\u0119ca\u0107 codzienno\u015b\u0107. Dzisiaj, na Mszy \u015awi\u0119tej o godz. 13.00, dwana\u015bcioro dzieci &hellip; <\/p>\n<p><a class=\"more-link btn\" href=\"https:\/\/parafiasmardzewo.pl\/?p=7161\">Kontynuuj czytanie<\/a><\/p>\n","protected":false},"author":2,"featured_media":6301,"comment_status":"open","ping_status":"open","sticky":false,"template":"","format":"standard","meta":[],"categories":[1],"tags":[],"_links":{"self":[{"href":"https:\/\/parafiasmardzewo.pl\/index.php?rest_route=\/wp\/v2\/posts\/7161"}],"collection":[{"href":"https:\/\/parafiasmardzewo.pl\/index.php?rest_route=\/wp\/v2\/posts"}],"about":[{"href":"https:\/\/parafiasmardzewo.pl\/index.php?rest_route=\/wp\/v2\/types\/post"}],"author":[{"embeddable":true,"href":"https:\/\/parafiasmardzewo.pl\/index.php?rest_route=\/wp\/v2\/users\/2"}],"replies":[{"embeddable":true,"href":"https:\/\/parafiasmardzewo.pl\/index.php?rest_route=%2Fwp%2Fv2%2Fcomments&post=7161"}],"version-history":[{"count":9,"href":"https:\/\/parafiasmardzewo.pl\/index.php?rest_route=\/wp\/v2\/posts\/7161\/revisions"}],"predecessor-version":[{"id":7172,"href":"https:\/\/parafiasmardzewo.pl\/index.php?rest_route=\/wp\/v2\/posts\/7161\/revisions\/7172"}],"wp:featuredmedia":[{"embeddable":true,"href":"https:\/\/parafiasmardzewo.pl\/index.php?rest_route=\/wp\/v2\/media\/6301"}],"wp:attachment":[{"href":"https:\/\/parafiasmardzewo.pl\/index.php?rest_route=%2Fwp%2Fv2%2Fmedia&parent=7161"}],"wp:term":[{"taxonomy":"category","embeddable":true,"href":"https:\/\/parafiasmardzewo.pl\/index.php?rest_route=%2Fwp%2Fv2%2Fcategories&post=7161"},{"taxonomy":"post_tag","embeddable":true,"href":"https:\/\/parafiasmardzewo.pl\/index.php?rest_route=%2Fwp%2Fv2%2Ftags&post=7161"}],"curies":[{"name":"wp","href":"https:\/\/api.w.org\/{rel}","templated":true}]}}