{"id":7212,"date":"2021-05-29T11:06:10","date_gmt":"2021-05-29T09:06:10","guid":{"rendered":"http:\/\/parafiasmardzewo.pl\/?p=7212"},"modified":"2021-05-29T11:06:10","modified_gmt":"2021-05-29T09:06:10","slug":"ix-ogolnopolska-pielgrzymka-zywego-rozanca-na-jasna-gore-4-i-5-vi-21r","status":"publish","type":"post","link":"https:\/\/parafiasmardzewo.pl\/?p=7212","title":{"rendered":"IX OG\u00d3LNOPOLSKA PIELGRZYMKA \u017bYWEGO R\u00d3\u017bA\u0143CA NA JASN\u0104 G\u00d3R\u0118 &#8211; 4 i 5 VI 21r."},"content":{"rendered":"<p><strong>IX OG\u00d3LNOPOLSKA PIELGRZYMKA \u017bYWEGO R\u00d3\u017bA\u0143CA NA JASN\u0104 G\u00d3R\u0118<\/strong><\/p>\n<p><strong>HAS\u0141O:\u00a0\u00a0<\/strong><strong>Z Maryj\u0105, Matk\u0105 nadziei<\/strong><\/p>\n<p><strong>PROGRAM<\/strong><\/p>\n<p><strong>4 czerwca 2021 r. (pi\u0105tek)<\/strong><\/p>\n<ul>\n<li>21.00 \u2013 <em>Apel jasnog\u00f3rski<\/em> \u2013 rozwa\u017canie apelowe: ks. kan. Jacek Gancarek, moderator krajowy<\/li>\n<li>Modlitewne czuwanie \u2013 diecezja radomska, ks. Szymon Mucha<\/li>\n<li>24.00 \u2013 Msza \u015bwi\u0119ta \/liturgia\/homilia \u2013 diecezja radomska, ks. Szymon Mucha<\/li>\n<\/ul>\n<p><strong>5 czerwca 2021 r. (sobota)<\/strong><\/p>\n<p><strong><em>9.30 \u2013 14.00 \u2013 Program przed szczytem jasnog\u00f3rskim<\/em><\/strong><\/p>\n<p>Program prowadz\u0105 \u2013 ks. Zbigniew \u0141uczak z diecezji \u0142owickiej i ks. Mariusz Sobek z diecezji opolskiej<\/p>\n<p><strong>9.30-9.55<\/strong> \u2013 Program s\u0142owno-muzyczny \u2013 ks. Stanis\u0142aw Szczepaniec z arch. krakowskiej<\/p>\n<p><strong>10.00<\/strong> \u2013 Powitanie pielgrzym\u00f3w \u2013 S\u0142owo moderatora krajowego \u017bR ks. Jacka Gancarka<\/p>\n<p><strong>10.15-10.40<\/strong> \u2013 Konferencja \u2013 ks. Stanis\u0142aw Gancarek<\/p>\n<p><strong>10.40-10.45<\/strong> \u2013 Spotkanie z Redakcj\u0105 \u201eR\u00f3\u017ca\u0144ca\u201d \u2013 s. Emmanuela Stachurska CSL<\/p>\n<p><strong>10.45-10.50<\/strong> \u2013 Spotkanie z Papieskimi Dzie\u0142ami Misyjnymi (ks. Maciej B\u0119dzi\u0144ski, dyrektor krajowy PDM)<\/p>\n<p><strong>11.00<\/strong> \u2013 R\u00f3\u017caniec \u2013 tajemnice \u015bwiat\u0142a \u2013 ks. Krzysztof Plewnia<\/p>\n<p>\u2013 Litania do Matki Bo\u017cej nadziei (Modlitwa \u2013z obrazka, pami\u0105tki)<\/p>\n<p><strong>11.30<\/strong>\u00a0\u00a0 \u2013 \u015awiadectwa o \u017bywym R\u00f3\u017ca\u0144cu \u2013 ks. Krzysztof Plewnia<\/p>\n<p><strong>12.00<\/strong> \u2013 <strong>MSZA \u015aWI\u0118TA<\/strong> pod przewodnictwem<strong> bp. Andrzeja Przybylskiego<\/strong><\/p>\n<p><strong>&#8211;\u00a0\u00a0\u00a0\u00a0\u00a0\u00a0\u00a0\u00a0\u00a0\u00a0 Homilia: bp Andrzej Przybylski<\/strong><\/p>\n<p><strong>&#8211; \u00a0\u00a0\u00a0\u00a0\u00a0\u00a0\u00a0\u00a0\u00a0 Przes\u0142anie przed b\u0142ogos\u0142awie\u0144stwem: z listu abp. Wac\u0142awa Depo<\/strong><\/p>\n<p>&nbsp;<\/p>\n","protected":false},"excerpt":{"rendered":"<p>IX OG\u00d3LNOPOLSKA PIELGRZYMKA \u017bYWEGO R\u00d3\u017bA\u0143CA NA JASN\u0104 G\u00d3R\u0118 HAS\u0141O:\u00a0\u00a0Z Maryj\u0105, Matk\u0105 nadziei PROGRAM 4 czerwca 2021 r. (pi\u0105tek) 21.00 \u2013 Apel jasnog\u00f3rski \u2013 rozwa\u017canie apelowe: ks. kan. Jacek Gancarek, moderator krajowy Modlitewne czuwanie \u2013 diecezja radomska, ks. Szymon Mucha 24.00 \u2013 Msza \u015bwi\u0119ta \/liturgia\/homilia \u2013 diecezja radomska, ks. Szymon Mucha 5 czerwca 2021 r. (sobota) &hellip; <\/p>\n<p><a class=\"more-link btn\" href=\"https:\/\/parafiasmardzewo.pl\/?p=7212\">Kontynuuj czytanie<\/a><\/p>\n","protected":false},"author":2,"featured_media":2551,"comment_status":"open","ping_status":"open","sticky":false,"template":"","format":"standard","meta":[],"categories":[1],"tags":[],"_links":{"self":[{"href":"https:\/\/parafiasmardzewo.pl\/index.php?rest_route=\/wp\/v2\/posts\/7212"}],"collection":[{"href":"https:\/\/parafiasmardzewo.pl\/index.php?rest_route=\/wp\/v2\/posts"}],"about":[{"href":"https:\/\/parafiasmardzewo.pl\/index.php?rest_route=\/wp\/v2\/types\/post"}],"author":[{"embeddable":true,"href":"https:\/\/parafiasmardzewo.pl\/index.php?rest_route=\/wp\/v2\/users\/2"}],"replies":[{"embeddable":true,"href":"https:\/\/parafiasmardzewo.pl\/index.php?rest_route=%2Fwp%2Fv2%2Fcomments&post=7212"}],"version-history":[{"count":1,"href":"https:\/\/parafiasmardzewo.pl\/index.php?rest_route=\/wp\/v2\/posts\/7212\/revisions"}],"predecessor-version":[{"id":7213,"href":"https:\/\/parafiasmardzewo.pl\/index.php?rest_route=\/wp\/v2\/posts\/7212\/revisions\/7213"}],"wp:featuredmedia":[{"embeddable":true,"href":"https:\/\/parafiasmardzewo.pl\/index.php?rest_route=\/wp\/v2\/media\/2551"}],"wp:attachment":[{"href":"https:\/\/parafiasmardzewo.pl\/index.php?rest_route=%2Fwp%2Fv2%2Fmedia&parent=7212"}],"wp:term":[{"taxonomy":"category","embeddable":true,"href":"https:\/\/parafiasmardzewo.pl\/index.php?rest_route=%2Fwp%2Fv2%2Fcategories&post=7212"},{"taxonomy":"post_tag","embeddable":true,"href":"https:\/\/parafiasmardzewo.pl\/index.php?rest_route=%2Fwp%2Fv2%2Ftags&post=7212"}],"curies":[{"name":"wp","href":"https:\/\/api.w.org\/{rel}","templated":true}]}}