{"id":7214,"date":"2021-05-29T17:11:00","date_gmt":"2021-05-29T15:11:00","guid":{"rendered":"http:\/\/parafiasmardzewo.pl\/?p=7214"},"modified":"2021-05-29T20:14:34","modified_gmt":"2021-05-29T18:14:34","slug":"najswietszej-trojcy-30-maja-2021-roku","status":"publish","type":"post","link":"https:\/\/parafiasmardzewo.pl\/?p=7214","title":{"rendered":"NAJ\u015aWI\u0118TSZEJ TR\u00d3JCY &#8211; 30 maja 2021 roku"},"content":{"rendered":"<p><strong>OG\u0141OSZENIA DUSZPASTERSKIE<\/strong><\/p>\n<ol>\n<li>Dzisiaj, w uroczysto\u015b\u0107 Tr\u00f3jcy Przenaj\u015bwi\u0119tszej, ze szczeg\u00f3ln\u0105 czci\u0105 Ko\u015bci\u00f3\u0142 wypowiada modlitw\u0119: <strong>\u201eChwa\u0142a Ojcu i Synowi, i Duchowi \u015awi\u0119temu\u2026\u201d.<\/strong> Warto te\u017c zda\u0107 sobie spraw\u0119, \u017ce ile razy \u015bwiadomie i pobo\u017cnie wykonujemy znak krzy\u017ca, modlitewnie wielbimy Tr\u00f3jc\u0119 Przenaj\u015bwi\u0119tsz\u0105 \u2013 jednego Boga w trzech Osobach. Je\u015bli dzisiaj cz\u0142owiekowi, nawet chrze\u015bcijaninowi, trudno poj\u0105\u0107 t\u0119 prawd\u0119, tym bardziej m\u00f3dlmy si\u0119 o Bo\u017c\u0105 m\u0105dro\u015b\u0107 i o \u015bwiat\u0142o Ducha \u015awi\u0119tego.<\/li>\n<li>Dzisiaj te\u017c na Mszy \u015awi\u0119tej o godz. 13.00 uczniowie kl. IV z naszej parafii odnowi\u0105 Przyrzeczenia Chrztu \u015awi\u0119tego. Na Bia\u0142y Tydzie\u0144 zapraszam dzieci w poniedzia\u0142ek (modlitwa w intencji rodzic\u00f3w), wtorek (modlitwa w intencji chrzestnych), pi\u0105tek (modlitwa w intencji dziadk\u00f3w).<\/li>\n<li>Rodzice i dzieci z kl. III i IV ufundowali dla naszej parafii dary o\u0142tarza:<strong> tuwalnie<\/strong> (welon s\u0142u\u017c\u0105cy do podtrzymywania monstrancji i mitry), <strong>vasculum<\/strong> (naczynie liturgiczne z wod\u0105, zazwyczaj stoj\u0105ce przy tabernakulum. S\u0142u\u017cy do obmywania palc\u00f3w przez szafarza po udzieleniu Komunii \u015awi\u0119tej) i <strong>palk\u0119<\/strong> (cz\u0119\u015b\u0107 bielizny kielichowej do Mszy \u015awi\u0119tej) . Bardzo serdecznie dzi\u0119kuj\u0119 za te dary. Dzi\u0119kuj\u0119\u00a0 r\u00f3wnie\u017c za udekorowanie o\u0142tarzy kwiatami na dzisiejsz\u0105 uroczysto\u015b\u0107.<\/li>\n<li>Jutro, 31 maja, przypada \u015awi\u0119to Nawiedzenia NMP i ostatnie nabo\u017ce\u0144stwo majowe.<\/li>\n<li>W czerwcu codziennie po Mszy \u015awi\u0119tej o godz. 18.00 b\u0119dziemy odmawia\u0107 Litani\u0119 do Naj\u015bwi\u0119tszego Serca Pana Jezusa.<\/li>\n<li>W najbli\u017cszy czwartek, 3 czerwca, w liturgii b\u0119dziemy celebrowali uroczysto\u015b\u0107 Naj\u015bwi\u0119tszego Cia\u0142a i Krwi Chrystusa \u2013 Bo\u017ce Cia\u0142o. B\u0119dziemy dzi\u0119kowa\u0107 Bogu za dar Eucharystii, b\u0119dziemy prosi\u0107 Chrystusa o b\u0142ogos\u0142awie\u0144stwo i pok\u00f3j dla Ko\u015bcio\u0142a powszechnego, naszej Ojczyzny i naszego narodu. Udzia\u0142 w procesji eucharystycznej jest publicznym wyznaniem wiary w to, \u017ce Jezus jest w\u015br\u00f3d nas, \u017ce jest w naszym \u017cyciu zawsze obecny. Przygotujmy cztery o\u0142tarze, udekorujmy nasz parafialny wieczernik i nasze domy, a przede wszystkim otw\u00f3rzmy Jezusowi nasze serca, aby mog\u0142o je opromieni\u0107 Jego b\u0142ogos\u0142awie\u0144stwo. Prosz\u0119 o ubranie o\u0142tarzy<strong>: I \u2013 mieszka\u0144cy K\u0119py, II \u2013 mieszka\u0144cy S\u0142oszewa i S\u0142oszewa Kolonii, III \u2013 mieszka\u0144cy Koliszewa P\u00f3\u0142noc i Koliszewa Po\u0142udnie, IV \u2013 mieszka\u0144cy Smardzewa k\/ko\u015bcio\u0142a (od p. Robakiewicz\u00f3w do P. Krystyny G\u0142uszczyk i P. Sobczy\u0144skich). <\/strong>Wierni, obecni na procesji wok\u00f3\u0142 ko\u015bcio\u0142a, niech zachowaj\u0105 odpowiednie odleg\u0142o\u015bci mi\u0119dzy poszczeg\u00f3lnymi osobami.\u00a0 Uroczyst\u0105 liturgi\u0119 tego dnia rozpoczniemy Msz\u0105 \u015awi\u0119t\u0105 sprawowan\u0105 w naszym ko\u015bciele lub przy o\u0142tarzu polowym o godz.10.00. Pierwsza Eucharystia w Bo\u017ce Cia\u0142o b\u0119dzie sprawowana o godz. 8.00. Po po\u0142udniu tego dnia Mszy \u015awi\u0119tej nie b\u0119dzie.<\/li>\n<li>W tym tygodniu przypada pierwszy pi\u0105tek miesi\u0105ca, pierwsza sobota i pierwsza niedziela czerwca. Za tydzie\u0144 na sum\u0119 zapraszam asyst\u0119 procesyjn\u0105, r\u00f3wnie\u017c w czwartek (Bo\u017ce Cia\u0142o) zapraszam asyst\u0119.<\/li>\n<li>4 i 5 czerwca na Jasnej G\u00f3rze odb\u0119dzie si\u0119 IX Og\u00f3lopolska Pielgrzymka K\u00f3\u0142 \u017bywego R\u00f3\u017ca\u0144ca. Cz\u0142onkinie K\u00f3\u0142 R\u00f3\u017ca\u0144cowych naszej parafii prosz\u0119 o modlitewne w\u0142\u0105czenie si\u0119 do tej pielgrzymki. Szczeg\u00f3\u0142owy program pielgrzymki zamieszczony jest na stronie internetowej naszej parafii.<\/li>\n<li>Dzi\u0119kuj\u0119 Panu Bogdanowi Szcze\u015bniewskiemu za przywiezienie krzese\u0142 z Warszawy, kt\u00f3re zakupili\u015bmy dla naszej parafii (100 sztuk). Panu Krzysztofowi Morawskiemu dzi\u0119kuj\u0119 za wykoszenie trawy, na \u201e\u0142\u0105czkach\u201d parafialnych, przed uroczysto\u015bci\u0105 Zes\u0142ania Ducha \u015awi\u0119tego. Pa\u0144stwu Danucie i Henrykowi Kr\u00f3lom dzi\u0119kuj\u0119 za oczyszczenie krzew\u00f3w przy alejce od plebanii do ko\u015bcio\u0142a oraz piel\u0119gnowanie kwiat\u00f3w przy pomnikach za ko\u015bcio\u0142em. Pa\u0144stwu Bernardzie i Wies\u0142awowi Gierkowskim dzi\u0119kuj\u0119 za piel\u0119gnowanie kwiat\u00f3w przed ko\u015bcio\u0142em.<\/li>\n<li>Zach\u0119cam do nabycia prasy katolickiej.<\/li>\n<li>W minionym tygodniu odby\u0142 si\u0119 pogrzeb + Leopolda Ma\u0142achowskiego z K\u0119py, kt\u00f3ry prze\u017cy\u0142 77 lat. Od uczestnik\u00f3w pogrzebu b\u0119dzie odprawionych 8 Mszy \u015awi\u0119tych, w tym 3 intencje od rodzin, kt\u00f3re zam\u00f3wi\u0142y Msze \u015awi\u0119te.<\/li>\n<\/ol>\n","protected":false},"excerpt":{"rendered":"<p>OG\u0141OSZENIA DUSZPASTERSKIE Dzisiaj, w uroczysto\u015b\u0107 Tr\u00f3jcy Przenaj\u015bwi\u0119tszej, ze szczeg\u00f3ln\u0105 czci\u0105 Ko\u015bci\u00f3\u0142 wypowiada modlitw\u0119: \u201eChwa\u0142a Ojcu i Synowi, i Duchowi \u015awi\u0119temu\u2026\u201d. Warto te\u017c zda\u0107 sobie spraw\u0119, \u017ce ile razy \u015bwiadomie i pobo\u017cnie wykonujemy znak krzy\u017ca, modlitewnie wielbimy Tr\u00f3jc\u0119 Przenaj\u015bwi\u0119tsz\u0105 \u2013 jednego Boga w trzech Osobach. Je\u015bli dzisiaj cz\u0142owiekowi, nawet chrze\u015bcijaninowi, trudno poj\u0105\u0107 t\u0119 prawd\u0119, tym bardziej &hellip; <\/p>\n<p><a class=\"more-link btn\" href=\"https:\/\/parafiasmardzewo.pl\/?p=7214\">Kontynuuj czytanie<\/a><\/p>\n","protected":false},"author":2,"featured_media":6301,"comment_status":"open","ping_status":"open","sticky":false,"template":"","format":"standard","meta":[],"categories":[1],"tags":[],"_links":{"self":[{"href":"https:\/\/parafiasmardzewo.pl\/index.php?rest_route=\/wp\/v2\/posts\/7214"}],"collection":[{"href":"https:\/\/parafiasmardzewo.pl\/index.php?rest_route=\/wp\/v2\/posts"}],"about":[{"href":"https:\/\/parafiasmardzewo.pl\/index.php?rest_route=\/wp\/v2\/types\/post"}],"author":[{"embeddable":true,"href":"https:\/\/parafiasmardzewo.pl\/index.php?rest_route=\/wp\/v2\/users\/2"}],"replies":[{"embeddable":true,"href":"https:\/\/parafiasmardzewo.pl\/index.php?rest_route=%2Fwp%2Fv2%2Fcomments&post=7214"}],"version-history":[{"count":4,"href":"https:\/\/parafiasmardzewo.pl\/index.php?rest_route=\/wp\/v2\/posts\/7214\/revisions"}],"predecessor-version":[{"id":7218,"href":"https:\/\/parafiasmardzewo.pl\/index.php?rest_route=\/wp\/v2\/posts\/7214\/revisions\/7218"}],"wp:featuredmedia":[{"embeddable":true,"href":"https:\/\/parafiasmardzewo.pl\/index.php?rest_route=\/wp\/v2\/media\/6301"}],"wp:attachment":[{"href":"https:\/\/parafiasmardzewo.pl\/index.php?rest_route=%2Fwp%2Fv2%2Fmedia&parent=7214"}],"wp:term":[{"taxonomy":"category","embeddable":true,"href":"https:\/\/parafiasmardzewo.pl\/index.php?rest_route=%2Fwp%2Fv2%2Fcategories&post=7214"},{"taxonomy":"post_tag","embeddable":true,"href":"https:\/\/parafiasmardzewo.pl\/index.php?rest_route=%2Fwp%2Fv2%2Ftags&post=7214"}],"curies":[{"name":"wp","href":"https:\/\/api.w.org\/{rel}","templated":true}]}}