{"id":7325,"date":"2021-06-11T15:39:49","date_gmt":"2021-06-11T13:39:49","guid":{"rendered":"http:\/\/parafiasmardzewo.pl\/?p=7325"},"modified":"2021-06-11T15:41:47","modified_gmt":"2021-06-11T13:41:47","slug":"odnowienie-aktu-poswiecenia-narodu-polskiego-nspj","status":"publish","type":"post","link":"https:\/\/parafiasmardzewo.pl\/?p=7325","title":{"rendered":"ODNOWIENIE AKTU PO\u015aWI\u0118CENIA NARODU POLSKIEGO NSPJ"},"content":{"rendered":"<p><strong>ODNOWIENIE AKTU PO\u015aWI\u0118CENIA NARODU POLSKIEGO NAJ\u015aWI\u0118TSZEMU <\/strong><\/p>\n<p><strong>\u00a0\u00a0\u00a0\u00a0\u00a0\u00a0\u00a0\u00a0\u00a0\u00a0\u00a0\u00a0\u00a0\u00a0\u00a0\u00a0\u00a0\u00a0\u00a0\u00a0\u00a0\u00a0\u00a0\u00a0\u00a0\u00a0\u00a0\u00a0\u00a0\u00a0\u00a0\u00a0\u00a0\u00a0\u00a0\u00a0\u00a0\u00a0\u00a0\u00a0 SERCU PANA JEZUSA\u00a0\u00a0\u00a0\u00a0\u00a0\u00a0\u00a0\u00a0\u00a0\u00a0\u00a0\u00a0\u00a0\u00a0\u00a0\u00a0\u00a0\u00a0\u00a0\u00a0\u00a0\u00a0\u00a0\u00a0\u00a0\u00a0\u00a0\u00a0\u00a0\u00a0\u00a0\u00a0\u00a0\u00a0\u00a0\u00a0\u00a0\u00a0\u00a0\u00a0\u00a0\u00a0\u00a0\u00a0\u00a0\u00a0\u00a0\u00a0\u00a0\u00a0\u00a0\u00a0\u00a0\u00a0\u00a0\u00a0\u00a0\u00a0\u00a0\u00a0\u00a0\u00a0\u00a0\u00a0\u00a0\u00a0\u00a0\u00a0\u00a0\u00a0\u00a0\u00a0\u00a0\u00a0\u00a0\u00a0\u00a0\u00a0\u00a0\u00a0\u00a0\u00a0\u00a0\u00a0\u00a0\u00a0\u00a0\u00a0\u00a0\u00a0\u00a0\u00a0\u00a0\u00a0\u00a0\u00a0\u00a0\u00a0\u00a0\u00a0\u00a0\u00a0\u00a0\u00a0\u00a0\u00a0\u00a0 <\/strong><\/p>\n<p>Panie nasz Jezu Chryste, dzi\u015b, tak jak przed\u00a0 stu laty, <strong>\u00a0<\/strong>zbieramy si\u0119 w\u00a0 \u015bwi\u0105tyni po\u015bwi\u0119conej czci Naj\u015bwi\u0119tszego Serca Twego w\u00a0Krakowie. W\u00a0osobach swoich pasterzy, os\u00f3b \u017cycia konsekrowanego i\u00a0wiernych \u2013 staje przed\u00a0Tob\u0105 nar\u00f3d i\u00a0Ko\u015bci\u00f3\u0142 w\u00a0Polsce, aby uroczy\u015bcie ponowi\u0107 akt oddania si\u0119 Twojemu Naj\u015bwi\u0119tszemu Sercu. Podobnie jak nasi przodkowie u\u00a0progu niepodleg\u0142o\u015bci, tak i\u00a0my polecamy Ci dzisiaj Ko\u015bci\u00f3\u0142 i\u00a0Ojczyzn\u0119, dzi\u0119kuj\u0105c za\u00a0dar wolno\u015bci. Oddaj\u0105c si\u0119 Twojemu Naj\u015bwi\u0119tszemu Sercu, prosimy: Przyjd\u017a kr\u00f3lestwo Twoje! A\u00a0w\u00a0\u015blad za\u00a0\u015bw. Janem Paw\u0142em\u00a0II\u00a0wo\u0142amy<strong>: \u201eNiech zst\u0105pi Duch Tw\u00f3j i\u00a0odnowi oblicze ziemi. Tej ziemi!\u201d.<\/strong> W\u00a0 obliczu Twego mi\u0142osierdzia, wyznajemy ze skruch\u0105 nasze grzechy indywidualne i\u00a0 spo\u0142eczne. Przepraszamy za\u00a0brak szacunku dla \u017cycia, tak\u017ce tego najs\u0142abszego, ukrytego pod\u00a0sercem matki. Przepraszamy za\u00a0grzechy wykorzystania seksualnego ma\u0142oletnich, pope\u0142nione zw\u0142aszcza przez niekt\u00f3rych duchownych i\u00a0zwi\u0105zane z\u00a0tym grzechy zaniedbania ich prze\u0142o\u017conych. Przepraszamy za\u00a0na\u0142ogi i\u00a0uzale\u017cnienia, za\u00a0prywat\u0119, partyjnictwo, agresj\u0119 i\u00a0niezdolno\u015b\u0107 do\u00a0dialogu. Przepraszamy za\u00a0brak czci dla tego co \u015bwi\u0119te, w\u00a0tym pr\u00f3by instrumentalnego traktowania religii. \u015awiadomi naszych wad i\u00a0s\u0142abo\u015bci \u2013\u00a0stoj\u0105c wobec nowych i\u00a0trudnych wyzwa\u0144 dla Ko\u015bcio\u0142a i\u00a0Ojczyzny\u00a0\u2013 z\u00a0ufno\u015bci\u0105 wo\u0142amy: Otw\u00f3rz nasze oczy, ulecz chore serca, obmyj to, co brudne, daj \u0142ask\u0119 nawr\u00f3cenia i\u00a0pokuty! Uwolnij nas od\u00a0wzajemnej nienawi\u015bci i\u00a0pogardy, od\u00a0ducha niezgody i\u00a0rani\u0105cych podzia\u0142\u00f3w. Daj nam \u015bwiat\u0142e oczy serca, aby\u015bmy przestali dostrzega\u0107 w\u00a0sobie wzajemnie przeciwnik\u00f3w a\u00a0zobaczyli wsp\u00f3\u0142domownik\u00f3w \u2013 w\u00a0Twoim Domu, a\u00a0tak\u017ce w\u00a0tym domu, kt\u00f3ry ma na\u00a0imi\u0119 Polska. Daj nam \u0142ask\u0119 szczerej mi\u0142o\u015bci do\u00a0 Ciebie, do\u00a0 Ko\u015bcio\u0142a, Ojczyzny i\u00a0 do\u00a0 siebie nawzajem. Zaszczep w\u00a0 nas ducha powszechnego braterstwa. Jezu, uczy\u0144 nasze serca na\u00a0wz\u00f3r Serca Twego, aby\u015bmy umieli traci\u0107 \u017cycie w\u00a0s\u0142u\u017cbie najbardziej potrzebuj\u0105cym, najs\u0142abszym i\u00a0bezbronnym. W\u00a0trudnym czasie pandemii poprowad\u017a nas ku chorym i\u00a0starszym oraz tym, kt\u00f3rzy op\u0142akuj\u0105 swoich zmar\u0142ych. Otw\u00f3rz nasze serca na\u00a0tych, kt\u00f3rzy zostali bole\u015bnie zranieni we wsp\u00f3lnocie Ko\u015bcio\u0142a, aby dzi\u0119ki Twojej \u0142asce ich rany si\u0119 zagoi\u0142y i\u00a0aby ponownie zaznali pokoju.\u00a0 Spraw, aby polskie rodziny w\u00a0Twoim mi\u0142uj\u0105cym sercu znajdowa\u0142y \u017ar\u00f3d\u0142o jedno\u015bci i\u00a0odnowy. Aby by\u0142y ogniskami mi\u0142o\u015bci i\u00a0pokoju, wolnymi od\u00a0zdrady, agresji i\u00a0przemocy, otwartymi na\u00a0przyj\u0119cie nowego \u017cycia oraz zdolnymi do\u00a0przekazu wiary nowym pokoleniom. Otw\u00f3rz serca m\u0142odych, by ich entuzjazm, si\u0142a wiary i\u00a0\u015bwiadectwo nadziei odnawia\u0142o wsp\u00f3lnot\u0119 Ko\u015bcio\u0142a. Naucz nas kontemplowa\u0107 to, co sam stworzy\u0142e\u015b. Naucz nas dba\u0107 o\u00a0pi\u0119kn\u0105 i\u00a0niezniszczon\u0105 ziemi\u0119, aby\u015bmy \u2013\u00a0w\u00a0darze od\u00a0Ciebie \u2013 mogli przekaza\u0107 j\u0105 tym, kt\u00f3rzy przyjd\u0105 po\u00a0nas. Powierzamy Ci ca\u0142e nasze \u017cycie osobiste, rodzinne i\u00a0spo\u0142eczne, kt\u00f3re pragniemy oprze\u0107 na\u00a0trwa\u0142ych zasadach Ewangelii. Podobnie jak przed\u00a0stu laty, w\u00a0pokorze po\u015bwi\u0119camy si\u0119 Twojemu Naj\u015bwi\u0119tszemu Sercu, oddaj\u0105c nasz\u0105 Ojczyzn\u0119 w\u00a0Twoje w\u0142adanie. Z\u00a0ufno\u015bci\u0105 wo\u0142amy: Chwa\u0142a niech b\u0119dzie Naj\u015bwi\u0119tszemu Sercu Twemu, kt\u00f3rym tak bardzo nas umi\u0142owa\u0142e\u015b i\u00a0przez kt\u00f3re prowadzi droga do\u00a0naszego zbawienia. Amen.<\/p>\n","protected":false},"excerpt":{"rendered":"<p>ODNOWIENIE AKTU PO\u015aWI\u0118CENIA NARODU POLSKIEGO NAJ\u015aWI\u0118TSZEMU \u00a0\u00a0\u00a0\u00a0\u00a0\u00a0\u00a0\u00a0\u00a0\u00a0\u00a0\u00a0\u00a0\u00a0\u00a0\u00a0\u00a0\u00a0\u00a0\u00a0\u00a0\u00a0\u00a0\u00a0\u00a0\u00a0\u00a0\u00a0\u00a0\u00a0\u00a0\u00a0\u00a0\u00a0\u00a0\u00a0\u00a0\u00a0\u00a0\u00a0 SERCU PANA JEZUSA\u00a0\u00a0\u00a0\u00a0\u00a0\u00a0\u00a0\u00a0\u00a0\u00a0\u00a0\u00a0\u00a0\u00a0\u00a0\u00a0\u00a0\u00a0\u00a0\u00a0\u00a0\u00a0\u00a0\u00a0\u00a0\u00a0\u00a0\u00a0\u00a0\u00a0\u00a0\u00a0\u00a0\u00a0\u00a0\u00a0\u00a0\u00a0\u00a0\u00a0\u00a0\u00a0\u00a0\u00a0\u00a0\u00a0\u00a0\u00a0\u00a0\u00a0\u00a0\u00a0\u00a0\u00a0\u00a0\u00a0\u00a0\u00a0\u00a0\u00a0\u00a0\u00a0\u00a0\u00a0\u00a0\u00a0\u00a0\u00a0\u00a0\u00a0\u00a0\u00a0\u00a0\u00a0\u00a0\u00a0\u00a0\u00a0\u00a0\u00a0\u00a0\u00a0\u00a0\u00a0\u00a0\u00a0\u00a0\u00a0\u00a0\u00a0\u00a0\u00a0\u00a0\u00a0\u00a0\u00a0\u00a0\u00a0\u00a0\u00a0\u00a0\u00a0\u00a0\u00a0\u00a0\u00a0\u00a0 Panie nasz Jezu Chryste, dzi\u015b, tak jak przed\u00a0 stu laty, \u00a0zbieramy si\u0119 w\u00a0 \u015bwi\u0105tyni po\u015bwi\u0119conej czci Naj\u015bwi\u0119tszego Serca Twego w\u00a0Krakowie. W\u00a0osobach swoich pasterzy, os\u00f3b \u017cycia konsekrowanego i\u00a0wiernych \u2013 staje przed\u00a0Tob\u0105 nar\u00f3d i\u00a0Ko\u015bci\u00f3\u0142 w\u00a0Polsce, aby uroczy\u015bcie ponowi\u0107 akt oddania si\u0119 Twojemu Naj\u015bwi\u0119tszemu Sercu. Podobnie jak nasi &hellip; <\/p>\n<p><a class=\"more-link btn\" href=\"https:\/\/parafiasmardzewo.pl\/?p=7325\">Kontynuuj czytanie<\/a><\/p>\n","protected":false},"author":2,"featured_media":0,"comment_status":"open","ping_status":"open","sticky":false,"template":"","format":"standard","meta":[],"categories":[6],"tags":[],"_links":{"self":[{"href":"https:\/\/parafiasmardzewo.pl\/index.php?rest_route=\/wp\/v2\/posts\/7325"}],"collection":[{"href":"https:\/\/parafiasmardzewo.pl\/index.php?rest_route=\/wp\/v2\/posts"}],"about":[{"href":"https:\/\/parafiasmardzewo.pl\/index.php?rest_route=\/wp\/v2\/types\/post"}],"author":[{"embeddable":true,"href":"https:\/\/parafiasmardzewo.pl\/index.php?rest_route=\/wp\/v2\/users\/2"}],"replies":[{"embeddable":true,"href":"https:\/\/parafiasmardzewo.pl\/index.php?rest_route=%2Fwp%2Fv2%2Fcomments&post=7325"}],"version-history":[{"count":2,"href":"https:\/\/parafiasmardzewo.pl\/index.php?rest_route=\/wp\/v2\/posts\/7325\/revisions"}],"predecessor-version":[{"id":7327,"href":"https:\/\/parafiasmardzewo.pl\/index.php?rest_route=\/wp\/v2\/posts\/7325\/revisions\/7327"}],"wp:attachment":[{"href":"https:\/\/parafiasmardzewo.pl\/index.php?rest_route=%2Fwp%2Fv2%2Fmedia&parent=7325"}],"wp:term":[{"taxonomy":"category","embeddable":true,"href":"https:\/\/parafiasmardzewo.pl\/index.php?rest_route=%2Fwp%2Fv2%2Fcategories&post=7325"},{"taxonomy":"post_tag","embeddable":true,"href":"https:\/\/parafiasmardzewo.pl\/index.php?rest_route=%2Fwp%2Fv2%2Ftags&post=7325"}],"curies":[{"name":"wp","href":"https:\/\/api.w.org\/{rel}","templated":true}]}}