{"id":7374,"date":"2021-07-24T19:13:54","date_gmt":"2021-07-24T17:13:54","guid":{"rendered":"http:\/\/parafiasmardzewo.pl\/?p=7374"},"modified":"2021-07-24T20:27:05","modified_gmt":"2021-07-24T18:27:05","slug":"siedemnasta-niedziela-w-ciagu-roku-25-lipca-2021","status":"publish","type":"post","link":"https:\/\/parafiasmardzewo.pl\/?p=7374","title":{"rendered":"SIEDEMNASTA NIEDZIELA W CI\u0104GU ROKU &#8211; 25 lipca 2021"},"content":{"rendered":"<p><strong>OG\u0141OSZENIA DUSZPASTERSKIE<\/strong><\/p>\n<ol>\n<li>Zgodnie z Apelem Przewodnicz\u0105cego Konferencji Episkopatu Polski w sprawie Dnia Solidarno\u015bci z poszkodowanymi w nawa\u0142nicach w Polsce, Niemczech, Belgii i Holandii, prosz\u0119, aby w parafiach diecezji p\u0142ockiej,\u00a0<strong>niedziela 25 lipca br<\/strong>. by\u0142a Dniem solidarno\u015bci z poszkodowanymi w powodziach i nawa\u0142nicach. Zach\u0119cam, aby do\u0142\u0105czy\u0107 do modlitwy powszechnej wezwanie za poszkodowanych oraz zarz\u0105dzam przed ko\u015bcio\u0142ami zbi\u00f3rk\u0119 pieni\u0119\u017cn\u0105 do puszek na rzecz poszkodowanych. <em>(Zarz\u0105dzenie bpa P\u0142ockiego, Piotra Libery).<\/em><\/li>\n<li>Wspominamy dzi\u015b \u015bw. Krzysztofa, patrona kierowc\u00f3w i podr\u00f3\u017cuj\u0105cych, or\u0119downika w \u015bmiertelnych niebezpiecze\u0144stwach. Po Mszach \u015awi\u0119tych o godz. 9.00 \u2013 10.45 i 16.00 b\u0142ogos\u0142awie\u0144stwo pojazd\u00f3w przed ko\u015bcio\u0142em. Pami\u0119tajmy jednak, \u017ce b\u0142ogos\u0142awie\u0144stwo nie zwalnia nas z obowi\u0105zku zachowania rozs\u0105dku i wyobra\u017ani na drodze. Przy po\u015bwi\u0119ceniu pojazd\u00f3w tradycyjnie b\u0119dziemy zbiera\u0107 ofiary na misje i dla ofiar poszkodowanych z powodu powodzi i nawa\u0142nic. Zbierane ofiary przeznaczymy po po\u0142owie na w\/w cele. B\u0119dzie oczywi\u015bcie\u00a0 tylko jedna zbi\u00f3rka ofiar do puszek przy po\u015bwi\u0119ceniu pojazd\u00f3w.<\/li>\n<li>Decyzj\u0105 Ojca \u015awi\u0119tego Franciszka w ka\u017cd\u0105 czwart\u0105 niedziel\u0119 lipca b\u0119dzie obchodzony \u015awiatowy Dzie\u0144 Dziadk\u00f3w i Os\u00f3b Starszych. Dzisiaj, 25 lipca obchodzimy ten dzie\u0144 po raz pierwszy. Pami\u0119tajmy w osobistych modlitwach o osobach starszych i otoczmy ich \u017cyczliwo\u015bci\u0105 i mo\u017ce konkretn\u0105 pomoc\u0105.<\/li>\n<li>Trwa czas urlop\u00f3w, wakacji dany nam przez Boga, aby\u015bmy zatroszczyli si\u0119 o ubogacenie swojej duchowo\u015bci. Warto rozejrze\u0107 si\u0119 wok\u00f3\u0142, by odkry\u0107 miejsca szczeg\u00f3lnie upodobane przez Boga. Znajd\u017amy czas na budowanie pi\u0119knych relacji z bliskimi. Wakacje to czas \u017cniw, zbior\u00f3w r\u00f3\u017cnych plon\u00f3w. Pami\u0119tajmy o ci\u0119\u017ckiej pracy rolnik\u00f3w, kt\u00f3ra cz\u0119sto nie jest doceniana, a s\u0142u\u017cy nam wszystkim. Szanujmy ich trud.<\/li>\n<li>1 sierpnia b\u0119dziemy obchodzili 77. rocznic\u0119 wybuchu powstania warszawskiego. Pami\u0119tajmy o tych, kt\u00f3rzy oddali \u017cycie za wolno\u015b\u0107 ojczyzny.<\/li>\n<li>Za tydzie\u0144 pierwsza niedziela sierpnia. Na sum\u0119 zapraszam asyst\u0119 procesyjn\u0105.<\/li>\n<li>3 i 4 sierpnia b\u0119dziemy go\u015bci\u0107 pielgrzym\u00f3w z Warmii, kt\u00f3rzy b\u0119d\u0105 pielgrzymowa\u0107 na Jasn\u0105 G\u00f3r\u0119. 3 sierpnia (wtorek) pielgrzymi przyjd\u0105 oko\u0142o godz. 20.00. Kolacje dla p\u0105tnik\u00f3w, w tym dniu, przygotuj\u0105 mieszka\u0144cy Smardzewa. O godz. 21.00 pielgrzymi b\u0119d\u0105 uczestniczy\u0107 w Apelu Jasnog\u00f3rskim, na kt\u00f3ry zapraszam parafian i go\u015bci. 4 sierpnia (\u015broda) o godz. 7.00 b\u0119dzie Msza \u015awi\u0119ta w naszej \u015bwi\u0105tyni dla pielgrzym\u00f3w, na kt\u00f3r\u0105 r\u00f3wnie\u017c zapraszam wszystkich ch\u0119tnych. Po Eucharystii p\u0105tnicy spo\u017cyj\u0105 \u015bniadanie przygotowane przez mieszka\u0144c\u00f3w S\u0142oszewa Kolonii i S\u0142oszewa.<\/li>\n<li>Natomiast 6 sierpnia wyruszy 40. Piesza Pielgrzymka P\u0142ocka na Jasn\u0105 G\u00f3r\u0119. Mo\u017cna ju\u017c zg\u0142osi\u0107 sw\u00f3j udzia\u0142 w pielgrzymce duchowej, tak jak w latach ubieg\u0142ych i otrzyma\u0107 modlitewnik. Je\u015bli kto\u015b pragnie wybra\u0107 si\u0119 na pieszo do Matki Bo\u017cej Jasnog\u00f3rskiej to prosz\u0119 zg\u0142osi\u0107 si\u0119 w kancelarii parafialnej.<\/li>\n<li>15 sierpnia w uroczysto\u015b\u0107 Wniebowzi\u0119cia NMP parafia nasza b\u0119dzie prze\u017cywa\u0107 uroczysto\u015b\u0107 odpustow\u0105. Bardzo prosz\u0119, aby dziewczynki, kt\u00f3re w tym roku przyst\u0105pi\u0142y do Pierwszej Komunii \u015awi\u0119tej wzi\u0119\u0142y udzia\u0142 w strojach komunijnych w procesji eucharystycznej 15 sierpnia. Pro\u015bba do rodzic\u00f3w (szczeg\u00f3lnie mam) tych dzieci, by w sobot\u0119, 31 lipca, przysz\u0142y z dziewczynkami do ko\u015bcio\u0142a o godz.19.00 na spotkanie przygotowuj\u0105ce dzieci do udzia\u0142u w procesji. Zapraszam r\u00f3wnie\u017c dziewczynki z kl. I, II i IV. Dzieci z tych klas r\u00f3wnie\u017c mog\u0105 bra\u0107 udzia\u0142 w procesji eucharystycznej ubrane w bia\u0142e bluzki i granatowe sp\u00f3dniczki.<\/li>\n<li>Zach\u0119cam do nabycia prasy katolickiej.<\/li>\n<li>Wszystkim solenizantom i jubilatom tego tygodnia \u017cyczymy obfito\u015bci \u0142ask Bo\u017cych i opieki Matki Naj\u015bwi\u0119tszej na ka\u017cdy dzie\u0144. Mi\u0142ej i b\u0142ogos\u0142awionej niedzieli.<\/li>\n<\/ol>\n<p>&nbsp;<\/p>\n<p>&nbsp;<\/p>\n<p>&nbsp;<\/p>\n<p>&nbsp;<\/p>\n<p>&nbsp;<\/p>\n","protected":false},"excerpt":{"rendered":"<p>OG\u0141OSZENIA DUSZPASTERSKIE Zgodnie z Apelem Przewodnicz\u0105cego Konferencji Episkopatu Polski w sprawie Dnia Solidarno\u015bci z poszkodowanymi w nawa\u0142nicach w Polsce, Niemczech, Belgii i Holandii, prosz\u0119, aby w parafiach diecezji p\u0142ockiej,\u00a0niedziela 25 lipca br. by\u0142a Dniem solidarno\u015bci z poszkodowanymi w powodziach i nawa\u0142nicach. Zach\u0119cam, aby do\u0142\u0105czy\u0107 do modlitwy powszechnej wezwanie za poszkodowanych oraz zarz\u0105dzam przed ko\u015bcio\u0142ami zbi\u00f3rk\u0119 &hellip; <\/p>\n<p><a class=\"more-link btn\" href=\"https:\/\/parafiasmardzewo.pl\/?p=7374\">Kontynuuj czytanie<\/a><\/p>\n","protected":false},"author":2,"featured_media":6301,"comment_status":"open","ping_status":"open","sticky":false,"template":"","format":"standard","meta":[],"categories":[2],"tags":[],"_links":{"self":[{"href":"https:\/\/parafiasmardzewo.pl\/index.php?rest_route=\/wp\/v2\/posts\/7374"}],"collection":[{"href":"https:\/\/parafiasmardzewo.pl\/index.php?rest_route=\/wp\/v2\/posts"}],"about":[{"href":"https:\/\/parafiasmardzewo.pl\/index.php?rest_route=\/wp\/v2\/types\/post"}],"author":[{"embeddable":true,"href":"https:\/\/parafiasmardzewo.pl\/index.php?rest_route=\/wp\/v2\/users\/2"}],"replies":[{"embeddable":true,"href":"https:\/\/parafiasmardzewo.pl\/index.php?rest_route=%2Fwp%2Fv2%2Fcomments&post=7374"}],"version-history":[{"count":2,"href":"https:\/\/parafiasmardzewo.pl\/index.php?rest_route=\/wp\/v2\/posts\/7374\/revisions"}],"predecessor-version":[{"id":7376,"href":"https:\/\/parafiasmardzewo.pl\/index.php?rest_route=\/wp\/v2\/posts\/7374\/revisions\/7376"}],"wp:featuredmedia":[{"embeddable":true,"href":"https:\/\/parafiasmardzewo.pl\/index.php?rest_route=\/wp\/v2\/media\/6301"}],"wp:attachment":[{"href":"https:\/\/parafiasmardzewo.pl\/index.php?rest_route=%2Fwp%2Fv2%2Fmedia&parent=7374"}],"wp:term":[{"taxonomy":"category","embeddable":true,"href":"https:\/\/parafiasmardzewo.pl\/index.php?rest_route=%2Fwp%2Fv2%2Fcategories&post=7374"},{"taxonomy":"post_tag","embeddable":true,"href":"https:\/\/parafiasmardzewo.pl\/index.php?rest_route=%2Fwp%2Fv2%2Ftags&post=7374"}],"curies":[{"name":"wp","href":"https:\/\/api.w.org\/{rel}","templated":true}]}}