{"id":7380,"date":"2021-07-31T20:08:57","date_gmt":"2021-07-31T18:08:57","guid":{"rendered":"http:\/\/parafiasmardzewo.pl\/?p=7380"},"modified":"2021-08-01T13:29:10","modified_gmt":"2021-08-01T11:29:10","slug":"osiemnasta-niedziela-w-ciagu-roku-1-sierpnia-2021","status":"publish","type":"post","link":"https:\/\/parafiasmardzewo.pl\/?p=7380","title":{"rendered":"OSIEMNASTA NIEDZIELA W CI\u0104GU ROKU &#8211; 1 sierpnia 2021"},"content":{"rendered":"<p><strong>OG\u0141OSZENIA DUSZPASTERSKIE<\/strong><\/p>\n<ol>\n<li>Dzi\u015b, w pierwsz\u0105 niedziel\u0119 miesi\u0105ca, po sumie b\u0119dzie adoracja Naj\u015bwi\u0119tszego Sakramentu i procesja eucharystyczna wok\u00f3\u0142 ko\u015bcio\u0142a.<\/li>\n<li>\u201ePowstanie warszawskie to nie tylko wspomnienie, to ca\u0142e nasze \u017cycie\u201d \u2013 powiedzia\u0142 ks. bp Edward Materski, kt\u00f3ry uczestniczy\u0142 w nim jako seminarzysta i ni\u00f3s\u0142 pomoc duszpastersk\u0105. M\u00f3dlmy si\u0119 za wszystkich, kt\u00f3rzy przez 63 dni powstania warszawskiego walczyli o wolno\u015b\u0107 Warszawy i ojczyzny. Pami\u0119tajmy o nich.<\/li>\n<li>Jutro, 2 sierpnia, mo\u017cemy uzyska\u0107 odpust zupe\u0142ny Porcjunkuli, zwi\u0105zany ze \u015bw. Franciszkiem z Asy\u017cu. Aby uzyska\u0107 odpust, nale\u017cy: pobo\u017cnie nawiedzi\u0107 ko\u015bci\u00f3\u0142, odm\u00f3wi\u0107 w nim modlitw\u0119 <em>Ojcze nasz<\/em> i wyznanie wiary, by\u0107 w stanie \u0142aski u\u015bwi\u0119caj\u0105cej, przyj\u0105\u0107 Komuni\u0119 \u015awi\u0119t\u0105, pomodli\u0107 si\u0119 w intencjach wyznaczonych przez papie\u017ca, wykluczy\u0107 przywi\u0105zanie do jakiegokolwiek grzechu.<\/li>\n<li>W tym tygodniu przypada pierwszy czwartek, pierwszy pi\u0105tek (okazja do spowiedzi i Komunii \u015awi\u0119tej wynagradzaj\u0105cej Naj\u015bwi\u0119tszemu Sercu Jezusowemu) i pierwsza sobota miesi\u0105ca. W pi\u0105tek adoracja Naj\u015bwi\u0119tszego sakramentu od godz. 17.00 \u2013 18.00 i mo\u017cliwo\u015b\u0107 korzystania z sakramentu pokuty, a w sobot\u0119 o godz. 7.30 Msza \u015awi\u0119ta o Niepokalanym Sercu Naj\u015bwi\u0119tszej Maryi Panny. Pami\u0119tajmy, \u017ce takich b\u0119dziemy mieli kap\u0142an\u00f3w, o jakich b\u0119dziemy si\u0119 modlili i jakich b\u0119dziemy wspierali modlitw\u0105. Dzi\u0119kuj\u0119 serdecznie wszystkim, kt\u00f3rzy organizuj\u0105 si\u0119 i tworz\u0105 kolejne margaretki, czyli grupy modlitwy za kap\u0142an\u00f3w. W naszej parafii r\u00f3wnie\u017c takie grupy istniej\u0105.<\/li>\n<li>W pi\u0105tek 6 sierpnia \u015bwi\u0119to Przemienienia Pa\u0144skiego. Msze \u015awi\u0119te tego dnia o godz. 7.30 i 18.00.<\/li>\n<li>3 i 4 sierpnia b\u0119dziemy go\u015bci\u0107 p\u0105tnik\u00f3w z Warmii, kt\u00f3rzy b\u0119d\u0105 pielgrzymowa\u0107 na Jasn\u0105 G\u00f3r\u0119. 3 sierpnia (wtorek) pielgrzymi przyjd\u0105 oko\u0142o godz. 20.00. Kolacje dla p\u0105tnik\u00f3w przygotuj\u0105 mieszka\u0144cy Smardzewa. O godz. 21.00 pielgrzymi b\u0119d\u0105 uczestniczy\u0107 w Apelu Jasnog\u00f3rskim, na kt\u00f3ry zapraszam parafian i go\u015bci. 4 sierpnia (\u015broda) oko\u0142o godz. 7.00 \u00a0b\u0119dzie Msza \u015awi\u0119ta w naszej \u015bwi\u0105tyni dla pielgrzym\u00f3w, na kt\u00f3r\u0105 r\u00f3wnie\u017c zapraszam wszystkich ch\u0119tnych. Po Eucharystii p\u0105tnicy wyrusz\u0105 w kierunku S\u0142oszewa Kolonii i tam spo\u017cyj\u0105 \u015bniadanie przygotowane przez mieszka\u0144c\u00f3w S\u0142oszewa Kolonii i S\u0142oszewa.<\/li>\n<li>6 sierpnia (pi\u0105tek) wyruszy 40. Piesza Pielgrzymka P\u0142ocka na Jasn\u0105 G\u00f3r\u0119. Mo\u017cna\u00a0 zg\u0142osi\u0107 sw\u00f3j udzia\u0142 w pielgrzymce duchowej\u00a0 i otrzyma\u0107 modlitewnik. Je\u015bli kto\u015b pragnie wybra\u0107 si\u0119 na pieszo do Matki Bo\u017cej Jasnog\u00f3rskiej to prosz\u0119 zg\u0142osi\u0107 si\u0119 w kancelarii parafialnej.<\/li>\n<li>Pa\u0144stwu Danucie i Henrykowi Kr\u00f3lom oraz Pa\u0144stwu Bernardzie i Wies\u0142awowi Gierkowskim dzi\u0119kuj\u0119 za parce wykonane przy kwiatach i krzewach, przy\u00a0 ko\u015bciele.<\/li>\n<li>Wszystkim solenizantom i jubilatom tego tygodnia \u017cyczymy obfito\u015bci \u0142ask Bo\u017cych i opieki Matki Naj\u015bwi\u0119tszej na ka\u017cdy dzie\u0144. Mi\u0142ej i b\u0142ogos\u0142awionej niedzieli.<\/li>\n<li>W tym tygodniu patronuje nam: \u2013 w \u015brod\u0119 4 sierpnia \u2013 \u015bw. Jan Maria Vianney (1786-1859), prezbiter, gorliwy duszpasterz, patron proboszcz\u00f3w.<\/li>\n<li>Zach\u0119cam do nabycia prasy katolickiej.<\/li>\n<\/ol>\n<p>&nbsp;<\/p>\n<p>&nbsp;<\/p>\n<p>&nbsp;<\/p>\n","protected":false},"excerpt":{"rendered":"<p>OG\u0141OSZENIA DUSZPASTERSKIE Dzi\u015b, w pierwsz\u0105 niedziel\u0119 miesi\u0105ca, po sumie b\u0119dzie adoracja Naj\u015bwi\u0119tszego Sakramentu i procesja eucharystyczna wok\u00f3\u0142 ko\u015bcio\u0142a. \u201ePowstanie warszawskie to nie tylko wspomnienie, to ca\u0142e nasze \u017cycie\u201d \u2013 powiedzia\u0142 ks. bp Edward Materski, kt\u00f3ry uczestniczy\u0142 w nim jako seminarzysta i ni\u00f3s\u0142 pomoc duszpastersk\u0105. M\u00f3dlmy si\u0119 za wszystkich, kt\u00f3rzy przez 63 dni powstania warszawskiego walczyli &hellip; <\/p>\n<p><a class=\"more-link btn\" href=\"https:\/\/parafiasmardzewo.pl\/?p=7380\">Kontynuuj czytanie<\/a><\/p>\n","protected":false},"author":2,"featured_media":6301,"comment_status":"open","ping_status":"open","sticky":false,"template":"","format":"standard","meta":[],"categories":[2],"tags":[],"_links":{"self":[{"href":"https:\/\/parafiasmardzewo.pl\/index.php?rest_route=\/wp\/v2\/posts\/7380"}],"collection":[{"href":"https:\/\/parafiasmardzewo.pl\/index.php?rest_route=\/wp\/v2\/posts"}],"about":[{"href":"https:\/\/parafiasmardzewo.pl\/index.php?rest_route=\/wp\/v2\/types\/post"}],"author":[{"embeddable":true,"href":"https:\/\/parafiasmardzewo.pl\/index.php?rest_route=\/wp\/v2\/users\/2"}],"replies":[{"embeddable":true,"href":"https:\/\/parafiasmardzewo.pl\/index.php?rest_route=%2Fwp%2Fv2%2Fcomments&post=7380"}],"version-history":[{"count":5,"href":"https:\/\/parafiasmardzewo.pl\/index.php?rest_route=\/wp\/v2\/posts\/7380\/revisions"}],"predecessor-version":[{"id":7387,"href":"https:\/\/parafiasmardzewo.pl\/index.php?rest_route=\/wp\/v2\/posts\/7380\/revisions\/7387"}],"wp:featuredmedia":[{"embeddable":true,"href":"https:\/\/parafiasmardzewo.pl\/index.php?rest_route=\/wp\/v2\/media\/6301"}],"wp:attachment":[{"href":"https:\/\/parafiasmardzewo.pl\/index.php?rest_route=%2Fwp%2Fv2%2Fmedia&parent=7380"}],"wp:term":[{"taxonomy":"category","embeddable":true,"href":"https:\/\/parafiasmardzewo.pl\/index.php?rest_route=%2Fwp%2Fv2%2Fcategories&post=7380"},{"taxonomy":"post_tag","embeddable":true,"href":"https:\/\/parafiasmardzewo.pl\/index.php?rest_route=%2Fwp%2Fv2%2Ftags&post=7380"}],"curies":[{"name":"wp","href":"https:\/\/api.w.org\/{rel}","templated":true}]}}