{"id":7405,"date":"2021-08-07T21:18:45","date_gmt":"2021-08-07T19:18:45","guid":{"rendered":"http:\/\/parafiasmardzewo.pl\/?p=7405"},"modified":"2021-08-07T21:18:57","modified_gmt":"2021-08-07T19:18:57","slug":"program-uroczystosci-odpustowych-15-viii-2021-w-smardzewie","status":"publish","type":"post","link":"https:\/\/parafiasmardzewo.pl\/?p=7405","title":{"rendered":"PROGRAM UROCZYSTO\u015aCI ODPUSTOWYCH 15 VIII 2021 W SMARDZEWIE"},"content":{"rendered":"<p><strong>14 sierpnia (sobota)<\/strong><\/p>\n<p>godz. 20.30 R\u00f3\u017caniec<\/p>\n<p>godz. 21.00 Apel Jasnog\u00f3rski<\/p>\n<p><strong><em>Uroczysto\u015b\u0107 Wniebowzi\u0119cia Naj\u015bwi\u0119tszej Maryi Panny<\/em><\/strong><\/p>\n<p><strong>\u00a0<\/strong><strong>15 sierpnia (niedziela)<\/strong><\/p>\n<p>godz. 09.00 Msza \u015bw. z kazaniem<\/p>\n<p>godz. 10.30 Powitanie pielgrzym\u00f3w<\/p>\n<p>godz. 11.30\u00a0 R\u00f3\u017caniec<\/p>\n<p>godz. 12.00 Msza \u015bw. z kazaniem<\/p>\n<p>Procesja Eucharystyczna<\/p>\n<p>Po\u015bwi\u0119cenie zi\u00f3\u0142 i kwiat\u00f3w<\/p>\n<p>godz. 17.00 Msza \u015bw. z kazaniem<\/p>\n<p>13 VIII (pi\u0105tek) Nabo\u017ce\u0144stwo Fatimskie \u2013 godz. 19.00<\/p>\n","protected":false},"excerpt":{"rendered":"<p>14 sierpnia (sobota) godz. 20.30 R\u00f3\u017caniec godz. 21.00 Apel Jasnog\u00f3rski Uroczysto\u015b\u0107 Wniebowzi\u0119cia Naj\u015bwi\u0119tszej Maryi Panny \u00a015 sierpnia (niedziela) godz. 09.00 Msza \u015bw. z kazaniem godz. 10.30 Powitanie pielgrzym\u00f3w godz. 11.30\u00a0 R\u00f3\u017caniec godz. 12.00 Msza \u015bw. z kazaniem Procesja Eucharystyczna Po\u015bwi\u0119cenie zi\u00f3\u0142 i kwiat\u00f3w godz. 17.00 Msza \u015bw. z kazaniem 13 VIII (pi\u0105tek) Nabo\u017ce\u0144stwo Fatimskie \u2013 &hellip; <\/p>\n<p><a class=\"more-link btn\" href=\"https:\/\/parafiasmardzewo.pl\/?p=7405\">Kontynuuj czytanie<\/a><\/p>\n","protected":false},"author":2,"featured_media":6754,"comment_status":"open","ping_status":"open","sticky":false,"template":"","format":"standard","meta":[],"categories":[1],"tags":[],"_links":{"self":[{"href":"https:\/\/parafiasmardzewo.pl\/index.php?rest_route=\/wp\/v2\/posts\/7405"}],"collection":[{"href":"https:\/\/parafiasmardzewo.pl\/index.php?rest_route=\/wp\/v2\/posts"}],"about":[{"href":"https:\/\/parafiasmardzewo.pl\/index.php?rest_route=\/wp\/v2\/types\/post"}],"author":[{"embeddable":true,"href":"https:\/\/parafiasmardzewo.pl\/index.php?rest_route=\/wp\/v2\/users\/2"}],"replies":[{"embeddable":true,"href":"https:\/\/parafiasmardzewo.pl\/index.php?rest_route=%2Fwp%2Fv2%2Fcomments&post=7405"}],"version-history":[{"count":1,"href":"https:\/\/parafiasmardzewo.pl\/index.php?rest_route=\/wp\/v2\/posts\/7405\/revisions"}],"predecessor-version":[{"id":7406,"href":"https:\/\/parafiasmardzewo.pl\/index.php?rest_route=\/wp\/v2\/posts\/7405\/revisions\/7406"}],"wp:featuredmedia":[{"embeddable":true,"href":"https:\/\/parafiasmardzewo.pl\/index.php?rest_route=\/wp\/v2\/media\/6754"}],"wp:attachment":[{"href":"https:\/\/parafiasmardzewo.pl\/index.php?rest_route=%2Fwp%2Fv2%2Fmedia&parent=7405"}],"wp:term":[{"taxonomy":"category","embeddable":true,"href":"https:\/\/parafiasmardzewo.pl\/index.php?rest_route=%2Fwp%2Fv2%2Fcategories&post=7405"},{"taxonomy":"post_tag","embeddable":true,"href":"https:\/\/parafiasmardzewo.pl\/index.php?rest_route=%2Fwp%2Fv2%2Ftags&post=7405"}],"curies":[{"name":"wp","href":"https:\/\/api.w.org\/{rel}","templated":true}]}}