{"id":7407,"date":"2021-08-07T21:27:41","date_gmt":"2021-08-07T19:27:41","guid":{"rendered":"http:\/\/parafiasmardzewo.pl\/?p=7407"},"modified":"2021-08-08T14:33:28","modified_gmt":"2021-08-08T12:33:28","slug":"dziewietnasta-niedziela-w-ciagu-roku-8-sierpnia-2021","status":"publish","type":"post","link":"https:\/\/parafiasmardzewo.pl\/?p=7407","title":{"rendered":"DZIEWI\u0118TNASTA NIEDZIELA W CI\u0104GU ROKU &#8211; 8 sierpnia 2021"},"content":{"rendered":"<p><strong>OG\u0141OSZENIA DUSZPASTERSKIE<\/strong><\/p>\n<ol>\n<li>W najbli\u017csz\u0105 niedziel\u0119 uroczysto\u015b\u0107 Wniebowzi\u0119cia Naj\u015bwi\u0119tszej Maryi Panny. Papie\u017c Pius XII w 1950 r. przypiecz\u0119towa\u0142 dogmatem prawd\u0119 obecn\u0105 w Ko\u015bciele ju\u017c od V w., \u017ce Maryja po ziemskim \u017cyciu z cia\u0142em i dusz\u0105 zosta\u0142a wzi\u0119ta do chwa\u0142y nieba i wywy\u017cszona przez Boga jako Kr\u00f3lowa. W polskiej tradycji z t\u0105 uroczysto\u015bci\u0105 jest zwi\u0105zany obrz\u0119d b\u0142ogos\u0142awienia zi\u00f3\u0142, kwiat\u00f3w, warzyw, zb\u00f3\u017c, dlatego przynosimy je przed o\u0142tarz. Chcemy w ten spos\u00f3b uwielbi\u0107 Boga i podzi\u0119kowa\u0107 Mu za to, \u017ce troszczy si\u0119 o nas. Obrz\u0119d b\u0142ogos\u0142awie\u0144stwa odb\u0119dzie si\u0119 na zako\u0144czenie ka\u017cdej Mszy \u015awi\u0119tej. Nasza parafia prze\u017cywa\u0107 b\u0119dzie uroczysto\u015b\u0107 odpustow\u0105. \u015awi\u0119towanie rozpoczniemy w sobot\u0119 o godz.20.30 modlitw\u0105 r\u00f3\u017ca\u0144cow\u0105 i Apelem Jasnog\u00f3rskim.<\/li>\n<li>15 sierpnia porz\u0105dek Mszy \u015awi\u0119tych b\u0119dzie nast\u0119puj\u0105cy: godz. 9.00 \u2013 12.00 \u2013 17.00. Msze \u015awi\u0119te o godz. 9.00\u00a0 i 12.00 odprawi i kazanie wyg\u0142osi ks. Biskup Roman Marcinkowski z P\u0142ocka. W czasie sumy odpustowej (godz. 12.00) wyst\u0105pi Orkiestra d\u0119ta z Sochocina. Zapraszam na odpust parafian i go\u015bci, w szczeg\u00f3lny spos\u00f3b s\u0142u\u017cb\u0119 liturgiczn\u0105, asyst\u0119 procesyjn\u0105 i dziewczynki do sypania kwiatkami.\u00a0 Szczeg\u00f3\u0142owy program uroczysto\u015bci odpustowych jest umieszczony na stronie internetowej parafii i w kruchcie ko\u015bcio\u0142a.<\/li>\n<li>15 sierpnia przypadnie 101. rocznica zwyci\u0119skiej bitwy warszawskiej w 1920 r., zwanej Cudem nad Wis\u0142\u0105, kt\u00f3ra zmieni\u0142a bieg historii naszej ojczyzny. Skutki tego triumfu Wojska Polskiego wp\u0142yn\u0119\u0142y tak\u017ce na histori\u0119 Europy, bowiem zatrzymano nawa\u0142nic\u0119 bolszewick\u0105, kt\u00f3ra zagra\u017ca\u0142a nie tylko naszemu narodowi.<\/li>\n<li>13 sierpnia (pi\u0105tek) zapraszam na kolejne nabo\u017ce\u0144stwo fatimskie, o godz.19.00.<\/li>\n<li>17\u00a0 sierpnia\u00a0 planujemy wyjazd do Gietrzwa\u0142du i \u015bw. Lipki. Osoby, kt\u00f3re chcia\u0142yby wzi\u0105\u0107 udzia\u0142 w tej jednodniowej pielgrzymce niech si\u0119 zg\u0142osz\u0105 w zakrystii lub telefonicznie.<\/li>\n<li>3 i 4 sierpnia go\u015bcili\u015bmy pielgrzym\u00f3w z Warmii, kt\u00f3rzy w\u0119druj\u0105 do Matki Bo\u017cej Jasnog\u00f3rskiej. Bardzo serdecznie dzi\u0119kuj\u0119 kilku osobom ze Smardzewa, kt\u00f3rzy przygotowali kolacje dla p\u0105tnik\u00f3w. Pan Marek Chojnacki z piekarni \u201eMaczek\u201d z Sochocina ofiarowa\u0142 na kolacje dla p\u0105tnik\u00f3w pieczywo i s\u0142odkie bu\u0142ki. Dwie rodziny ze Smardzewa przynios\u0142y te\u017c posi\u0142ek. Pa\u0144stwo Nurzy\u0144scy u\u017cyczyli\u00a0 sprz\u0119tu gastronomicznego. Stra\u017cakom z OSP ze Smardzewa dzi\u0119kuj\u0119 za pomoc przy organizacji noclegu. Do przygotowania \u015bniadania dla p\u0105tnik\u00f3w w\u0142\u0105czyli si\u0119 mieszka\u0144cy S\u0142oszewa Kolonii i S\u0142oszewa. W spos\u00f3b szczeg\u00f3lny zaanga\u017cowa\u0142a si\u0119 grupa kilku os\u00f3b z tych wiosek, w wi\u0119kszo\u015bci po rzaz drugi. Rok temu r\u00f3wnie\u017c pomagali. Wszystkim, kt\u00f3rzy w jakikolwiek spos\u00f3b w\u0142\u0105czyli si\u0119 do tej pi\u0119knej akcji serdecznie dzi\u0119kuj\u0119, w imieniu w\u0142asnym i pielgrzym\u00f3w, kt\u00f3rzy prosili, by podzi\u0119kowa\u0107 za ten pi\u0119kny dar serca.<\/li>\n<li>6 sierpnia wyruszy\u0142a 40. Piesza Pielgrzymka P\u0142ocka na Jasn\u0105 G\u00f3r\u0119. 10 os\u00f3b z naszej parafii bierze udzia\u0142 w spos\u00f3b duchowy w tej pielgrzymce. Pielgrzymi w\u0119druj\u0105cy i duchowi modl\u0105 si\u0119 r\u00f3wnie\u017c w naszych intencjach. Pami\u0119tajmy r\u00f3wnie\u017c o nich w swoich modlitwach.<\/li>\n<li>W ubieg\u0142ym tygodniu z naszej wsp\u00f3lnoty parafialnej do wieczno\u015bci odszed\u0142 + Karol \u015awiderski, kt\u00f3ry prze\u017cy\u0142 81 lat. Od uczestnik\u00f3w pogrzebu b\u0119dzie odprawionych czterna\u015bcie Mszy \u015awi\u0119tych (w tym sze\u015b\u0107 od rodzin, kt\u00f3re zam\u00f3wi\u0142y Msze \u015awi\u0119te).\u00a0 Pami\u0119tajmy o zmar\u0142ym\u00a0 w modlitwach oraz o jego najbli\u017cszych i wspierajmy si\u0119 nawzajem s\u0142owami wiary i mi\u0142o\u015bci.<\/li>\n<li>Wszystkim solenizantom i jubilatom tego tygodnia \u017cyczymy obfito\u015bci \u0142ask Bo\u017cych i opieki Matki Naj\u015bwi\u0119tszej na ka\u017cdy dzie\u0144. Mi\u0142ej i b\u0142ogos\u0142awionej niedzieli.<\/li>\n<li>W tym tygodniu patronuj\u0105 nam: \u2013 w poniedzia\u0142ek 9 sierpnia \u2013 \u015bw. Teresa Benedykta od Krzy\u017ca (Edyta Stein, 1891-1942), dziewica i m\u0119czennica, patronka Europy, filozof; \u2013 we wtorek 10 sierpnia \u2013 \u015bw. Wawrzyniec (\u2020258), diakon i m\u0119czennik; \u2013 w \u015brod\u0119 11 sierpnia \u2013 \u015bw. Klara (1194-1253), dziewica, wzorem \u015bw. Franciszka \u017cy\u0142a w ub\u00f3stwie, za\u0142o\u017cycielka klarysek; \u2013 w sobot\u0119 14 sierpnia \u2013 \u015bw. Maksymilian Maria Kolbe (1894-1941), prezbiter, franciszkanin, m\u0119czennik obozu Auschwitz-Birkenau.<\/li>\n<li>Zach\u0119cam do nabycia prasy katolickiej.<\/li>\n<\/ol>\n<p>&nbsp;<\/p>\n<p>&nbsp;<\/p>\n","protected":false},"excerpt":{"rendered":"<p>OG\u0141OSZENIA DUSZPASTERSKIE W najbli\u017csz\u0105 niedziel\u0119 uroczysto\u015b\u0107 Wniebowzi\u0119cia Naj\u015bwi\u0119tszej Maryi Panny. Papie\u017c Pius XII w 1950 r. przypiecz\u0119towa\u0142 dogmatem prawd\u0119 obecn\u0105 w Ko\u015bciele ju\u017c od V w., \u017ce Maryja po ziemskim \u017cyciu z cia\u0142em i dusz\u0105 zosta\u0142a wzi\u0119ta do chwa\u0142y nieba i wywy\u017cszona przez Boga jako Kr\u00f3lowa. W polskiej tradycji z t\u0105 uroczysto\u015bci\u0105 jest zwi\u0105zany obrz\u0119d &hellip; <\/p>\n<p><a class=\"more-link btn\" href=\"https:\/\/parafiasmardzewo.pl\/?p=7407\">Kontynuuj czytanie<\/a><\/p>\n","protected":false},"author":2,"featured_media":7284,"comment_status":"open","ping_status":"open","sticky":false,"template":"","format":"standard","meta":[],"categories":[2],"tags":[],"_links":{"self":[{"href":"https:\/\/parafiasmardzewo.pl\/index.php?rest_route=\/wp\/v2\/posts\/7407"}],"collection":[{"href":"https:\/\/parafiasmardzewo.pl\/index.php?rest_route=\/wp\/v2\/posts"}],"about":[{"href":"https:\/\/parafiasmardzewo.pl\/index.php?rest_route=\/wp\/v2\/types\/post"}],"author":[{"embeddable":true,"href":"https:\/\/parafiasmardzewo.pl\/index.php?rest_route=\/wp\/v2\/users\/2"}],"replies":[{"embeddable":true,"href":"https:\/\/parafiasmardzewo.pl\/index.php?rest_route=%2Fwp%2Fv2%2Fcomments&post=7407"}],"version-history":[{"count":8,"href":"https:\/\/parafiasmardzewo.pl\/index.php?rest_route=\/wp\/v2\/posts\/7407\/revisions"}],"predecessor-version":[{"id":7418,"href":"https:\/\/parafiasmardzewo.pl\/index.php?rest_route=\/wp\/v2\/posts\/7407\/revisions\/7418"}],"wp:featuredmedia":[{"embeddable":true,"href":"https:\/\/parafiasmardzewo.pl\/index.php?rest_route=\/wp\/v2\/media\/7284"}],"wp:attachment":[{"href":"https:\/\/parafiasmardzewo.pl\/index.php?rest_route=%2Fwp%2Fv2%2Fmedia&parent=7407"}],"wp:term":[{"taxonomy":"category","embeddable":true,"href":"https:\/\/parafiasmardzewo.pl\/index.php?rest_route=%2Fwp%2Fv2%2Fcategories&post=7407"},{"taxonomy":"post_tag","embeddable":true,"href":"https:\/\/parafiasmardzewo.pl\/index.php?rest_route=%2Fwp%2Fv2%2Ftags&post=7407"}],"curies":[{"name":"wp","href":"https:\/\/api.w.org\/{rel}","templated":true}]}}