{"id":7419,"date":"2021-08-14T15:19:49","date_gmt":"2021-08-14T13:19:49","guid":{"rendered":"http:\/\/parafiasmardzewo.pl\/?p=7419"},"modified":"2021-08-14T21:29:42","modified_gmt":"2021-08-14T19:29:42","slug":"wniebowziecie-najsw-maryi-panny-15-sierpnia-2021-roku","status":"publish","type":"post","link":"https:\/\/parafiasmardzewo.pl\/?p=7419","title":{"rendered":"WNIEBOWZI\u0118CIE NAJ\u015aW. MARYI PANNY 15 sierpnia 2021 roku"},"content":{"rendered":"<p><strong>OG\u0141OSZENIA DUSZPASTERSKIE<\/strong><\/p>\n<ol>\n<li>Przez dogmat o wniebowzi\u0119ciu Naj\u015bwi\u0119tszej Maryi Panny Ko\u015bci\u00f3\u0142 przypomina nam, \u017ce powo\u0142aniem ka\u017cdego z nas jest zjednoczenie z Bogiem. D\u0105\u017cymy do niego w doczesnym, ziemskim \u017cyciu, dlatego podejmujemy r\u00f3\u017cne wyzwania wynikaj\u0105ce z naszego powo\u0142ania, realizowanego na r\u00f3\u017cnych p\u0142aszczyznach, wspierani \u0142ask\u0105 Boga w sakramentach, kt\u00f3rych szczytem jest Eucharystia. B\u00f3g wzywa nas do nieba, gdzie dla ka\u017cdego jest przygotowane miejsce od za\u0142o\u017cenia \u015bwiata.<\/li>\n<li>Prze\u017cywamy uroczysto\u015b\u0107 Wniebowzi\u0119cia Naj\u015bwi\u0119tszej Maryi Panny. Parafia nasza prze\u017cywa te\u017c uroczysto\u015b\u0107 odpustow\u0105. Msz\u0119 \u015awi\u0119te s\u0105 sprawowane o godz. 9.00 \u2013 12.00 \u2013 17.00. O godz. 9.00 i 12.00 Eucharysti\u0119 b\u0119dzie sprawowa\u0142 i kazanie wyg\u0142osi ks. Biskup Roman Marcinkowski. Sum\u0119 odpustow\u0105 u\u015bwietni Orkiestra D\u0119ta z Sochocina, pod kierunkiem Pana kapelmistrza Rafa\u0142a Szyma\u0144skiego. Obrz\u0119d b\u0142ogos\u0142awienia zi\u00f3\u0142, kwiat\u00f3w, warzyw, pierwocin zb\u00f3\u017c na zako\u0144czenie ka\u017cdej Mszy \u015awi\u0119tej.<\/li>\n<li>Dzi\u015b 101. rocznica zwyci\u0119skiej bitwy warszawskiej w 1920 r., zwanej Cudem nad Wis\u0142\u0105, kt\u00f3ra zmieni\u0142a bieg historii naszej ojczyzny i ca\u0142ej Europy. Za przyczyn\u0105 Maryi Kr\u00f3lowej Pokoju polecajmy Bogu sprawy naszej ojczyzny i naszego narodu.<\/li>\n<\/ol>\n<ol>\n<li>17\u00a0 sierpnia\u00a0 planujemy wyjazd do Gietrzwa\u0142du i \u015bw. Lipki. Osoby, kt\u00f3re chcia\u0142yby wzi\u0105\u0107 udzia\u0142 w tej jednodniowej pielgrzymce niech si\u0119 zg\u0142osz\u0105 w zakrystii lub telefonicznie. S\u0105 jeszcze wolne miejsca. 17 sierpnia (wtorek), o godz. 6.00 b\u0119dzie Msza \u015awi\u0119ta w ko\u015bciele w Smardzewie dla pielgrzym\u00f3w, o godz. 6.30 wyjazd\u00a0 do Gietrzwa\u0142du. W Gietrzwa\u0142dzie odprawimy wsp\u00f3lnie drog\u0119 krzy\u017cow\u0105, pomodlimy si\u0119 w Bazylice, zwiedzimy sanktuarium i je\u015bli b\u0119dzie taka mo\u017cliwo\u015b\u0107 to b\u0119dzie mo\u017cna uczestniczy\u0107 w Eucharystii. W \u015bw. Lipce zwiedzimy sanktuarium, wys\u0142uchamy koncertu organowego i b\u0119dzie czas na prywatn\u0105 modlitw\u0119.\u00a0 Powr\u00f3t planowany jest oko\u0142o godz. 20.00 \u2013 21.00.<\/li>\n<\/ol>\n<ol start=\"5\">\n<li>Wszystkim solenizantom i jubilatom tego tygodnia \u017cyczymy obfito\u015bci \u0142ask Bo\u017cych i opieki Matki Naj\u015bwi\u0119tszej na ka\u017cdy dzie\u0144. Mi\u0142ej i b\u0142ogos\u0142awionej niedzieli.<\/li>\n<li>Zach\u0119cam do nabycia prasy katolickiej.<\/li>\n<li>W czasie odpustu mo\u017cna naby\u0107 ksi\u0105\u017ck\u0119-album; <strong><em>\u0141askami S\u0142yn\u0105cy Obraz Smardzewskiej Pani Ozdobiony Koron\u0105 Papiesk\u0105. <\/em><\/strong><\/li>\n<li>W tym tygodniu patronuj\u0105 nam:<\/li>\n<\/ol>\n<p>\u2013 we wtorek 17 sierpnia \u2013 \u015bw. Jacek (1183-1257), prezbiter, dominikanin, czciciel\u00a0 \u00a0 \u00a0 \u00a0 \u00a0 \u00a0 \u00a0 \u00a0 \u00a0 \u00a0 \u00a0 \u00a0 \u00a0 \u00a0 \u00a0 \u00a0 \u00a0 \u00a0 \u00a0 \u00a0 \u00a0 \u00a0 \u00a0 \u00a0 \u00a0 \u00a0 \u00a0 \u00a0 \u00a0 \u00a0Matki Bo\u017cej, ewangelizator naszych ziem;\u00a0 \u00a0 \u00a0 \u00a0 \u00a0 \u00a0 \u00a0 \u00a0 \u00a0 \u00a0 \u00a0 \u00a0 \u00a0 \u00a0 \u00a0 \u00a0 \u00a0 \u00a0 \u00a0 \u00a0 \u00a0 \u00a0 \u00a0 \u00a0 \u00a0 \u00a0 \u00a0 \u00a0 \u00a0 \u00a0 \u00a0 \u00a0 \u00a0 \u00a0 \u00a0 \u00a0 \u00a0 \u00a0 \u00a0 \u00a0 \u00a0 \u00a0 \u00a0 \u00a0 \u00a0 \u00a0 \u00a0 \u00a0 \u00a0 \u00a0 \u00a0 \u00a0 \u00a0 \u00a0 \u00a0 \u00a0 \u00a0 \u00a0 \u00a0 \u00a0 \u00a0 \u00a0 \u00a0 \u00a0 \u00a0 \u00a0 \u00a0 \u00a0 \u00a0 \u00a0 \u00a0 \u00a0 \u00a0 \u00a0 \u00a0 \u00a0\u2013 w pi\u0105tek 20 sierpnia \u2013 \u015bw. Bernard (1090-1153), opat i doktor Ko\u015bcio\u0142a, teolog,\u00a0 \u00a0 \u00a0 \u00a0 \u00a0 \u00a0 \u00a0 \u00a0 \u00a0 \u00a0 \u00a0 \u00a0 \u00a0 \u00a0 \u00a0 \u00a0 \u00a0 \u00a0 \u00a0 \u00a0 \u00a0 \u00a0 \u00a0 \u00a0 \u00a0 \u00a0 \u00a0 \u00a0 \u00a0 \u00a0 \u00a0 \u00a0mistyk, nazywany \u201ewyroczni\u0105 Europy\u201d;\u00a0 \u00a0 \u00a0 \u00a0 \u00a0 \u00a0 \u00a0 \u00a0 \u00a0 \u00a0 \u00a0 \u00a0 \u00a0 \u00a0 \u00a0 \u00a0 \u00a0 \u00a0 \u00a0 \u00a0 \u00a0 \u00a0 \u00a0 \u00a0 \u00a0 \u00a0 \u00a0 \u00a0 \u00a0 \u00a0 \u00a0 \u00a0 \u00a0 \u00a0 \u00a0 \u00a0 \u00a0 \u00a0 \u00a0 \u00a0 \u00a0 \u00a0 \u00a0 \u00a0 \u00a0 \u00a0 \u00a0 \u00a0 \u00a0 \u00a0 \u00a0 \u00a0 \u00a0 \u00a0 \u00a0 \u00a0 \u00a0 \u00a0 \u00a0 \u00a0 \u00a0 \u00a0 \u00a0 \u00a0 \u00a0 \u00a0 \u00a0 \u00a0 \u00a0 \u00a0 \u00a0 \u00a0 \u00a0 \u00a0 \u00a0 \u00a0 \u00a0 \u00a0 \u00a0 \u2013 w sobot\u0119 21 sierpnia \u2013 \u015bw. Pius X (1835-1914), papie\u017c, szerzy\u0142 kult Eucharystii,\u00a0 \u00a0 \u00a0 \u00a0 \u00a0 \u00a0 \u00a0 \u00a0 \u00a0 \u00a0 \u00a0 \u00a0 \u00a0 \u00a0 \u00a0 \u00a0 \u00a0 \u00a0 \u00a0 \u00a0 \u00a0 \u00a0 \u00a0 \u00a0 \u00a0 \u00a0 \u00a0 \u00a0 \u00a0 \u00a0 \u00a0 \u00a0wyda\u0142 dekrety o wczesnej i cz\u0119stej Komunii \u015awi\u0119tej.<\/p>\n<p>&nbsp;<\/p>\n<p>&nbsp;<\/p>\n","protected":false},"excerpt":{"rendered":"<p>OG\u0141OSZENIA DUSZPASTERSKIE Przez dogmat o wniebowzi\u0119ciu Naj\u015bwi\u0119tszej Maryi Panny Ko\u015bci\u00f3\u0142 przypomina nam, \u017ce powo\u0142aniem ka\u017cdego z nas jest zjednoczenie z Bogiem. D\u0105\u017cymy do niego w doczesnym, ziemskim \u017cyciu, dlatego podejmujemy r\u00f3\u017cne wyzwania wynikaj\u0105ce z naszego powo\u0142ania, realizowanego na r\u00f3\u017cnych p\u0142aszczyznach, wspierani \u0142ask\u0105 Boga w sakramentach, kt\u00f3rych szczytem jest Eucharystia. B\u00f3g wzywa nas do nieba, gdzie &hellip; <\/p>\n<p><a class=\"more-link btn\" href=\"https:\/\/parafiasmardzewo.pl\/?p=7419\">Kontynuuj czytanie<\/a><\/p>\n","protected":false},"author":2,"featured_media":6301,"comment_status":"open","ping_status":"open","sticky":false,"template":"","format":"standard","meta":[],"categories":[2],"tags":[],"_links":{"self":[{"href":"https:\/\/parafiasmardzewo.pl\/index.php?rest_route=\/wp\/v2\/posts\/7419"}],"collection":[{"href":"https:\/\/parafiasmardzewo.pl\/index.php?rest_route=\/wp\/v2\/posts"}],"about":[{"href":"https:\/\/parafiasmardzewo.pl\/index.php?rest_route=\/wp\/v2\/types\/post"}],"author":[{"embeddable":true,"href":"https:\/\/parafiasmardzewo.pl\/index.php?rest_route=\/wp\/v2\/users\/2"}],"replies":[{"embeddable":true,"href":"https:\/\/parafiasmardzewo.pl\/index.php?rest_route=%2Fwp%2Fv2%2Fcomments&post=7419"}],"version-history":[{"count":4,"href":"https:\/\/parafiasmardzewo.pl\/index.php?rest_route=\/wp\/v2\/posts\/7419\/revisions"}],"predecessor-version":[{"id":7423,"href":"https:\/\/parafiasmardzewo.pl\/index.php?rest_route=\/wp\/v2\/posts\/7419\/revisions\/7423"}],"wp:featuredmedia":[{"embeddable":true,"href":"https:\/\/parafiasmardzewo.pl\/index.php?rest_route=\/wp\/v2\/media\/6301"}],"wp:attachment":[{"href":"https:\/\/parafiasmardzewo.pl\/index.php?rest_route=%2Fwp%2Fv2%2Fmedia&parent=7419"}],"wp:term":[{"taxonomy":"category","embeddable":true,"href":"https:\/\/parafiasmardzewo.pl\/index.php?rest_route=%2Fwp%2Fv2%2Fcategories&post=7419"},{"taxonomy":"post_tag","embeddable":true,"href":"https:\/\/parafiasmardzewo.pl\/index.php?rest_route=%2Fwp%2Fv2%2Ftags&post=7419"}],"curies":[{"name":"wp","href":"https:\/\/api.w.org\/{rel}","templated":true}]}}