{"id":7466,"date":"2021-08-21T22:35:05","date_gmt":"2021-08-21T20:35:05","guid":{"rendered":"http:\/\/parafiasmardzewo.pl\/?p=7466"},"modified":"2021-09-02T22:18:21","modified_gmt":"2021-09-02T20:18:21","slug":"dwudziesta-pierwsza-niedziela-w-ciagu-roku-22-sierpnia-2021","status":"publish","type":"post","link":"https:\/\/parafiasmardzewo.pl\/?p=7466","title":{"rendered":"DWUDZIESTA PIERWSZA NIEDZIELA W CI\u0104GU ROKU &#8211;  22 sierpnia 2021"},"content":{"rendered":"<p><strong>OG\u0141OSZENIA DUSZPASTERSKIE<\/strong><\/p>\n<ol>\n<li>15 sierpnia, w uroczysto\u015b\u0107 Wniebowzi\u0119cia NMP, prze\u017cywali\u015bmy odpust w naszej parafii. Pragn\u0119 podzi\u0119kowa\u0107 wszystkim uczestnikom tych uroczysto\u015bci, a w spos\u00f3b szczeg\u00f3lny dzi\u0119kuj\u0119 osobom zaanga\u017cowanym w przegotowanie i przebieg odpustu: dzi\u0119kuj\u0119 Orkiestrze d\u0119tej z Sochocina, Rycerzom Jana Paw\u0142a z Glinojecka, stra\u017cakom z Milewa, K\u0119py, S\u0142oszewa Kolonii i Smardzewa, M\u0142odzie\u017cowej Dru\u017cynie Po\u017carniczej ze Smardzewa,\u00a0\u00a0 asy\u015bcie procesyjnej i dziewczynkom, kt\u00f3re sypa\u0142y kwiatkami, s\u0142u\u017cbie liturgicznej czyli lektorom, kantorce, ministrantom i pracownikom ko\u015bcielnym.<\/li>\n<li>17 sierpnia 43 osoby, w wi\u0119kszo\u015bci z naszej parafii, uczestniczy\u0142y w jednodniowej pielgrzymce do Gietrzwa\u0142du i \u015bw. Lipki.<\/li>\n<li>O\u0142tarze w naszej \u015bwi\u0105tyni s\u0105 nakryte nowymi, maryjnym obrusami, kt\u00f3re ufundowa\u0142a jedna z rodzin naszej parafii. Prace krawieckie przy obrusach wykona\u0142a Pani Jadwiga Grabowska ze Smardzewa. Bardzo serdecznie dzi\u0119kuj\u0119 za ten pi\u0119kny dar jubilatom (prze\u017cywali 50. rocznic\u0119 zawarcia sakramentu ma\u0142\u017ce\u0144stwa) i Pani Jadwidze za wykonan\u0105 prac\u0119.<\/li>\n<li>Pa\u0144stwu Tralewiczom z Sochocina dzi\u0119kuj\u0119 za zakup kwiat\u00f3w na odpust, natomiast Pani Marzenie Kupniewskiej z Sochocina dzi\u0119kuje za ustrojenie o\u0142tarzy.<\/li>\n<li>Jutro przypadnie smutna rocznica podpisania paktu Ribbentrop \u2013 Mo\u0142otow. Dzie\u0144 23 sierpnia w 2008 r. zosta\u0142 ustanowiony Europejskim Dniem Pami\u0119ci Ofiar Stalinizmu i Nazizmu, obchodzony po raz pierwszy publicznie w 2011 r. w Warszawie. Pami\u0119tajmy w modlitwie nie tylko o tych, kt\u00f3rzy zgin\u0119li w sowieckich \u0142agrach i niemieckich nazistowskich obozach koncentracyjnych, lecz tak\u017ce o tych, kt\u00f3rzy opowiedzieli si\u0119 za Bogiem i dlatego oddali zdrowie i \u017cycie w obronie godno\u015bci i praw cz\u0142owieka. S\u0142yszymy o pr\u00f3bach relatywizowania i podwa\u017cania wsp\u00f3\u0142czesnej historii, naginania fakt\u00f3w w imi\u0119 tzw. poprawno\u015bci politycznej. Warto zna\u0107 fakty, warto pami\u0119ta\u0107 i piel\u0119gnowa\u0107 pami\u0119\u0107.<\/li>\n<li>W czwartek, 26 sierpnia, uroczysto\u015b\u0107 Naj\u015bwi\u0119tszej Maryi Panny Cz\u0119stochowskiej. \u015aw. Jan Pawe\u0142 II na Jasnej G\u00f3rze powtarza\u0142, \u017ce tu bije serce narodu. Na Jasn\u0105 G\u00f3r\u0119 swoje kroki kieruj\u0105 miliony pielgrzym\u00f3w. Pielgrzymuj\u0105 tam r\u00f3wnie\u017c nasi parafianie. W wielu domach jest czczony wizerunek Czarnej Madonny. To \u015bwiadectwo naszej mi\u0142o\u015bci do Matki naszego Pana, kt\u00f3ra w jasnog\u00f3rskiej ikonie przebywa w naszym narodzie od wiek\u00f3w. Msze \u015awi\u0119te tego dnia b\u0119d\u0105 sprawowane o godz. 10.00 i 18.00. W parafii Sochocin w kaplicy Ko\u0142oz\u0119biu jest w tym dniu uroczysto\u015b\u0107 odpustowa o godz. 12.00. R\u00f3wnie\u017c parafia Baboszewo prze\u017cywa 26 sierpnia odpust. Suma w Baboszewie o godz. 11.30.<\/li>\n<li>29 sierpnia (niedziela) w Karniewie, dekanat Mak\u00f3w Mazowiecki odb\u0119d\u0105 si\u0119 Diecezjalne Do\u017cynki (dzi\u0119kczynienie za tegoroczne zbiory). Centralnym wydarzeniem \u015bwi\u0119ta dzi\u0119kczynienia b\u0119dzie Msza \u015awi\u0119ta sprawowana przez Biskupa P\u0142ockiego Piotra Liber\u0119 o godz. 11.00. W naszej parafii b\u0119dziemy dzi\u0119kowa\u0107 Bogu za tegoroczne plony 8 wrze\u015bnia, w \u015bwi\u0119to Narodzenia NMP.<\/li>\n<li>Wszystkim solenizantom i jubilatom tego tygodnia \u017cyczymy obfito\u015bci \u0142ask Bo\u017cych i opieki Matki Naj\u015bwi\u0119tszej na ka\u017cdy dzie\u0144. Mi\u0142ej i b\u0142ogos\u0142awionej niedzieli.<\/li>\n<li>W ubieg\u0142ym tygodniu z naszej wsp\u00f3lnoty parafialnej do wieczno\u015bci <strong>odesz\u0142a + Katarzyna W\u0142odarska, <\/strong>kt\u00f3ra prze\u017cy\u0142a 50 lat. Od uczestnik\u00f3w pogrzebu b\u0119dzie odprawionych 10 Mszy \u015awi\u0119tych. Pami\u0119tajmy o niej w modlitwach oraz o jej najbli\u017cszych i wspierajmy si\u0119 nawzajem s\u0142owami wiary i mi\u0142o\u015bci.<\/li>\n<li>W tym tygodniu patronuj\u0105 nam: \u2013 <strong>we wtorek 24 sierpnia \u2013 \u015bw. Bart\u0142omiej<\/strong> (\u2020ok. 70), aposto\u0142; <strong>\u2013 w pi\u0105tek 27 sierpnia \u2013 \u015bw. Monika<\/strong> (ok. 332-387), matka \u015bw. Augustyna, wz\u00f3r matki modl\u0105cej si\u0119 o nawr\u00f3cenie syna; \u2013 <strong>w sobot\u0119 28 sierpnia \u2013 \u015bw. Augustyn<\/strong> (354-430), biskup i doktor Ko\u015bcio\u0142a.<\/li>\n<\/ol>\n<p>&nbsp;<\/p>\n<p>&nbsp;<\/p>\n","protected":false},"excerpt":{"rendered":"<p>OG\u0141OSZENIA DUSZPASTERSKIE 15 sierpnia, w uroczysto\u015b\u0107 Wniebowzi\u0119cia NMP, prze\u017cywali\u015bmy odpust w naszej parafii. Pragn\u0119 podzi\u0119kowa\u0107 wszystkim uczestnikom tych uroczysto\u015bci, a w spos\u00f3b szczeg\u00f3lny dzi\u0119kuj\u0119 osobom zaanga\u017cowanym w przegotowanie i przebieg odpustu: dzi\u0119kuj\u0119 Orkiestrze d\u0119tej z Sochocina, Rycerzom Jana Paw\u0142a z Glinojecka, stra\u017cakom z Milewa, K\u0119py, S\u0142oszewa Kolonii i Smardzewa, M\u0142odzie\u017cowej Dru\u017cynie Po\u017carniczej ze Smardzewa,\u00a0\u00a0 asy\u015bcie &hellip; <\/p>\n<p><a class=\"more-link btn\" href=\"https:\/\/parafiasmardzewo.pl\/?p=7466\">Kontynuuj czytanie<\/a><\/p>\n","protected":false},"author":2,"featured_media":6301,"comment_status":"open","ping_status":"open","sticky":false,"template":"","format":"standard","meta":[],"categories":[2],"tags":[],"_links":{"self":[{"href":"https:\/\/parafiasmardzewo.pl\/index.php?rest_route=\/wp\/v2\/posts\/7466"}],"collection":[{"href":"https:\/\/parafiasmardzewo.pl\/index.php?rest_route=\/wp\/v2\/posts"}],"about":[{"href":"https:\/\/parafiasmardzewo.pl\/index.php?rest_route=\/wp\/v2\/types\/post"}],"author":[{"embeddable":true,"href":"https:\/\/parafiasmardzewo.pl\/index.php?rest_route=\/wp\/v2\/users\/2"}],"replies":[{"embeddable":true,"href":"https:\/\/parafiasmardzewo.pl\/index.php?rest_route=%2Fwp%2Fv2%2Fcomments&post=7466"}],"version-history":[{"count":6,"href":"https:\/\/parafiasmardzewo.pl\/index.php?rest_route=\/wp\/v2\/posts\/7466\/revisions"}],"predecessor-version":[{"id":7486,"href":"https:\/\/parafiasmardzewo.pl\/index.php?rest_route=\/wp\/v2\/posts\/7466\/revisions\/7486"}],"wp:featuredmedia":[{"embeddable":true,"href":"https:\/\/parafiasmardzewo.pl\/index.php?rest_route=\/wp\/v2\/media\/6301"}],"wp:attachment":[{"href":"https:\/\/parafiasmardzewo.pl\/index.php?rest_route=%2Fwp%2Fv2%2Fmedia&parent=7466"}],"wp:term":[{"taxonomy":"category","embeddable":true,"href":"https:\/\/parafiasmardzewo.pl\/index.php?rest_route=%2Fwp%2Fv2%2Fcategories&post=7466"},{"taxonomy":"post_tag","embeddable":true,"href":"https:\/\/parafiasmardzewo.pl\/index.php?rest_route=%2Fwp%2Fv2%2Ftags&post=7466"}],"curies":[{"name":"wp","href":"https:\/\/api.w.org\/{rel}","templated":true}]}}