{"id":7477,"date":"2021-08-28T20:39:57","date_gmt":"2021-08-28T18:39:57","guid":{"rendered":"http:\/\/parafiasmardzewo.pl\/?p=7477"},"modified":"2021-08-28T23:12:40","modified_gmt":"2021-08-28T21:12:40","slug":"dwudziesta-druga-niedziela-w-ciagu-roku-29-sierpnia-2021","status":"publish","type":"post","link":"https:\/\/parafiasmardzewo.pl\/?p=7477","title":{"rendered":"DWUDZIESTA DRUGA NIEDZIELA W CI\u0104GU ROKU &#8211; 29 sierpnia 2021"},"content":{"rendered":"<p><strong>OG\u0141OSZENIA DUSZPASTERSKIE\u00a0 \u00a0 \u00a0 \u00a0 \u00a0 \u00a0 \u00a0 \u00a0 \u00a0 \u00a0 \u00a0 \u00a0 \u00a0 \u00a0 \u00a0 \u00a0 \u00a0 \u00a0 \u00a0 \u00a0 \u00a0 \u00a0 \u00a0 \u00a0 \u00a0 \u00a0 \u00a0 \u00a0 \u00a0 \u00a0 \u00a0 \u00a0 \u00a0 \u00a0 \u00a0 \u00a0 \u00a0 \u00a0 \u00a0 \u00a0 \u00a0 \u00a0 \u00a0 \u00a0 \u00a0 \u00a0 \u00a0 \u00a0 \u00a0 \u00a0 \u00a0 \u00a0 \u00a0 \u00a0 \u00a0<\/strong><\/p>\n<ol>\n<li>Dzisiaj, w Karniewie, w dekanacie Mak\u00f3w Mazowiecki odb\u0119d\u0105 si\u0119 Diecezjalne Do\u017cynki (dzi\u0119kczynienie za tegoroczne zbiory). Centralnym wydarzeniem \u015bwi\u0119ta dzi\u0119kczynienia jest Msza \u015awi\u0119ta sprawowana przez Biskupa P\u0142ockiego Piotra Liber\u0119 o godz. 11.00. W naszej parafii b\u0119dziemy dzi\u0119kowa\u0107 Bogu za tegoroczne plony 8 wrze\u015bnia, w \u015bwi\u0119to Narodzenia NMP. Wieniec do\u017cynkowy przygotowali w tym roku mieszka\u0144cy \u0106wiklinka, mieszka\u0144c\u00f3w innych wiosek zach\u0119cam do przygotowania koszy z warzywami, owocami i p\u0142odami rolnymi.<\/li>\n<li>We wtorek 31 sierpnia b\u0119dziemy obchodzi\u0107 41. rocznic\u0119 podpisania porozumie\u0144 sierpniowych, kt\u00f3re zako\u0144czy\u0142y strajki i rozpocz\u0119\u0142y proces przebudowy naszego pa\u0144stwa. \u017byli\u015bmy idea\u0142ami solidarno\u015bci, prawdy, wolno\u015bci. Dzi\u015b warto zada\u0107 sobie pytanie, co w naszych sercach zosta\u0142o z etosu Solidarno\u015bci tamtych lat.<\/li>\n<li>W \u015brod\u0119 b\u0119dziemy obchodzi\u0107 82. rocznic\u0119 wybuchu II wojny \u015bwiatowej. Pami\u0119tajmy w modlitwie szczeg\u00f3lnie o tych, kt\u00f3rzy oddali \u017cycie w obronie ojczyzny na wszystkich frontach. Otoczmy modlitw\u0105 tak\u017ce tych, kt\u00f3rzy po jej zako\u0144czeniu walczyli o suwerenno\u015b\u0107 i niepodleg\u0142o\u015b\u0107 Polski i z\u0142o\u017cyli ofiar\u0119 swojego \u017cycia jako wi\u0119\u017aniowie polityczni, a kt\u00f3rych pr\u00f3bowano wymaza\u0107 z historii.<\/li>\n<li>1 wrze\u015bnia rozpocznie si\u0119 nowy rok szkolny. Dzieciom i m\u0142odzie\u017cy \u017cyczymy wiele zapa\u0142u i wytrwa\u0142o\u015bci w zdobywaniu wiedzy, kszta\u0142towaniu dojrza\u0142ych postaw, a nauczycielom, katechetom i wychowawcom du\u017co si\u0142y i mocy Ducha \u015awi\u0119tego, potrzebnego w procesie kszta\u0142towania dzieci i m\u0142odzie\u017cy. Msza \u015awi\u0119ta, ze szczeg\u00f3ln\u0105 pro\u015bb\u0105 o b\u0142ogos\u0142awie\u0144stwo w nowym roku szkolnym, dla wychowawc\u00f3w, nauczycieli i rodzic\u00f3w, w naszym ko\u015bciele b\u0119dzie sprawowana 1 wrze\u015bnia o godz.8.00. Serdecznie zapraszam. W poniedzia\u0142ek i wtorek od godz. 17.30 \u2013 18.00 spowied\u017a dla dzieci, m\u0142odzie\u017cy i rodzic\u00f3w.<\/li>\n<li>W tym tygodniu przypada pierwszy czwartek miesi\u0105ca. Na Eucharystii o godz. 18.00 b\u0119dziemy si\u0119 modli\u0107 w intencji powo\u0142a\u0144 kap\u0142a\u0144skich, zakonnych i misyjnych.<\/li>\n<li>Pi\u0105tek, 3 wrze\u015bnia, to pierwszy pi\u0105tek miesi\u0105ca. Od godz.17.00 \u2013 18.00 adoracja Naj\u015bwi\u0119tszego Sakramentu i mo\u017cliwo\u015b\u0107 spowiedzi \u015bwi\u0119tej.<\/li>\n<li>W sobot\u0119 o godz. 7.30 Msza \u015awi\u0119ta o Niepokalanym Sercu NMP, z racji pierwszej soboty miesi\u0105ca.<\/li>\n<li>Dzieci, do kl. VII w\u0142\u0105cznie otrzymaj\u0105, w nast\u0119pn\u0105 niedziel\u0119, pami\u0105tki niedzielnych Mszy \u015awi\u0119tych na rok 2021\/22. Ka\u017cde dziecko otrzyma ksi\u0105\u017ceczk\u0119 i po ka\u017cdej niedzielnej Eucharystii wklei (m\u0142odsi z pomoc\u0105 rodzic\u00f3w) we wskazane miejsce naklejk\u0119 z ilustracj\u0105 obrazuj\u0105c\u0105 Ewangeli\u0119 tego dnia. Wi\u0119cej informacji na ten temat podam za tydzie\u0144.<\/li>\n<li>W miniony pi\u0105tek odby\u0142 si\u0119 pogrzeb \u015b. p. ks. kanonika Ludwika Jasi\u0144skiego, kt\u00f3ry prze\u017cy\u0142 89 lat. Ks. Jasi\u0144ski by\u0142 proboszczem w parafiach: Stupsk, Ligowo i Ro\u015bciszewo. W 1999 roku przeszed\u0142 na emerytur\u0119 i zamieszka\u0142 w Sk\u0119pem naprzeciw ko\u015bcio\u0142a i klasztoru ojc\u00f3w bernardyn\u00f3w. Od pi\u0119ciu lat mieszka\u0142 na plebanii w parafii \u015bw. Maksymiliana Kolbego P\u0142o\u0144sku. W naszej parafii zmar\u0142 + Zdzis\u0142aw B\u0142aszkowski z \u0106wiklinka. Jutro b\u0119dzie jego pogrzeb o godz. 10.00. Pami\u0119tajmy o zmar\u0142ych w naszych modlitwach.<\/li>\n<li>Zach\u0119cam do nabycia prasy katolickiej: <strong><em>Go\u015b\u0107 Niedzielny, Ma\u0142y Go\u015b\u0107 Niedzielny<\/em><\/strong> (dla m\u0142odzie\u017cy), <strong><em>Rycerz Niepokalanej, Ma\u0142y Rycerzyk<\/em><\/strong> (dla dzieci), Miesi\u0119cznik <strong><em>R\u00f3\u017caniec<\/em><\/strong>.<\/li>\n<li>Parafianom i Go\u015bciom \u017cycz\u0119 b\u0142ogos\u0142awionej niedzieli i dobrego tygodnia.<\/li>\n<\/ol>\n<p>&nbsp;<\/p>\n","protected":false},"excerpt":{"rendered":"<p>OG\u0141OSZENIA DUSZPASTERSKIE\u00a0 \u00a0 \u00a0 \u00a0 \u00a0 \u00a0 \u00a0 \u00a0 \u00a0 \u00a0 \u00a0 \u00a0 \u00a0 \u00a0 \u00a0 \u00a0 \u00a0 \u00a0 \u00a0 \u00a0 \u00a0 \u00a0 \u00a0 \u00a0 \u00a0 \u00a0 \u00a0 \u00a0 \u00a0 \u00a0 \u00a0 \u00a0 \u00a0 \u00a0 \u00a0 \u00a0 \u00a0 \u00a0 \u00a0 \u00a0 \u00a0 \u00a0 \u00a0 \u00a0 \u00a0 \u00a0 \u00a0 \u00a0 \u00a0 \u00a0 \u00a0 \u00a0 \u00a0 \u00a0 &hellip; <\/p>\n<p><a class=\"more-link btn\" href=\"https:\/\/parafiasmardzewo.pl\/?p=7477\">Kontynuuj czytanie<\/a><\/p>\n","protected":false},"author":2,"featured_media":5378,"comment_status":"open","ping_status":"open","sticky":false,"template":"","format":"standard","meta":[],"categories":[2],"tags":[],"_links":{"self":[{"href":"https:\/\/parafiasmardzewo.pl\/index.php?rest_route=\/wp\/v2\/posts\/7477"}],"collection":[{"href":"https:\/\/parafiasmardzewo.pl\/index.php?rest_route=\/wp\/v2\/posts"}],"about":[{"href":"https:\/\/parafiasmardzewo.pl\/index.php?rest_route=\/wp\/v2\/types\/post"}],"author":[{"embeddable":true,"href":"https:\/\/parafiasmardzewo.pl\/index.php?rest_route=\/wp\/v2\/users\/2"}],"replies":[{"embeddable":true,"href":"https:\/\/parafiasmardzewo.pl\/index.php?rest_route=%2Fwp%2Fv2%2Fcomments&post=7477"}],"version-history":[{"count":5,"href":"https:\/\/parafiasmardzewo.pl\/index.php?rest_route=\/wp\/v2\/posts\/7477\/revisions"}],"predecessor-version":[{"id":7484,"href":"https:\/\/parafiasmardzewo.pl\/index.php?rest_route=\/wp\/v2\/posts\/7477\/revisions\/7484"}],"wp:featuredmedia":[{"embeddable":true,"href":"https:\/\/parafiasmardzewo.pl\/index.php?rest_route=\/wp\/v2\/media\/5378"}],"wp:attachment":[{"href":"https:\/\/parafiasmardzewo.pl\/index.php?rest_route=%2Fwp%2Fv2%2Fmedia&parent=7477"}],"wp:term":[{"taxonomy":"category","embeddable":true,"href":"https:\/\/parafiasmardzewo.pl\/index.php?rest_route=%2Fwp%2Fv2%2Fcategories&post=7477"},{"taxonomy":"post_tag","embeddable":true,"href":"https:\/\/parafiasmardzewo.pl\/index.php?rest_route=%2Fwp%2Fv2%2Ftags&post=7477"}],"curies":[{"name":"wp","href":"https:\/\/api.w.org\/{rel}","templated":true}]}}