{"id":7488,"date":"2021-09-03T22:10:41","date_gmt":"2021-09-03T20:10:41","guid":{"rendered":"http:\/\/parafiasmardzewo.pl\/?p=7488"},"modified":"2021-09-03T22:10:48","modified_gmt":"2021-09-03T20:10:48","slug":"apel-przewodniczacego-konferencji-episkopatu-polski-ws-dnia-solidarnosci-z-afganczykami","status":"publish","type":"post","link":"https:\/\/parafiasmardzewo.pl\/?p=7488","title":{"rendered":"Apel Przewodnicz\u0105cego Konferencji Episkopatu Polski ws. Dnia Solidarno\u015bci z Afga\u0144czykami"},"content":{"rendered":"<p>Od kilku tygodni jeste\u015bmy \u015bwiadkami dramatycznych wydarze\u0144 w Afganistanie, zwi\u0105zanych ze zmian\u0105 w\u0142adzy. Wiele tysi\u0119cy Afga\u0144czyk\u00f3w ratuje swoje \u017cycie i zdrowie ucieczk\u0105 z kraju, szukaj\u0105c pomocy we wsp\u00f3lnocie mi\u0119dzynarodowej. Ws\u0142uchuj\u0105c si\u0119 w g\u0142os papie\u017ca Franciszka, kt\u00f3ry wezwa\u0142 wszystkich ludzi dobrej woli, by \u201emodlili si\u0119 do Boga pokoju, aby zamilk\u0142 szcz\u0119k or\u0119\u017ca i by mo\u017cna by\u0142o znale\u017a\u0107 rozwi\u0105zania przy stole dialogu\u201d, zwracam si\u0119 z apelem do pasterzy i wiernych Ko\u015bcio\u0142a w Polsce o modlitw\u0119 i pomoc materialn\u0105 dla cierpi\u0105cego ludu Afganistanu.<br \/>\nW zwi\u0105zku z powy\u017cszym, og\u0142aszam niedziel\u0119 5 wrze\u015bnia br. \u201eDniem Solidarno\u015bci z Afga\u0144czykami\u201d. Dzi\u0119kuj\u0119 wszystkim ksi\u0119\u017com biskupom, kt\u00f3rzy podczas Rady Biskup\u00f3w Diecezjalnych, na Jasnej G\u00f3rze dnia 25 sierpnia br., poparli jednog\u0142o\u015bnie ide\u0119 og\u00f3lnopolskiej zbi\u00f3rki na ten cel. Apeluj\u0119, aby w niedziel\u0119 5 wrze\u015bnia, w ka\u017cdym ko\u015bciele i kaplicy w Polsce w czasie modlitwy powszechnej prosi\u0107 Boga o pok\u00f3j w Afganistanie oraz w intencji Afga\u0144czyk\u00f3w, a po Mszach \u015awi\u0119tych zorganizowa\u0107 kwest\u0119 na ich rzecz.<br \/>\nZebrane fundusze zostan\u0105 przeznaczone na d\u0142ugofalowe wsparcie dzia\u0142a\u0144 Caritas na rzecz migrant\u00f3w i uchod\u017ac\u00f3w, zar\u00f3wno w Polsce i za granic\u0105. We wsp\u00f3\u0142pracy z Caritas w Pakistanie, kraju, w kt\u00f3rym znajduje si\u0119 najwi\u0119ksza grupa uchod\u017ac\u00f3w z Afganistanu, rozpocznie si\u0119 trzymiesi\u0119czna interwencja humanitarna natychmiastowej pomoc dla oko\u0142o 1500 rodzin. W Polsce ju\u017c dzia\u0142aj\u0105 Centra Migrant\u00f3w i Uchod\u017ac\u00f3w prowadzone przez Caritas Polska oraz Caritas diecezjalne. Caritas Polska uruchomi og\u00f3lnopolski program wsparcia dla uchod\u017ac\u00f3w w naszej ojczy\u017anie &#8211; od pomocy duchowej, psychologicznej, socjalnej, poprzez pomoc j\u0119zykow\u0105, prawn\u0105 i medyczn\u0105, a\u017c po doradztwo zawodowe, wsparcie mi\u0119dzykulturowe oraz wsparcie wolontariatu parafialnego i komunikacji z mediami. Ju\u017c teraz dzi\u0119kuj\u0119 wszystkim wiernym za pozytywn\u0105 odpowied\u017a na m\u00f3j apel, ufaj\u0105c, \u017ce kolejny raz Polacy poka\u017c\u0105 swoje dobre i szlachetne serca.\u00a0 \u00a0 \u00a0 \u00a0 \u00a0 \u00a0 \u00a0 \u00a0 \u00a0 \u00a0 \u00a0 \u00a0 \u00a0 \u00a0 \u00a0 \u00a0 \u00a0 \u00a0 \u00a0 Warszawa, dni 27 sierpnia 2021 r.\u00a0 \u00a0 \u00a0 \u00a0 \u00a0 \u00a0 \u00a0 \u00a0 \u00a0 \u00a0 \u00a0 \u00a0 \u00a0 \u00a0 \u00a0 \u00a0 \u00a0 \u00a0 \u00a0 \u00a0 \u00a0 \u00a0 \u00a0 \u00a0 \u00a0 \u00a0 \u00a0 \u00a0 \u00a0 \u00a0 \u00a0 \u00a0 \u00a0 \u00a0 \u00a0 \u00a0 \u00a0 \u00a0 \u00a0 \u00a0 \u00a0 \u00a0 \u00a0 \u00a0 \u00a0 \u00a0 \u00a0 \u00a0 \u00a0 \u00a0 \u00a0 \u00a0 \u00a0 \u00a0 \u00a0 \u00a0 \u00a0 \u00a0 \u00a0 \u00a0 \u00a0 \u00a0 \u00a0 \u00a0 \u00a0 \u00a0 \u00a0 \u00a0 \u00a0 \u00a0 \u00a0 \u00a0 \u00a0 \u00a0 \u00a0 \u00a0 \u00a0 \u00a0 \u00a0 \u00a0 \u00a0 \u00a0 \u00a0<em>\u2020 Stanis\u0142aw G\u0105decki<\/em><br \/>\n<em>Arcybiskup Metropolita Pozna\u0144ski<\/em><br \/>\n<em>Przewodnicz\u0105cy Konferencji Episkopatu Polski<\/em><br \/>\n<em>Wiceprzewodnicz\u0105cy Rady Konferencji Episkopat\u00f3w Europy (CCEE)<\/em><\/p>\n<p><strong>ZARZ\u0104DZENIE:<\/strong>\u00a0Powy\u017cszy Apel Przewodnicz\u0105cego Konferencji Episkopatu Polski ks. abp. Stanis\u0142awa G\u0105deckiego nale\u017cy odczyta\u0107 podczas wszystkich Mszy \u015bw., w niedziel\u0119 5 wrze\u015bnia br., w ramach og\u0142osze\u0144 duszpasterskich. Nale\u017cy w tym dniu doda\u0107 do modlitwy wiernych stosowne wezwanie o pok\u00f3j w Afganistanie oraz w intencji Afga\u0144czyk\u00f3w. Ponadto, na pro\u015bb\u0119 Przewodnicz\u0105cego KEP, Biskup P\u0142ocki Piotr Libera zarz\u0105dzi\u0142 zbi\u00f3rk\u0119 do puszek w tym dniu, na wsparcie Afga\u0144czyk\u00f3w. Ofiary nale\u017cy wp\u0142aca\u0107 na konto diecezjalne z dopiskiem \u201eDzie\u0144 Solidarno\u015bci z Afga\u0144czykami\u201d.<br \/>\nP\u0142ock, dnia 1 wrze\u015bnia 2021 r.<\/p>\n<p><em>\u2020 Miros\u0142aw Milewski<\/em><br \/>\n<em>Wikariusz Generalny<\/em><\/p>\n","protected":false},"excerpt":{"rendered":"<p>Od kilku tygodni jeste\u015bmy \u015bwiadkami dramatycznych wydarze\u0144 w Afganistanie, zwi\u0105zanych ze zmian\u0105 w\u0142adzy. Wiele tysi\u0119cy Afga\u0144czyk\u00f3w ratuje swoje \u017cycie i zdrowie ucieczk\u0105 z kraju, szukaj\u0105c pomocy we wsp\u00f3lnocie mi\u0119dzynarodowej. Ws\u0142uchuj\u0105c si\u0119 w g\u0142os papie\u017ca Franciszka, kt\u00f3ry wezwa\u0142 wszystkich ludzi dobrej woli, by \u201emodlili si\u0119 do Boga pokoju, aby zamilk\u0142 szcz\u0119k or\u0119\u017ca i by mo\u017cna by\u0142o &hellip; <\/p>\n<p><a class=\"more-link btn\" href=\"https:\/\/parafiasmardzewo.pl\/?p=7488\">Kontynuuj czytanie<\/a><\/p>\n","protected":false},"author":2,"featured_media":4881,"comment_status":"open","ping_status":"open","sticky":false,"template":"","format":"standard","meta":[],"categories":[1],"tags":[],"_links":{"self":[{"href":"https:\/\/parafiasmardzewo.pl\/index.php?rest_route=\/wp\/v2\/posts\/7488"}],"collection":[{"href":"https:\/\/parafiasmardzewo.pl\/index.php?rest_route=\/wp\/v2\/posts"}],"about":[{"href":"https:\/\/parafiasmardzewo.pl\/index.php?rest_route=\/wp\/v2\/types\/post"}],"author":[{"embeddable":true,"href":"https:\/\/parafiasmardzewo.pl\/index.php?rest_route=\/wp\/v2\/users\/2"}],"replies":[{"embeddable":true,"href":"https:\/\/parafiasmardzewo.pl\/index.php?rest_route=%2Fwp%2Fv2%2Fcomments&post=7488"}],"version-history":[{"count":1,"href":"https:\/\/parafiasmardzewo.pl\/index.php?rest_route=\/wp\/v2\/posts\/7488\/revisions"}],"predecessor-version":[{"id":7489,"href":"https:\/\/parafiasmardzewo.pl\/index.php?rest_route=\/wp\/v2\/posts\/7488\/revisions\/7489"}],"wp:featuredmedia":[{"embeddable":true,"href":"https:\/\/parafiasmardzewo.pl\/index.php?rest_route=\/wp\/v2\/media\/4881"}],"wp:attachment":[{"href":"https:\/\/parafiasmardzewo.pl\/index.php?rest_route=%2Fwp%2Fv2%2Fmedia&parent=7488"}],"wp:term":[{"taxonomy":"category","embeddable":true,"href":"https:\/\/parafiasmardzewo.pl\/index.php?rest_route=%2Fwp%2Fv2%2Fcategories&post=7488"},{"taxonomy":"post_tag","embeddable":true,"href":"https:\/\/parafiasmardzewo.pl\/index.php?rest_route=%2Fwp%2Fv2%2Ftags&post=7488"}],"curies":[{"name":"wp","href":"https:\/\/api.w.org\/{rel}","templated":true}]}}