{"id":7495,"date":"2021-09-04T15:08:34","date_gmt":"2021-09-04T13:08:34","guid":{"rendered":"http:\/\/parafiasmardzewo.pl\/?p=7495"},"modified":"2021-09-04T15:16:52","modified_gmt":"2021-09-04T13:16:52","slug":"dwudziesta-trzecia-niedziela-w-ciagu-roku-5-wrzesnia-2021","status":"publish","type":"post","link":"https:\/\/parafiasmardzewo.pl\/?p=7495","title":{"rendered":"DWUDZIESTA TRZECIA NIEDZIELA W CI\u0104GU ROKU &#8211; 5 wrze\u015bnia 2021"},"content":{"rendered":"<p><strong>OG\u0141OSZENIA DUSZPASTERSKIE<\/strong><\/p>\n<ol>\n<li>Dzisiaj, po Mszy \u015awi\u0119tej o godz. 9.00 zostan\u0105 po\u015bwi\u0119cone tornistry\u00a0 i przybory\u00a0 szkolne dzieci. Dzieci,\u00a0 kl.\u00a0 I &#8211; VI w\u0142\u0105cznie, otrzymaj\u0105 te\u017c karteczki, kt\u00f3re nale\u017cy wklei\u0107 do specjalnej ksi\u0105\u017ceczki \u201eNiedziela z Ewangeli\u0105\u201d. Je\u017celi kto\u015b nie otrzyma\u0142 jeszcze takiej ksi\u0105\u017ceczki to prosz\u0119 zg\u0142osi\u0107 si\u0119 do zakrystii. Dotyczy to g\u0142\u00f3wnie dzieci z naszej parafii.<\/li>\n<li>Po sumie b\u0119dzie adoracja Naj\u015bwi\u0119tszego Sakramentu i procesja eucharystyczna wok\u00f3\u0142 \u015bwi\u0105tyni, z racji pierwszej niedzieli wrze\u015bnia.<\/li>\n<li>W \u015brod\u0119 8 wrze\u015bnia \u015bwi\u0119to Narodzenia Naj\u015bwi\u0119tszej Maryi Panny. W naszej tradycji to \u015bwi\u0119to jest nazywane \u015bwi\u0119tem Matki Bo\u017cej Siewnej, bo tego w\u0142a\u015bnie dnia prosimy o b\u0142ogos\u0142awie\u0144stwo Bo\u017ce dla przysz\u0142ych plon\u00f3w, \u017ceby nasza ziemia przynios\u0142a chleb. W naszej parafii prze\u017cywamy, w tym dniu, kolejny odpust i dzie\u0144 dzi\u0119kczynienia (do\u017cynki) za tegoroczne plony. W czasie Eucharystii o godz. 12.00 po\u015bwiecimy wieniec i kosze z tegorocznymi zbiorami z p\u00f3l i ogrod\u00f3w oraz po\u015bwi\u0119cimy ziarno pod tegoroczne zasiewy.<\/li>\n<li>Msze \u015awi\u0119te w \u015brod\u0119 b\u0119d\u0105 sprawowane o godz. 9.00 \u2013 12.00 (adoracja i procesja eucharystyczna wok\u00f3\u0142 ko\u015bcio\u0142a) \u2013 17.00. P\u00f3\u0142 godziny przed sum\u0105 b\u0119dziemy modli\u0107 si\u0119 na r\u00f3\u017ca\u0144cu. We wtorek o godz. 20.30 zapraszam na r\u00f3\u017caniec i Apel Jasnog\u00f3rski.<\/li>\n<li><strong>Apel arcybiskupa Stanis\u0142awa G\u0105deckiego.<\/strong> \u201eOd kilku tygodni jeste\u015bmy \u015bwiadkami dramatycznych wydarze\u0144 w Afganistanie, zwi\u0105zanych ze zmian\u0105 w\u0142adzy. Wiele tysi\u0119cy Afga\u0144czyk\u00f3w ratuje swoje \u017cycie i zdrowie ucieczk\u0105 z kraju, szukaj\u0105c pomocy we wsp\u00f3lnocie mi\u0119dzynarodowej. (\u2026) W zwi\u0105zku z powy\u017cszym, og\u0142aszam niedziel\u0119 5 wrze\u015bnia br. <strong>\u201eDniem Solidarno\u015bci z Afga\u0144czykami\u201d.<\/strong> Dzi\u0119kuj\u0119 wszystkim ksi\u0119\u017com biskupom, kt\u00f3rzy podczas Rady Biskup\u00f3w Diecezjalnych, na Jasnej G\u00f3rze dnia 25 sierpnia br., poparli jednog\u0142o\u015bnie ide\u0119 og\u00f3lnopolskiej zbi\u00f3rki na ten cel. (\u2026). Zebrane fundusze zostan\u0105 przeznaczone na d\u0142ugofalowe wsparcie dzia\u0142a\u0144 Caritas na rzecz migrant\u00f3w i uchod\u017ac\u00f3w, zar\u00f3wno w Polsce i za granic\u0105. (\u2026). Ju\u017c teraz dzi\u0119kuj\u0119 wszystkim wiernym za pozytywn\u0105 odpowied\u017a na m\u00f3j apel, ufaj\u0105c, \u017ce kolejny raz Polacy poka\u017c\u0105 swoje dobre i szlachetne serca\u201d. (fragmenty Apelu, ca\u0142y tekst jest zamieszczony na stronie internetowej naszej parafii)\u00a0 \u00a0 \u00a0 \u00a0 \u00a0 \u00a0 \u00a0 \u00a0 \u00a0 \u00a0 \u00a0 \u00a0 \u00a0 \u00a0 \u00a0 \u00a0 \u00a0 \u00a0 \u00a0 \u00a0 \u00a0 \u00a0 \u00a0 \u00a0 \u00a0 \u00a0 \u00a0 \u00a0 \u00a0 \u00a0 \u00a0 \u00a0 \u00a0 \u00a0 \u00a0 \u00a0 \u00a0 \u00a0 \u00a0 \u00a0 \u00a0 \u00a0 \u00a0 \u00a0 \u00a0 \u00a0 \u00a0 \u00a0 \u00a0 \u00a0 \u00a0 \u00a0 \u00a0 \u00a0 \u00a0 \u00a0 \u00a0 \u00a0 \u00a0 \u00a0 \u00a0 \u00a0 \u00a0 \u00a0 \u00a0 \u00a0 \u00a0 \u00a0 \u00a0 \u00a0 \u00a0 \u00a0 \u00a0 \u00a0 \u00a0 \u00a0Warszawa, dni 27 sierpnia 2021 r.\u00a0 \u00a0 \u00a0 \u00a0 \u00a0 \u00a0 \u00a0 \u00a0 \u00a0 \u00a0 \u00a0 \u00a0 \u00a0 \u00a0 \u00a0 \u00a0 \u00a0 \u00a0 \u00a0 \u00a0 \u00a0 \u00a0 \u00a0 \u00a0 \u00a0 \u00a0 \u00a0 \u00a0 \u00a0 \u00a0 \u00a0 \u00a0 \u00a0 \u00a0 \u00a0 \u00a0 \u00a0 \u00a0 \u00a0 \u00a0 \u00a0 \u00a0 \u00a0 \u00a0 \u00a0 \u00a0 \u00a0 \u00a0 \u00a0 \u00a0 \u00a0 \u00a0 \u00a0 \u00a0 \u00a0 \u00a0 \u00a0 \u00a0 \u00a0 \u00a0 \u00a0 \u00a0 \u00a0 \u00a0 \u00a0 \u00a0 \u00a0 \u00a0 \u00a0 \u00a0 \u00a0 \u00a0 \u00a0 \u00a0 \u00a0 \u00a0 \u00a0 \u00a0 \u00a0 \u00a0 \u00a0 \u00a0 \u00a0 \u2020 Stanis\u0142aw G\u0105decki<\/li>\n<\/ol>\n<p>Arcybiskup Metropolita Pozna\u0144ski<br \/>\nPrzewodnicz\u0105cy Konferencji Episkopatu Polski<br \/>\nWiceprzewodnicz\u0105cy Rady Konferencji Episkopat\u00f3w Europy\u00a0 \u00a0 \u00a0 \u00a0 \u00a0 \u00a0 \u00a0 \u00a0 \u00a0 \u00a0 \u00a0 \u00a0 \u00a0 \u00a0 \u00a0 \u00a0 \u00a0 \u00a0 \u00a0 \u00a0 \u00a0 \u00a0 \u00a0 \u00a0 \u00a0 \u00a0 \u00a0 \u00a0 \u00a0 \u00a0 \u00a0 \u00a0 \u00a0 \u00a0 \u00a0 \u00a0 \u00a0 \u00a0 \u00a0 \u00a0 \u00a0 \u00a0 \u00a0 \u00a0 \u00a0 \u00a0 \u00a0 \u00a0 \u00a0 \u00a0 \u00a0 \u00a0 \u00a0 \u00a0\u00a0<strong>Ks. Biskup Piotr Libera<\/strong>, nasz ordynariusz, zgodnie z Apelem\u00a0 \u00a0 \u00a0 \u00a0 \u00a0 \u00a0 \u00a0 \u00a0 \u00a0 \u00a0 \u00a0 \u00a0 \u00a0 \u00a0 \u00a0 \u00a0 \u00a0 \u00a0 \u00a0 \u00a0 \u00a0 \u00a0 \u00a0 \u00a0 \u00a0 \u00a0 \u00a0 \u00a0 \u00a0 \u00a0 \u00a0 \u00a0 \u00a0 \u00a0 \u00a0 \u00a0 \u00a0 \u00a0 \u00a0 \u00a0 \u00a0 \u00a0 \u00a0 \u00a0 \u00a0 \u00a0 \u00a0 \u00a0 \u00a0 Przewodnicz\u0105cego Konferencji \u00a0Episkopatu Polski, Arcybiskupa\u00a0 Stanis\u0142awa G\u0105deckiego,\u00a0 \u00a0 \u00a0 \u00a0 \u00a0 \u00a0 \u00a0 \u00a0 \u00a0 \u00a0 \u00a0 \u00a0 \u00a0 \u00a0 \u00a0 \u00a0 \u00a0 \u00a0 \u00a0 \u00a0 \u00a0 \u00a0Prosi o wsparcie modlitewne i materialne\u00a0 Afga\u0144czyk\u00f3w. Po wszystkich Mszach \u015awi\u0119tych b\u0119dziemy zbiera\u0107 ofiary do puszek na ten cel<\/p>\n<ol start=\"6\">\n<li>W kruchcie ko\u015bcio\u0142a jest umieszczony na jednej z tablic komunikat Komendanta Powiatowego Policji w P\u0142o\u0144sku, inspektora Jaros\u0142awa Brzozowskiego, w kt\u00f3rym czytamy m. innymi \u201eW ostatnim czasie na terenie powiatu p\u0142o\u0144skiego ponownie dosz\u0142o do oszustw, kt\u00f3rych ofiarami sta\u0142y si\u0119 osoby starsze. (\u2026) Najcz\u0119\u015bciej stosowanymi metodami przest\u0119pc\u00f3w wobec os\u00f3b starszych s\u0105 tzw. metody \u201ena wnuczka\u201d, \u201epolicjanta\u201d, \u201efunkcjonariusza CB\u015aP\u201d, \u201eprokuratora\u201d lub \u201ewypadek komunikacyjny spowodowany przez cz\u0142onka rodziny\u201d. W razie jakichkolwiek w\u0105tpliwo\u015bci lub podejrze\u0144 nale\u017cy powiadomi\u0107 Policj\u0119 dzwoni\u0105c na numer telefonu 112 lub 997.<\/li>\n<li>W nast\u0119pn\u0105 niedziel\u0119, 12 wrze\u015bnia, b\u0119dziemy prze\u017cywa\u0107 uroczysto\u015b\u0107 beatyfikacji kardyna\u0142a Stefana Wyszy\u0144skiego i M. El\u017cbiety R\u00f3\u017cy Czackiej. Codziennie przed Msz\u0105 \u015awi\u0119t\u0105 b\u0119dziemy modli\u0107 si\u0119 na r\u00f3\u017ca\u0144cu, by lepiej poznawa\u0107 \u017cycie Prymasa Tysi\u0105clecia i za\u0142o\u017cycielki Zgromadzenia Si\u00f3str Franciszkanek S\u0142u\u017cebnic Krzy\u017ca i Towarzystwa Opieki nad Ociemnia\u0142ymi w Laskach. Niech ich postawa b\u0119dzie dla nas pomoc\u0105 w s\u0142u\u017ceniu Bogu w drugim cz\u0142owieku.<\/li>\n<li>Cz\u0142onkinie Ko\u0142a R\u00f3\u017ca\u0144cowego z Koliszewa z\u0142o\u017c\u0142y ofiar\u0119 pieni\u0119\u017cn\u0105 &#8211; 250,00 z\u0142otych, na kwiaty do ustrojenia o\u0142tarzy na odpust 8 wrze\u015bnia . R\u00f3wnie\u017c jedna osoba spoza parafii z\u0142o\u017cy\u0142a ofiar\u0119 &#8211; 100,00 z\u0142otych na ten sam cel. Bardzo serdecznie dzi\u0119kuj\u0119 ofiarodawcom.<\/li>\n<li>Pa\u0144stwu Danucie i Henrykowi Kr\u00f3lom dzi\u0119kuj\u0119 za oczyszczenie krzew\u00f3w z chwast\u00f3w.<\/li>\n<li>W ostatnim czasie odszed\u0142 do wieczno\u015bci + Zdzis\u0142aw B\u0142aszkowski z \u0106wiklinka, kt\u00f3ry prze\u017cy\u0142 79 lat. Od uczestnik\u00f3w pogrzebu b\u0119dzie odprawionych 16 Mszy \u015awi\u0119tych, w tym trzy intencje od rodzin: Jakubiak\u00f3w, K\u0119dzior\u00f3w i Kulesz\u00f3w.<\/li>\n<li>Zach\u0119cam do nabycia prasy katolickiej.<\/li>\n<\/ol>\n<p>&nbsp;<\/p>\n<p>&nbsp;<\/p>\n<p>&nbsp;<\/p>\n<p>&nbsp;<\/p>\n","protected":false},"excerpt":{"rendered":"<p>OG\u0141OSZENIA DUSZPASTERSKIE Dzisiaj, po Mszy \u015awi\u0119tej o godz. 9.00 zostan\u0105 po\u015bwi\u0119cone tornistry\u00a0 i przybory\u00a0 szkolne dzieci. Dzieci,\u00a0 kl.\u00a0 I &#8211; VI w\u0142\u0105cznie, otrzymaj\u0105 te\u017c karteczki, kt\u00f3re nale\u017cy wklei\u0107 do specjalnej ksi\u0105\u017ceczki \u201eNiedziela z Ewangeli\u0105\u201d. Je\u017celi kto\u015b nie otrzyma\u0142 jeszcze takiej ksi\u0105\u017ceczki to prosz\u0119 zg\u0142osi\u0107 si\u0119 do zakrystii. Dotyczy to g\u0142\u00f3wnie dzieci z naszej parafii. Po &hellip; <\/p>\n<p><a class=\"more-link btn\" href=\"https:\/\/parafiasmardzewo.pl\/?p=7495\">Kontynuuj czytanie<\/a><\/p>\n","protected":false},"author":2,"featured_media":6301,"comment_status":"open","ping_status":"open","sticky":false,"template":"","format":"standard","meta":[],"categories":[2],"tags":[],"_links":{"self":[{"href":"https:\/\/parafiasmardzewo.pl\/index.php?rest_route=\/wp\/v2\/posts\/7495"}],"collection":[{"href":"https:\/\/parafiasmardzewo.pl\/index.php?rest_route=\/wp\/v2\/posts"}],"about":[{"href":"https:\/\/parafiasmardzewo.pl\/index.php?rest_route=\/wp\/v2\/types\/post"}],"author":[{"embeddable":true,"href":"https:\/\/parafiasmardzewo.pl\/index.php?rest_route=\/wp\/v2\/users\/2"}],"replies":[{"embeddable":true,"href":"https:\/\/parafiasmardzewo.pl\/index.php?rest_route=%2Fwp%2Fv2%2Fcomments&post=7495"}],"version-history":[{"count":8,"href":"https:\/\/parafiasmardzewo.pl\/index.php?rest_route=\/wp\/v2\/posts\/7495\/revisions"}],"predecessor-version":[{"id":7503,"href":"https:\/\/parafiasmardzewo.pl\/index.php?rest_route=\/wp\/v2\/posts\/7495\/revisions\/7503"}],"wp:featuredmedia":[{"embeddable":true,"href":"https:\/\/parafiasmardzewo.pl\/index.php?rest_route=\/wp\/v2\/media\/6301"}],"wp:attachment":[{"href":"https:\/\/parafiasmardzewo.pl\/index.php?rest_route=%2Fwp%2Fv2%2Fmedia&parent=7495"}],"wp:term":[{"taxonomy":"category","embeddable":true,"href":"https:\/\/parafiasmardzewo.pl\/index.php?rest_route=%2Fwp%2Fv2%2Fcategories&post=7495"},{"taxonomy":"post_tag","embeddable":true,"href":"https:\/\/parafiasmardzewo.pl\/index.php?rest_route=%2Fwp%2Fv2%2Ftags&post=7495"}],"curies":[{"name":"wp","href":"https:\/\/api.w.org\/{rel}","templated":true}]}}