{"id":7509,"date":"2021-09-11T20:41:46","date_gmt":"2021-09-11T18:41:46","guid":{"rendered":"http:\/\/parafiasmardzewo.pl\/?p=7509"},"modified":"2021-09-11T20:57:56","modified_gmt":"2021-09-11T18:57:56","slug":"dudziesta-czwarta-niedziela-w-ciagu-roku-12-wrzesnia-2021","status":"publish","type":"post","link":"https:\/\/parafiasmardzewo.pl\/?p=7509","title":{"rendered":"DUDZIESTA CZWARTA NIEDZIELA W CI\u0104GU ROKU &#8211; 12 wrze\u015bnia 2021"},"content":{"rendered":"<p><strong>OG\u0141OSZENIA DUSZPASTERSKIE<\/strong><\/p>\n<ol>\n<li>Dzisiaj, 12 wrze\u015bnia, prze\u017cywamy uroczysto\u015b\u0107 beatyfikacji\u00a0 kardyna\u0142a Stefana Wyszy\u0144skiego i M. El\u017cbiety R\u00f3\u017cy Czackiej. Codziennie po Mszy \u015awi\u0119tej, przez najbli\u017cszy tydzie\u0144,\u00a0 b\u0119dziemy modli\u0107 si\u0119 na r\u00f3\u017ca\u0144cu, by lepiej poznawa\u0107 i na\u015bladowa\u0107 \u017cycie nowych b\u0142ogos\u0142awionych.<\/li>\n<li>Dzisiaj te\u017c rozpoczynamy w Ko\u015bciele w Polsce Tydzie\u0144 Wychowania i kwartalne dni modlitw za dzieci, m\u0142odzie\u017c i wychowawc\u00f3w. Chodzi o wielkie dzie\u0142o kszta\u0142towania przysz\u0142ych pokole\u0144, ich \u015bwiata warto\u015bci, postaw \u017cyciowych, kt\u00f3re b\u0119d\u0105 je wyr\u00f3\u017cnia\u0142y w codzienno\u015bci. Niech to b\u0119dzie nie tylko czas szczeg\u00f3lnej modlitwy, lecz tak\u017ce okazja do refleksji, jakie dajemy \u015bwiadectwo \u017cycia. Nie wolno nam bowiem zapomnie\u0107, \u017ce to w\u0142a\u015bnie \u015bwiadectwo jest wsparciem lub degradacj\u0105 procesu wychowania, nad kt\u00f3rym trudz\u0105 si\u0119 rodzice i wychowawcy.<\/li>\n<li>Jutro, 13 wrze\u015bnia, zapraszam na kolejne nabo\u017ce\u0144stwo fatimskie. O godz.18.00 Msza \u015awi\u0119ta, r\u00f3\u017caniec i procesja.<\/li>\n<li>We wtorek 14 wrze\u015bnia \u015bwi\u0119to Podwy\u017cszenia Krzy\u017ca \u015bwi\u0119tego. Krzy\u017c to znak zbawienia \u2013 znak mojej wiary. Czy za ka\u017cdym razem, gdy go czyni\u0119, robi\u0119 to z pe\u0142n\u0105 \u015bwiadomo\u015bci\u0105? Wobec profanacji krzy\u017ca w wielu miejscach \u015bwiata powinienem si\u0119 zastanowi\u0107 nad tym, jakie miejsce w moim \u017cyciu zajmuje Chrystusowy krzy\u017c \u2013 znak zbawienia i zwyci\u0119stwa. Czy w moim domu, miejscu pracy jest dla niego godne miejsce?. Parafia Dziektarzewo prze\u017cywa w tym dniu uroczysto\u015b\u0107 odpustow\u0105. W Sochocinie odpust z 14 wrze\u015bnia przeniesiony jest na niedziel\u0119, 19 wrze\u015bnia.<\/li>\n<li>17 wrze\u015bnia b\u0119dziemy obchodzili rocznic\u0119 napa\u015bci Zwi\u0105zku Sowieckiego na Polsk\u0119 w 1939 r. Pami\u0119tajmy o tej tragicznej karcie historii i m\u00f3dlmy si\u0119 za wszystkich poleg\u0142ych na Wschodzie w obronie ojczyzny.<\/li>\n<li>W sobot\u0119 18 wrze\u015bnia \u015bwi\u0119to patrona dzieci i m\u0142odzie\u017cy \u2013 \u015bw. Stanis\u0142awa Kostki. W tym dniu organizowane s\u0105 spotkania z dzie\u0107mi i m\u0142odzie\u017c\u0105 w Rostkowie, miejscu urodzin patrona dzieci i m\u0142odzie\u017cy. Zach\u0119cam m\u0142odzie\u017c do udzia\u0142u w tych spotkaniach. Organizowany jest wyjazd z P\u0142o\u0144ska i by\u0107 mo\u017ce z Sochocina. Ch\u0119tni do udzia\u0142u w\u00a0 spotkaniu w Rostkowie niech zg\u0142osz\u0105 si\u0119 w zakrystii.<\/li>\n<li>\u015aw. Stanis\u0142aw Kostka jest r\u00f3wnie\u017c patronem naszej parafii od 2 lutego 1980 roku, czyli od dnia erygowania (powstania) parafii pod wezwaniem \u015bw. Stanis\u0142awa Kostki. Uroczysto\u015b\u0107 odpustow\u0105 w naszej parafii b\u0119dziemy prze\u017cywa\u0107 za tydzie\u0144, 19 wrze\u015bnia. Msza \u015awi\u0119ta z udzia\u0142em dzieci i m\u0142odzie\u017cy b\u0119dzie sprawowana o godzinie 9.00. Nie b\u0119dzie w tym dniu procesji tylko adoracja Naj\u015bwi\u0119tszego Sakramentu i Litania do patrona dzieci i m\u0142odzie\u017cy. <strong>Zapraszam za tydzie\u0144 szczeg\u00f3lnie m\u0142odzie\u017c, kt\u00f3ra przygotowuje si\u0119 do sakramentu bierzmowania. Po Mszy \u015awi\u0119tej o godz. 9.00 b\u0119dzie spotkanie z kandydatami, kt\u00f3rzy chc\u0105 przyj\u0105\u0107 ten sakrament w 2022 roku.<\/strong> <strong>S\u0105 to uczniowie szk\u00f3\u0142 ponadpodstawowych, pierwszy rocznik uko\u0144czy\u0142 szko\u0142\u0119 w czerwcu 2021 roku. Zapraszam te\u017c m\u0142odzie\u017c z rocznik\u00f3w starszych. Uczestnictwo w spotkaniu jest obowi\u0105zkowe, chyba \u017ce kto\u015b b\u0119dzie mia\u0142 powa\u017cn\u0105 przeszkod\u0119.<\/strong><\/li>\n<li>Dzieci od\u00a0 kl.\u00a0 I &#8211; VI w\u0142\u0105cznie otrzymaj\u0105\u00a0 karteczki, kt\u00f3re nale\u017cy wklei\u0107 do specjalnej ksi\u0105\u017ceczki \u201eNiedziela z Ewangeli\u0105\u201d. Je\u017celi kto\u015b nie otrzyma\u0142 jeszcze takiej ksi\u0105\u017ceczki to prosz\u0119 zg\u0142osi\u0107 si\u0119 do zakrystii. Dotyczy to g\u0142\u00f3wnie dzieci z naszej parafii.<\/li>\n<li>8 wrze\u015bnia prze\u017cywali\u015bmy odpust narodzenia NMP i dzi\u0119kowali\u015bmy Bogu za tegoroczne plony. Wieniec do\u017cynkowy przygotowali mieszka\u0144cy \u0106wiklinka, kosze z warzywami i owocami przygotowali mieszka\u0144cy: Koliszewa, Smardzewa Dzia\u0142ki i Smardzewa k\/ko\u015bcio\u0142a. Bardzo serdecznie dzi\u0119kuj\u0119 mieszka\u0144com tych wiosek. Dzi\u0119kuj\u0119 r\u00f3wnie\u017c asy\u015bcie procesyjnej, osobom bior\u0105cym udzia\u0142 w procesji z darami ofiarnymi, s\u0142u\u017cbie liturgicznej oraz wszystkim, kt\u00f3rzy pomagali w przygotowaniu i prze\u017cyciu tych uroczysto\u015bci.<\/li>\n<li>Wszystkim solenizantom i jubilatom tego tygodnia \u017cyczymy obfito\u015bci \u0142ask Bo\u017cych i opieki Matki Naj\u015bwi\u0119tszej na ka\u017cdy dzie\u0144. Mi\u0142ej i b\u0142ogos\u0142awionej niedzieli.<\/li>\n<li>Zach\u0119cam do nabycia prasy katolickiej.<\/li>\n<\/ol>\n<p>&nbsp;<\/p>\n<p>&nbsp;<\/p>\n<p>.<\/p>\n","protected":false},"excerpt":{"rendered":"<p>OG\u0141OSZENIA DUSZPASTERSKIE Dzisiaj, 12 wrze\u015bnia, prze\u017cywamy uroczysto\u015b\u0107 beatyfikacji\u00a0 kardyna\u0142a Stefana Wyszy\u0144skiego i M. El\u017cbiety R\u00f3\u017cy Czackiej. Codziennie po Mszy \u015awi\u0119tej, przez najbli\u017cszy tydzie\u0144,\u00a0 b\u0119dziemy modli\u0107 si\u0119 na r\u00f3\u017ca\u0144cu, by lepiej poznawa\u0107 i na\u015bladowa\u0107 \u017cycie nowych b\u0142ogos\u0142awionych. Dzisiaj te\u017c rozpoczynamy w Ko\u015bciele w Polsce Tydzie\u0144 Wychowania i kwartalne dni modlitw za dzieci, m\u0142odzie\u017c i wychowawc\u00f3w. Chodzi &hellip; <\/p>\n<p><a class=\"more-link btn\" href=\"https:\/\/parafiasmardzewo.pl\/?p=7509\">Kontynuuj czytanie<\/a><\/p>\n","protected":false},"author":2,"featured_media":6301,"comment_status":"open","ping_status":"open","sticky":false,"template":"","format":"standard","meta":[],"categories":[2],"tags":[],"_links":{"self":[{"href":"https:\/\/parafiasmardzewo.pl\/index.php?rest_route=\/wp\/v2\/posts\/7509"}],"collection":[{"href":"https:\/\/parafiasmardzewo.pl\/index.php?rest_route=\/wp\/v2\/posts"}],"about":[{"href":"https:\/\/parafiasmardzewo.pl\/index.php?rest_route=\/wp\/v2\/types\/post"}],"author":[{"embeddable":true,"href":"https:\/\/parafiasmardzewo.pl\/index.php?rest_route=\/wp\/v2\/users\/2"}],"replies":[{"embeddable":true,"href":"https:\/\/parafiasmardzewo.pl\/index.php?rest_route=%2Fwp%2Fv2%2Fcomments&post=7509"}],"version-history":[{"count":4,"href":"https:\/\/parafiasmardzewo.pl\/index.php?rest_route=\/wp\/v2\/posts\/7509\/revisions"}],"predecessor-version":[{"id":7515,"href":"https:\/\/parafiasmardzewo.pl\/index.php?rest_route=\/wp\/v2\/posts\/7509\/revisions\/7515"}],"wp:featuredmedia":[{"embeddable":true,"href":"https:\/\/parafiasmardzewo.pl\/index.php?rest_route=\/wp\/v2\/media\/6301"}],"wp:attachment":[{"href":"https:\/\/parafiasmardzewo.pl\/index.php?rest_route=%2Fwp%2Fv2%2Fmedia&parent=7509"}],"wp:term":[{"taxonomy":"category","embeddable":true,"href":"https:\/\/parafiasmardzewo.pl\/index.php?rest_route=%2Fwp%2Fv2%2Fcategories&post=7509"},{"taxonomy":"post_tag","embeddable":true,"href":"https:\/\/parafiasmardzewo.pl\/index.php?rest_route=%2Fwp%2Fv2%2Ftags&post=7509"}],"curies":[{"name":"wp","href":"https:\/\/api.w.org\/{rel}","templated":true}]}}