{"id":7565,"date":"2021-09-18T21:03:34","date_gmt":"2021-09-18T19:03:34","guid":{"rendered":"http:\/\/parafiasmardzewo.pl\/?p=7565"},"modified":"2021-09-18T21:09:58","modified_gmt":"2021-09-18T19:09:58","slug":"dwudziesta-piata-niedziela-w-ciagu-roku-19-wrzesnia-2021","status":"publish","type":"post","link":"https:\/\/parafiasmardzewo.pl\/?p=7565","title":{"rendered":"DWUDZIESTA PI\u0104TA NIEDZIELA W CI\u0104GU ROKU &#8211; 19 wrze\u015bnia 2021"},"content":{"rendered":"<p><strong>OG\u0141OSZENIA DUSZPASTERSKIE<\/strong><\/p>\n<ol>\n<li>Dzisiaj, prze\u017cywamy w naszej parafii uroczysto\u015b\u0107 odpustow\u0105 i wspominamy patrona naszej parafii i patrona dzieci i m\u0142odzie\u017cy, \u015bw. Stanis\u0142awa Kostk\u0119. Po ka\u017cdej Eucharystii odm\u00f3wimy Litani\u0119 do naszego patrona i ofiarujemy te modlitwy w intencji naszej wsp\u00f3lnoty parafialnej, a szczeg\u00f3lnie w intencji dzieci i m\u0142odzie\u017cy. Po Mszy o godz. 9.00 b\u0119dzie spotkanie z kandydatami do bierzmowania.<\/li>\n<li>Wczoraj, w Rostkowie &#8211; miejscu urodzin \u015bw. Stanis\u0142awa Kostki \u2013 odby\u0142o si\u0119 spotkanie m\u0142odzie\u017cy i dzieci z naszej diecezji. W tym modlitewnym spotkaniu, pod przewodnictwem ks. Bpa Piotra Libery, uczestniczyli r\u00f3wnie\u017c przedstawiciele naszej parafii.<\/li>\n<li>Dzi\u015b jest Dzie\u0144 \u015arodk\u00f3w Spo\u0142ecznego Przekazu. M\u00f3dlmy si\u0119 za tych, kt\u00f3rzy s\u0105 odpowiedzialni za przekaz prawdy i fakt\u00f3w.<\/li>\n<li>W czwartek wspomnienie \u015bw. o. Pio, czciciela Naj\u015bwi\u0119tszej Eucharystii i Matki Bo\u017cej, niezwyk\u0142ego charyzmatyka. Tego dnia chcemy wyrazi\u0107 wdzi\u0119czno\u015b\u0107 wszystkim pochylaj\u0105cym si\u0119 nad lud\u017ami chorymi i nie w pe\u0142ni sprawnymi.<\/li>\n<li>Pierwsza Komunia \u015awi\u0119ta, dla uczni\u00f3w kl. III z naszej parafii, jest planowana na 22 maja (niedziela) 2022 roku. Uczniowie kl. IV odnowi\u0105 Przyrzeczenia Chrztu \u015awi\u0119tego 29 maja (niedziela) 2022 roku.<\/li>\n<li>Na pocz\u0105tku pa\u017adziernika planujemy prace na cmentarzu grzebalnym. B\u0119dziemy uk\u0142ada\u0107 kostk\u0119 w alejkach mi\u0119dzy grobami. W nast\u0119pn\u0105 niedziel\u0119, 26 wrze\u015bnia, zapraszam na spotkanie, po Mszy \u015awi\u0119tej o godz. 9.00, wszystkich kt\u00f3rzy maj\u0105 groby przy alejkach, gdzie b\u0119d\u0105 wykonywane prace.<\/li>\n<li>Zach\u0119cam do nabycia prasy katolickiej.<\/li>\n<li>Wszystkim solenizantom i jubilatom tego tygodnia \u017cyczymy obfito\u015bci \u0142ask Bo\u017cych i opieki Matki Naj\u015bwi\u0119tszej na ka\u017cdy dzie\u0144. Mi\u0142ej i b\u0142ogos\u0142awionej niedzieli.<\/li>\n<li>W tym tygodniu patronuj\u0105 nam: \u2013 w poniedzia\u0142ek 20 wrze\u015bnia \u2013 <strong>\u015bwi\u0119ci m\u0119czennicy Andrzej Kim Taegon (1821-1846), prezbiter, Pawe\u0142 Chong Hasang (1795-1839) i Towarzysze, pierwsi m\u0119czennicy korea\u0144scy;<\/strong> \u2013 we wtorek 21 wrze\u015bnia \u2013 <strong>\u015bw. Mateusz<\/strong> (\u2020ok. 60), aposto\u0142 i ewangelista; \u2013 w czwartek 23 wrze\u015bnia \u2013 <strong>\u015bw. Pio z Pietrelciny <\/strong>(1887-1968), prezbiter, stygmatyk, mistyk, czciciel Eucharystii i Matki Bo\u017cej.<\/li>\n<\/ol>\n<p>&nbsp;<\/p>\n<p>&nbsp;<\/p>\n","protected":false},"excerpt":{"rendered":"<p>OG\u0141OSZENIA DUSZPASTERSKIE Dzisiaj, prze\u017cywamy w naszej parafii uroczysto\u015b\u0107 odpustow\u0105 i wspominamy patrona naszej parafii i patrona dzieci i m\u0142odzie\u017cy, \u015bw. Stanis\u0142awa Kostk\u0119. Po ka\u017cdej Eucharystii odm\u00f3wimy Litani\u0119 do naszego patrona i ofiarujemy te modlitwy w intencji naszej wsp\u00f3lnoty parafialnej, a szczeg\u00f3lnie w intencji dzieci i m\u0142odzie\u017cy. Po Mszy o godz. 9.00 b\u0119dzie spotkanie z kandydatami &hellip; <\/p>\n<p><a class=\"more-link btn\" href=\"https:\/\/parafiasmardzewo.pl\/?p=7565\">Kontynuuj czytanie<\/a><\/p>\n","protected":false},"author":2,"featured_media":6302,"comment_status":"open","ping_status":"open","sticky":false,"template":"","format":"standard","meta":[],"categories":[2],"tags":[],"_links":{"self":[{"href":"https:\/\/parafiasmardzewo.pl\/index.php?rest_route=\/wp\/v2\/posts\/7565"}],"collection":[{"href":"https:\/\/parafiasmardzewo.pl\/index.php?rest_route=\/wp\/v2\/posts"}],"about":[{"href":"https:\/\/parafiasmardzewo.pl\/index.php?rest_route=\/wp\/v2\/types\/post"}],"author":[{"embeddable":true,"href":"https:\/\/parafiasmardzewo.pl\/index.php?rest_route=\/wp\/v2\/users\/2"}],"replies":[{"embeddable":true,"href":"https:\/\/parafiasmardzewo.pl\/index.php?rest_route=%2Fwp%2Fv2%2Fcomments&post=7565"}],"version-history":[{"count":2,"href":"https:\/\/parafiasmardzewo.pl\/index.php?rest_route=\/wp\/v2\/posts\/7565\/revisions"}],"predecessor-version":[{"id":7567,"href":"https:\/\/parafiasmardzewo.pl\/index.php?rest_route=\/wp\/v2\/posts\/7565\/revisions\/7567"}],"wp:featuredmedia":[{"embeddable":true,"href":"https:\/\/parafiasmardzewo.pl\/index.php?rest_route=\/wp\/v2\/media\/6302"}],"wp:attachment":[{"href":"https:\/\/parafiasmardzewo.pl\/index.php?rest_route=%2Fwp%2Fv2%2Fmedia&parent=7565"}],"wp:term":[{"taxonomy":"category","embeddable":true,"href":"https:\/\/parafiasmardzewo.pl\/index.php?rest_route=%2Fwp%2Fv2%2Fcategories&post=7565"},{"taxonomy":"post_tag","embeddable":true,"href":"https:\/\/parafiasmardzewo.pl\/index.php?rest_route=%2Fwp%2Fv2%2Ftags&post=7565"}],"curies":[{"name":"wp","href":"https:\/\/api.w.org\/{rel}","templated":true}]}}