{"id":7571,"date":"2021-09-25T20:44:53","date_gmt":"2021-09-25T18:44:53","guid":{"rendered":"http:\/\/parafiasmardzewo.pl\/?p=7571"},"modified":"2021-09-26T13:39:47","modified_gmt":"2021-09-26T11:39:47","slug":"dwudziesta-szosta-niedziela-w-ciagu-roku-26-wrzesnia-2021","status":"publish","type":"post","link":"https:\/\/parafiasmardzewo.pl\/?p=7571","title":{"rendered":"DWUDZIESTA SZ\u00d3STA NIEDZIELA W CI\u0104GU ROKU &#8211;  26 wrze\u015bnia 2021"},"content":{"rendered":"<p><strong>OG\u0141OSZENIA DUSZPASTERSKIE<\/strong><\/p>\n<ol>\n<li>Po Mszy \u015awi\u0119tej o godz. 9.00 b\u0119dzie kr\u00f3tkie spotkanie na cmentarzu z osobami, kt\u00f3re maj\u0105 groby swoich bliskich przy alejkach, gdzie planujemy uk\u0142ada\u0107 kostk\u0119 brukow\u0105.<\/li>\n<li>Dzisiaj w ca\u0142ym Ko\u015bciele prze\u017cywamy \u015awiatowy Dzie\u0144 Migranta i Uchod\u017acy. W historii naszego kraju s\u0105 wydarzenia, kt\u00f3re sprawi\u0142y, \u017ce wielu rodak\u00f3w znalaz\u0142o ojczyzn\u0119 poza jego granicami. Poznali now\u0105 rzeczywisto\u015b\u0107, zasymilowali si\u0119 z tamtejsz\u0105 kultur\u0105 i tradycj\u0105, a dzi\u015b prac\u0105 i zaanga\u017cowaniem buduj\u0105 dobrobyt nowych ojczyzn. Niech ta my\u015bl towarzyszy naszym modlitwom i otwarto\u015bci na tych, kt\u00f3rzy w\u015br\u00f3d nas pragn\u0105 odnale\u017a\u0107 swoj\u0105 now\u0105 ojczyzn\u0119.<\/li>\n<li>Dzisiaj, we wszystkich \u015bwi\u0105tyniach odbywa si\u0119 liczenie wiernych, kt\u00f3rzy uczestnicz\u0105 w Mszach \u015awi\u0119tych i tych, kt\u00f3rzy przyjmuj\u0105 Komuni\u0119 \u015awi\u0119t\u0105.<\/li>\n<li>Jutro \u015awiatowy Dzie\u0144 Turystyki. Wielu z nas w czasie wakacji i urlop\u00f3w przemierza\u0142o r\u00f3\u017cne szlaki, tak\u017ce zagraniczne, odkrywa\u0142o pi\u0119kno stworzenia, miejsca szczeg\u00f3lnie naznaczone Bo\u017c\u0105 obecno\u015bci\u0105. Z okazji tego dnia warto promowa\u0107 miejsca zwi\u0105zane z duchowo\u015bci\u0105 chrze\u015bcija\u0144sk\u0105, kt\u00f3re mog\u0105 stanowi\u0107 ukojenie dla zabieganych ludzi.<\/li>\n<li>W \u015brod\u0119 \u015bwi\u0119to \u015awi\u0119tych Archanio\u0142\u00f3w Micha\u0142a, Gabriela i Rafa\u0142a. B\u00f3g posy\u0142a swoich anio\u0142\u00f3w, by troszczyli si\u0119 o nas, strzegli nas i chronili w wa\u017cnych momentach \u017cycia. Oni s\u0105 przejawem mi\u0142o\u015bci i codziennej obecno\u015bci Boga w naszym \u017cyciu. Warto poleca\u0107 si\u0119 ich opiece nie tylko w latach dzieci\u0119cych, ale i w doros\u0142ym \u017cyciu.<\/li>\n<li>W pi\u0105tek rozpoczniemy pa\u017adziernik, miesi\u0105c w szczeg\u00f3lny spos\u00f3b po\u015bwi\u0119cony Matce Bo\u017cej R\u00f3\u017ca\u0144cowej. R\u00f3\u017caniec b\u0119dziemy odmawia\u0107 codziennie po Mszy \u015awi\u0119tej o godz.16.00. Ci, kt\u00f3rzy nie mog\u0105 przyby\u0107 do \u015bwi\u0105tyni niech modl\u0105 si\u0119 na r\u00f3\u017ca\u0144cu w domu w rodzinach lub w miejscu mo\u017cliwym do odm\u00f3wienia tej modlitwy np. w podr\u00f3\u017cy.<\/li>\n<li>W pierwszy pi\u0105tek miesi\u0105ca zach\u0119cam do spowiedzi m\u0142odzie\u017c, kt\u00f3ra przygotowuje si\u0119 do sakramentu bierzmowania. Pocz\u0105tek spowiedzi od godz. 15.30. Ci, kt\u00f3rzy p\u00f3\u017ano wracaj\u0105 ze szko\u0142y b\u0119d\u0105 mogli skorzysta\u0107 z sakramentu pokuty od godz. 17.00 \u2013 17.30. Po spowiedzi odm\u00f3wimy Litani\u0119 do Serca Pana Jezusa i b\u0119dzie mo\u017cna przyj\u0105\u0107 Komuni\u0119 \u015awi\u0119t\u0105. Kandydaci do sakramentu bierzmowania mog\u0105 zabra\u0107, po ka\u017cdej Eucharystii, katechizm dla bierzmowanych. Ci, kt\u00f3rzy jeszcze nie zapisali si\u0119 na list\u0119 kandydat\u00f3w nich to uczyni\u0105 dzisiaj lub w najbli\u017cszym czasie.<\/li>\n<li>W pierwsz\u0105 sobot\u0119 miesi\u0105ca o godz.7.30 Msza \u015awi\u0119ta wynagradzaj\u0105ca Niepokalanemu Sercu Maryi.<\/li>\n<li>W sobot\u0119 b\u0119dziemy wspominali \u015awi\u0119tych Anio\u0142\u00f3w Str\u00f3\u017c\u00f3w. B\u00f3g ka\u017cdemu z nas daje Anio\u0142a, by go strzeg\u0142 i wspomaga\u0142 na drogach \u017cycia.<\/li>\n<li>Od nast\u0119pnej niedzieli (3 pa\u017adziernika) dzieci z kl. III i IV zapraszam na kr\u00f3tkie spotkania po Mszy \u015awi\u0119tej o godz.9.00. B\u0119d\u0105 to spotkania przygotowuj\u0105ce do Pierwszej i Generalnej Komunii \u015awi\u0119tej.<\/li>\n<li>Wszystkim solenizantom i jubilatom tego tygodnia \u017cyczymy obfito\u015bci \u0142ask Bo\u017cych i opieki Matki Naj\u015bwi\u0119tszej na ka\u017cdy dzie\u0144. Mi\u0142ej i b\u0142ogos\u0142awionej niedzieli.<\/li>\n<li>W ubieg\u0142ym tygodniu odesz\u0142a do wieczno\u015bci \u015bw. p. Jadwiga Dzi\u0119gielewska, kt\u00f3ra prze\u017cy\u0142a 60 lat. Zmar\u0142a Jadwiga mieszka\u0142a w P\u0142o\u0144sku, ale pochodzi\u0142a z naszej parafii, z K\u0119py. Od uczestnik\u00f3w pogrzebu b\u0119dzie odprawionych jedena\u015bcie Mszy \u015awi\u0119tych, w tym dwie od rodziny\u00a0 Bandych\u00f3w oraz Delur\u00f3w i Teresy Kowalskiej.\u00a0 Pami\u0119tajmy o niej w modlitwach oraz o jej najbli\u017cszych i wspierajmy si\u0119 nawzajem s\u0142owami wiary i mi\u0142o\u015bci.<\/li>\n<li>Zach\u0119cam do nabycia prasy katolickiej.<\/li>\n<li>W tym tygodniu patronuj\u0105 nam: \u2013 <strong>w poniedzia\u0142ek 27 wrze\u015bnia \u2013 \u015bw. Wincenty a Paulo<\/strong> (1581-1660), prezbiter, patron dzie\u0142 mi\u0142osierdzia; \u2013 <strong>we wtorek 28 wrze\u015bnia \u2013 \u015bw. Wac\u0142aw<\/strong> (ok. 907-929 lub 935), m\u0119czennik, kr\u00f3l i patron Czech, zgin\u0105\u0142 za wiar\u0119 z r\u0105k brata; \u2013 <strong>w \u015brod\u0119 29 wrze\u015bnia \u2013 \u015bwi\u0119ci archanio\u0142owie Micha\u0142, Gabriel i Rafa\u0142<\/strong>, szczeg\u00f3lni pos\u0142a\u0144cy od Boga; \u2013 <strong>w czwartek 30 wrze\u015bnia \u2013 \u015bw. Hieronim<\/strong> (ok. 347-420), prezbiter i doktor Ko\u015bcio\u0142a, t\u0142umacz Pisma \u015awi\u0119tego na j\u0119zyk \u0142aci\u0144ski; \u2013 <strong>w pi\u0105tek 1 pa\u017adziernika \u2013 \u015bw. Teresa<\/strong> od Dzieci\u0105tka Jezus (1873-1897), dziewica i doktor Ko\u015bcio\u0142a, karmelitanka, patronka misji katolickich; \u2013 <strong>w sobot\u0119 2 pa\u017adziernika \u2013 \u015awi\u0119ci Anio\u0142owie Str\u00f3\u017cowie,<\/strong> opiekunowie niebiescy dani nam przez Boga.<\/li>\n<\/ol>\n<p>&nbsp;<\/p>\n<p>&nbsp;<\/p>\n<p>&nbsp;<\/p>\n","protected":false},"excerpt":{"rendered":"<p>OG\u0141OSZENIA DUSZPASTERSKIE Po Mszy \u015awi\u0119tej o godz. 9.00 b\u0119dzie kr\u00f3tkie spotkanie na cmentarzu z osobami, kt\u00f3re maj\u0105 groby swoich bliskich przy alejkach, gdzie planujemy uk\u0142ada\u0107 kostk\u0119 brukow\u0105. Dzisiaj w ca\u0142ym Ko\u015bciele prze\u017cywamy \u015awiatowy Dzie\u0144 Migranta i Uchod\u017acy. W historii naszego kraju s\u0105 wydarzenia, kt\u00f3re sprawi\u0142y, \u017ce wielu rodak\u00f3w znalaz\u0142o ojczyzn\u0119 poza jego granicami. Poznali now\u0105 &hellip; <\/p>\n<p><a class=\"more-link btn\" href=\"https:\/\/parafiasmardzewo.pl\/?p=7571\">Kontynuuj czytanie<\/a><\/p>\n","protected":false},"author":2,"featured_media":6301,"comment_status":"open","ping_status":"open","sticky":false,"template":"","format":"standard","meta":[],"categories":[2],"tags":[],"_links":{"self":[{"href":"https:\/\/parafiasmardzewo.pl\/index.php?rest_route=\/wp\/v2\/posts\/7571"}],"collection":[{"href":"https:\/\/parafiasmardzewo.pl\/index.php?rest_route=\/wp\/v2\/posts"}],"about":[{"href":"https:\/\/parafiasmardzewo.pl\/index.php?rest_route=\/wp\/v2\/types\/post"}],"author":[{"embeddable":true,"href":"https:\/\/parafiasmardzewo.pl\/index.php?rest_route=\/wp\/v2\/users\/2"}],"replies":[{"embeddable":true,"href":"https:\/\/parafiasmardzewo.pl\/index.php?rest_route=%2Fwp%2Fv2%2Fcomments&post=7571"}],"version-history":[{"count":4,"href":"https:\/\/parafiasmardzewo.pl\/index.php?rest_route=\/wp\/v2\/posts\/7571\/revisions"}],"predecessor-version":[{"id":7577,"href":"https:\/\/parafiasmardzewo.pl\/index.php?rest_route=\/wp\/v2\/posts\/7571\/revisions\/7577"}],"wp:featuredmedia":[{"embeddable":true,"href":"https:\/\/parafiasmardzewo.pl\/index.php?rest_route=\/wp\/v2\/media\/6301"}],"wp:attachment":[{"href":"https:\/\/parafiasmardzewo.pl\/index.php?rest_route=%2Fwp%2Fv2%2Fmedia&parent=7571"}],"wp:term":[{"taxonomy":"category","embeddable":true,"href":"https:\/\/parafiasmardzewo.pl\/index.php?rest_route=%2Fwp%2Fv2%2Fcategories&post=7571"},{"taxonomy":"post_tag","embeddable":true,"href":"https:\/\/parafiasmardzewo.pl\/index.php?rest_route=%2Fwp%2Fv2%2Ftags&post=7571"}],"curies":[{"name":"wp","href":"https:\/\/api.w.org\/{rel}","templated":true}]}}