{"id":7578,"date":"2021-10-02T20:34:24","date_gmt":"2021-10-02T18:34:24","guid":{"rendered":"http:\/\/parafiasmardzewo.pl\/?p=7578"},"modified":"2021-10-02T20:34:24","modified_gmt":"2021-10-02T18:34:24","slug":"list-pasterski-episkopatu-polski-zapowiadajacy-obchody-xxi-dnia-papieskiego","status":"publish","type":"post","link":"https:\/\/parafiasmardzewo.pl\/?p=7578","title":{"rendered":"List Pasterski Episkopatu Polski zapowiadaj\u0105cy obchody XXI Dnia Papieskiego"},"content":{"rendered":"<p><em>\u00a0<\/em><strong>Umi\u0142owani w Chrystusie Panu Siostry i Bracia!<\/strong><\/p>\n<p><strong>\u00a0B\u00f3g po stworzeniu \u015bwiata nie porzuci\u0142 go i nie przesta\u0142 troszczy\u0107 si\u0119 o niego. Jako najlepszy Ojciec nieustannie interesuje si\u0119 \u017cyciem swoich dzieci. Widz\u0105c w raju samotno\u015b\u0107 Adama powo\u0142a\u0142 do istnienia Ew\u0119. <\/strong>M\u0119\u017cczyzna i kobieta stali si\u0119 odt\u0105d wzajemnym darem dla siebie.\u00a0Podkre\u015blaj\u0105c nierozerwalno\u015b\u0107 relacji ma\u0142\u017ce\u0144skiej, Chrystus nada\u0142 jej charakter sakramentalny. W ten spos\u00f3b poprzez \u0142ask\u0119 przychodzi z pomoc\u0105 ludziom, kt\u00f3rzy chc\u0105 zbudowa\u0107 trwa\u0142\u0105 wsp\u00f3lnot\u0119 rodzinn\u0105. Obserwacja r\u00f3\u017cnych przejaw\u00f3w z\u0142a i do\u015bwiadczenie cierpienia zdaj\u0105 si\u0119 jednak przeczy\u0107 prawdzie o nieustannej opiece Boga nad cz\u0142owiekiem i \u015bwiatem. Dzi\u015b w ludzkich sercach zamiast postawy zaufania wobec Stw\u00f3rcy cz\u0119sto pojawia si\u0119 l\u0119k, strach i niepewno\u015b\u0107. Prze\u017cywaj\u0105c, w \u0142\u0105czno\u015bci z papie\u017cem Franciszkiem, XXI Dzie\u0144 Papieski wracamy wi\u0119c do or\u0119dzia nadziei, kt\u00f3re na pocz\u0105tku swojego pontyfikatu przypomnia\u0142 \u015bw. Jan Pawe\u0142 II. Chrystusowe wezwanie\u00a0<em>Nie l\u0119kajcie si\u0119!\u00a0<\/em>Papie\u017c skierowa\u0142 najpierw do \u015bwiata, kt\u00f3ry by\u0142 w\u00f3wczas dramatycznie podzielony na dwa bloki polityczno-militarne. To przes\u0142anie przeznaczone by\u0142o r\u00f3wnie\u017c dla Ko\u015bcio\u0142a, kt\u00f3ry w wyniku b\u0142\u0119dnych interpretacji postanowie\u0144 Soboru Watyka\u0144skiego II prze\u017cywa\u0142 trudne chwile. Od inauguracji pontyfikatu \u015bw. Jana Paw\u0142a II min\u0119\u0142y ju\u017c czterdzie\u015bci trzy lata. Zmieni\u0142y si\u0119 niekt\u00f3re \u017ar\u00f3d\u0142a l\u0119k\u00f3w i obaw prze\u017cywanych przez ludzi. Jednak niezmienn\u0105 odpowiedzi\u0105 na nie jest Dobra Nowina o Chrystusie \u2013 Odkupicielu cz\u0142owieka, kt\u00f3ry nadaje sens ludzkiemu \u017cyciu i przynosi pok\u00f3j serca. T\u0119 prawd\u0119 odkrywamy w S\u0142owie Bo\u017cym, na kt\u00f3rego kartach odnajdujemy trzysta sze\u015b\u0107dziesi\u0105t pi\u0119\u0107 razy wezwanie\u00a0<em>Nie l\u0119kacie si\u0119!<\/em>\u00a0Jakby ka\u017cdego dnia B\u00f3g chcia\u0142 zapewni\u0107 nas o tym, \u017ce jest z nami.<\/p>\n<ol>\n<li><strong> Chrystus \u017ar\u00f3d\u0142em nadziei w obliczu cierpienia i \u015bmierci<\/strong><\/li>\n<\/ol>\n<p><strong>\u00a0<\/strong>Jeste\u015bmy dzisiaj \u015bwiadkami cierpienia ludzi na ca\u0142ym \u015bwiecie z powodu pandemii koronawirusa. Wielu chorych ostatnie chwile swojego \u017cycia prze\u017cywa\u0142o w b\u00f3lu i\u00a0opuszczeniu. Nie mo\u017cna zapomnie\u0107 o cierpieniu rodzin i przyjaci\u00f3\u0142, kt\u00f3rzy stracili swoich bliskich. Dzi\u015b ludzko\u015b\u0107 zmaga si\u0119 tak\u017ce z wieloma innymi tragediami. G\u0142\u00f3d, katastrofy naturalne, utrata dachu nad g\u0142ow\u0105, przymusowa emigracja, handel lud\u017ami, na\u0142ogi i\u00a0osamotnienie otwieraj\u0105 katalog ludzkich cierpie\u0144 i tragedii. Ka\u017cda z nich zdaje si\u0119 ju\u017c nawet nie pyta\u0107, ale wo\u0142a\u0107 \u2013 gdzie jest B\u00f3g?! Odpowiedzi\u0105 Boga na pytanie o sens cierpienia jest osoba Jezusa Chrystusa, kt\u00f3ry jako niewinny wzi\u0105\u0142 dobrowolnie na siebie krzy\u017c naszych grzech\u00f3w, cierpia\u0142, umar\u0142, ale trzeciego dnia zmartwychwsta\u0142.\u00a0<em>W krzy\u017cu Chrystusa\u00a0<\/em>\u2013 jak pisze do chorych \u015bw. Jan Pawe\u0142 II \u2013\u00a0<em>dokona\u0142o si\u0119 nie tylko odkupienie przez cierpienie, ale tak\u017ce odkupione zosta\u0142o samo cierpienie cz\u0142owieka<\/em>\u00a0(<em>Salvifici doloris<\/em>, 19). Od Jezusa czerpiemy bowiem nadziej\u0119, \u017ce\u00a0mo\u017cemy przej\u015b\u0107 przez do\u015bwiadczenie cierpienia, zw\u0142aszcza niezawinionego, gdy\u017c na drugiej stronie naszego krzy\u017ca przybity jest On. Tylko osobiste spotkanie z Jezusem, prze\u017cyte we wsp\u00f3lnocie wierz\u0105cych, mo\u017ce da\u0107 nam pok\u00f3j w najtrudniejszych sytuacjach \u017cyciowych. Dlatego tak wa\u017cna jest Eucharystia i adoracja Naj\u015bwi\u0119tszego Sakramentu. Wtedy padaj\u0105c na kolana, niczym Jezus w Ogr\u00f3jcu, szukamy si\u0142y by powsta\u0107 i podj\u0105\u0107 nasz osobisty krzy\u017c. Nie zrozumiemy do ko\u0144ca dlaczego cierpi cz\u0142owiek. Wobec cierpienia mo\u017cemy si\u0119 albo zbuntowa\u0107, albo zaufa\u0107 Bogu, otwieraj\u0105c si\u0119 na duchow\u0105 si\u0142\u0119 do przej\u015bcia trudnego do\u015bwiadczenia. Tylko bowiem w perspektywie \u017cycia wiecznego i tajemnicy zmartwychwstania, o kt\u00f3rych wsp\u00f3\u0142czesny cz\u0142owiek jakby zapomnia\u0142, l\u0119k przed chorob\u0105 lub \u015bmierci\u0105 ust\u0119puje miejsca prawdziwej i najg\u0142\u0119bszej nadziei. W ten spos\u00f3b cierpienie przestaje przes\u0142ania\u0107 nam Boga, ale staje si\u0119 znakiem Jego szczeg\u00f3lnej obecno\u015bci i\u00a0wezwaniem do na\u015bladowania Chrystusa. Przekazanie or\u0119dzia nadziei, p\u0142yn\u0105cej z Chrystusowego krzy\u017ca i zmartwychwstania, nale\u017cy do nas wierz\u0105cych.\u00a0<em>W \u015bwiecie, w kt\u00f3rym z\u0142o zdaje si\u0119 zwyci\u0119\u017ca\u0107, a nadzieja czasem zanika \u2013\u00a0<\/em>apelowa\u0142 \u015bw. Jan Pawe\u0142 II \u2013\u00a0<em>stawajcie si\u0119 bli\u017animi jedni drugich, tak jak Chrystus sta\u0142 si\u0119 waszym bli\u017anim. Nie odwracajcie wzroku, miejcie odwag\u0119 wyj\u015b\u0107 na spotkanie i uczyni\u0107 braterski gest, wzorem Szymona Cyrenejczyka, kt\u00f3ry wspom\u00f3g\u0142 Jezusa w drodze na Kalwari\u0119<\/em>\u00a0(Pary\u017c 22 sierpnia 1997 r.). Czasami wystarczy obecno\u015b\u0107 przy osobie cierpi\u0105cej i rozmowa. S\u0105siedzka pomoc w zrobieniu zakup\u00f3w, za\u0142atwieniu spraw urz\u0119dowych lub u\u017cyczenie samochodu by pojecha\u0107 do lekarza. Tak rodzi si\u0119\u00a0<em>wyobra\u017ania mi\u0142osierdzia<\/em>, o kt\u00f3r\u0105 apelowa\u0142 \u015bw. Jan Pawe\u0142 II na pocz\u0105tku trzeciego tysi\u0105clecia. Dzi\u015b przyjmuje ona rozmaite formy pomocy, kt\u00f3re szeroko okre\u015bla si\u0119 mianem wolontariatu. Ko\u015bci\u00f3\u0142 poprzez konkretne dzie\u0142a mi\u0142osierdzia, jako wsp\u00f3lnota wierz\u0105cych, przychodz\u0105c z pomoc\u0105 drugiemu cz\u0142owiekowi staje si\u0119 \u015bwiadkiem nadziei i wype\u0142nia Chrystusowe wezwanie\u00a0<em>Nie l\u0119kajcie si\u0119!<\/em>\u00a0\u015awietlanym przyk\u0142adem jest beatyfikowana Matka El\u017cbieta R\u00f3\u017ca Czacka za\u0142o\u017cycielka Towarzystwa Opieki nad Ociemnia\u0142ymi w Laskach. Gdy w wieku 22 lat straci\u0142a wzrok, nie skupi\u0142a si\u0119 na swoim cierpieniu, ale zacz\u0119\u0142a si\u0119 uczy\u0107 \u017cy\u0107 jako osoba niewidoma i po\u015bwi\u0119ci\u0142a si\u0119 innym niewidomym, pomagaj\u0105c im na duszy i ciele. Wraz z Prymasem Tysi\u0105clecia \u2013 b\u0142. kard. Stefanem Wyszy\u0144skim, zwi\u0105zanym z o\u015brodkiem w Laskach, pokazuj\u0105, \u017ce w ka\u017cdych okoliczno\u015bciach mo\u017cna odkry\u0107 blisko\u015b\u0107 Boga.<\/p>\n<ol start=\"2\">\n<li><strong> Przysz\u0142o\u015b\u0107 budowana na fundamencie Ewangelii<\/strong><\/li>\n<\/ol>\n<p>Wsp\u00f3\u0142cze\u015bnie r\u00f3wnie\u017c zagro\u017cenia o charakterze globalnym takie jak konflikty zbrojne, zanieczyszczenie \u015brodowiska, demoralizacja czy niew\u0142a\u015bciwe wykorzystanie zdobyczy techniki s\u0105 \u017ar\u00f3d\u0142em l\u0119ku i strachu. Reakcj\u0105 na nie bywa oboj\u0119tno\u015b\u0107, postawa rezygnacji w\u00a0obliczu \u017cyciowych zobowi\u0105za\u0144 oraz ucieczka w wirtualny \u015bwiat, a nierzadko tak\u017ce w\u00a0przemoc i u\u017cywki. Szczeg\u00f3lnie niebezpieczne jest to w przypadku ludzi m\u0142odych, kt\u00f3rzy mog\u0105 utraci\u0107 w\u0142a\u015bciwe ich wiekowi postawy \u2013 wierno\u015bci idea\u0142om, bezinteresowno\u015bci, otwarto\u015bci i zaufania. Wobec tak dynamicznie zmieniaj\u0105cej si\u0119 rzeczywisto\u015bci cz\u0142owiek poszukuje fundamentu, na kt\u00f3rym m\u00f3g\u0142by oprze\u0107 swoje \u017cycie. \u015aw. Jan Pawe\u0142 II wskazuje tu jednoznacznie na Jezusa.\u00a0<em>\u00abNie\u00a0l\u0119kajcie\u00a0si\u0119\u00a0otworzy\u0107 serca Chrystusowi\u00bb pozw\u00f3lcie Mu wej\u015b\u0107 do swojego \u017cycia aby (\u2026) osoby, rodziny, narody id\u0105c wiernie\u00a0za Jezusem Chrystusem odnalaz\u0142y prawdziwy sens swego \u017cycia, odda\u0142y\u00a0si\u0119\u00a0na s\u0142u\u017cb\u0119 bli\u017anim, przemienia\u0142y relacje rodzinne, ekonomiczne i spo\u0142eczne, co z pewno\u015bci\u0105 oka\u017ce\u00a0si\u0119\u00a0dobrodziejstwem dla ojczyzny i\u00a0dla spo\u0142ecze\u0144stwa<\/em>\u00a0(Hawana, 21 stycznia 1998 r.)<em>.<\/em>\u00a0Budowanie przysz\u0142o\u015bci na Chrystusie oznacza kierowanie si\u0119 w podejmowaniu codziennych decyzji zasadami Ewangelii. Wierno\u015b\u0107 im mamy okaza\u0107 tak\u017ce w obliczu niezrozumienia, a nawet odrzucenia ze strony innych ludzi. Niedo\u015bcig\u0142ym wzorem zaufania Bogu i wierno\u015bci Jego woli jest dla nas Maryja. U\u00a0Niej szukali nadziei i Jej or\u0119downictwa przyzywali \u015bw. Jan Pawe\u0142 II i b\u0142. kard. Stefan Wyszy\u0144ski. Matce Odkupiciela zawierzali swoje \u017cycie i pos\u0142ug\u0119 w dramatycznym dla Ko\u015bcio\u0142a i Ojczyny czasie. Dzi\u0119ki temu zachowali jedno\u015b\u0107, pomimo wrogich pr\u00f3b rozbicia Ko\u015bcio\u0142a. Maryja przypomina, aby nie traci\u0107 nadziei, nawet w\u00f3wczas, gdy wszystko zdaje si\u0119 sprzysi\u0119ga\u0107 przeciwko nam. B\u00f3g nigdy nie wypuszcza nas ze swoich d\u0142oni i je\u017celi Mu zaufamy przeprowadzi nas przez najtrudniejsze do\u015bwiadczenia.<\/p>\n<ol start=\"3\">\n<li><strong> Nieuzasadniony l\u0119k przed Bogiem<\/strong><\/li>\n<\/ol>\n<p>Cz\u0142owiek jednak paradoksalnie prze\u017cywa r\u00f3wnie\u017c l\u0119k wobec Boga obawiaj\u0105c si\u0119, \u017ce zostanie mu odebrana wolno\u015b\u0107 poprzez narzucenie mu przykaza\u0144 i wymaga\u0144, kt\u00f3re niesie ze sob\u0105 Ewangelia. Chrystus nigdy nie ukrywa\u0142 przed swoimi s\u0142uchaczami, \u017ce stawia im wysokie wymagania. Jednak w wezwaniu\u00a0<em>Nie l\u0119kajcie si\u0119\u00a0<\/em>ukazuje, \u017ce nie s\u0105 one ponad mo\u017cliwo\u015bci cz\u0142owieka. Gdy podejmuje je w duchu wiary w Boga odnajduje si\u0142\u0119 do tego, aby im sprosta\u0107. Co wi\u0119cej odkrywa, \u017ce dopiero wtedy, gdy \u017cyje Ewangeli\u0105 jest prawdziwie wolny. Dlatego aktualne pozostaje wezwanie do ewangelizacji \u015bw. Jana Paw\u0142a II:\u00a0<em>Nie\u00a0l\u0119kajcie\u00a0si\u0119\u00a0zaproponowa\u0107 Chrystusa temu, kto Go jeszcze\u00a0nie\u00a0zna. Chrystus jest najbardziej wyczerpuj\u0105c\u0105 odpowiedzi\u0105 na wszystkie pytania dotycz\u0105ce cz\u0142owieka i jego losu. Bez Chrystusa bowiem cz\u0142owiek pozostaje\u00a0nierozwi\u0105zan\u0105 zagadk\u0105. Przeto miejcie odwag\u0119 proponowa\u0107 Chrystusa!\u00a0<\/em>(Or\u0119dzie na VI \u015aDM). W tym kontek\u015bcie tak wa\u017cne jest szkolne nauczanie religii, kt\u00f3re dzisiaj w wielu przypadkach jest jedyn\u0105 sposobno\u015bci\u0105 proponowania dzieciom i m\u0142odzie\u017cy Chrystusa. Stanowi ono niezwyk\u0142\u0105 szans\u0119 nowej ewangelizacji lub pre-ewangelizacji wobec os\u00f3b nieochrzczonych lub nie maj\u0105cych kontaktu z Ko\u015bcio\u0142em. W\u00a0obliczu wielu negatywnych g\u0142os\u00f3w, nawet w \u015brodowisku Ko\u015bcio\u0142a, stanowczo chcemy podkre\u015bli\u0107 warto\u015b\u0107 nauczania religii w szkole, kt\u00f3re dzi\u0119ki Janowi Paw\u0142owi II znalaz\u0142o na powr\u00f3t swoje miejsce w plac\u00f3wkach o\u015bwiatowych w 1990 r. R\u00f3wnolegle nale\u017cy budowa\u0107 katechez\u0119 parafialn\u0105, kt\u00f3ra uzupe\u0142nia szkolne lekcje religii zw\u0142aszcza w wymiarze mistagogicznym. M\u0142odzie\u017c jest tego warta!<\/p>\n<ol start=\"4\">\n<li><strong> \u201e\u017bywy pomnik\u201d \u015bw. Jana Paw\u0142a II<\/strong><\/li>\n<\/ol>\n<p>Szczeg\u00f3lnym znakiem nadziei dla wielu m\u0142odych ludzi w naszej Ojczy\u017anie jest Fundacja \u201eDzie\u0142o Nowego Tysi\u0105clecia\u201d. Co roku swoj\u0105 opiek\u0105 obejmuje blisko dwa tysi\u0105ce zdolnych uczni\u00f3w i student\u00f3w z niezamo\u017cnych rodzin, z wiosek i ma\u0142ych miejscowo\u015bci ca\u0142ej Polski.\u00a0<em>Niebagatelny wp\u0142yw na nasze wzrastanie mia\u0142a Fundacja<\/em>\u00a0\u2013 przyznaj\u0105 Kinga i Przemek, absolwenci programu, a przede wszystkim szcz\u0119\u015bliwi ma\u0142\u017conkowie i rodzice \u2013\u00a0<em>towarzyszy\u0142a nam od lat nastoletnich i zapewnia\u0142a nie tylko \u015brodowisko bogate duchowo, wsparcie materialne, lecz przede wszystkim dobrych ludzi. Dzi\u015b tworzymy rodzin\u0119, kt\u00f3ra b\u0119dzie przekazywa\u0142a kolejnym pokoleniom warto\u015bci, kt\u00f3re wynie\u015bli\u015bmy z Fundacji \u2013 wiar\u0119, nadziej\u0119 i mi\u0142o\u015b\u0107.<\/em> W przysz\u0142\u0105 niedziel\u0119, podczas kwesty przy ko\u015bcio\u0142ach i w miejscach publicznych, b\u0119dziemy mogli wesprze\u0107 materialnie ten wyj\u0105tkowy, konsekwentnie budowany od 21 lat przez nas wszystkich \u201e\u017cywy pomnik\u201d wdzi\u0119czno\u015bci \u015bw. Janowi Paw\u0142owi II. Dzi\u015b, w\u00a0obliczu trudno\u015bci finansowych wielu rodzin, przez sk\u0142adane ofiary mamy szans\u0119 podtrzyma\u0107, a niejednokrotnie przywr\u00f3ci\u0107 nadziej\u0119 w sercach m\u0142odych ludzi na lepsz\u0105 przysz\u0142o\u015b\u0107 i realizacj\u0119 ich edukacyjnych aspiracji dla dobra Ko\u015bcio\u0142a i naszej Ojczyzny. Niech udzielone w ten spos\u00f3b wsparcie, nawet w obliczu osobistych trudno\u015bci i\u00a0niedostatk\u00f3w, b\u0119dzie wyrazem naszej solidarno\u015bci i wyobra\u017ani mi\u0142osierdzia. Na czas owocnego prze\u017cywania XXI Dnia Papieskiego udzielamy wszystkim pasterskiego b\u0142ogos\u0142awie\u0144stwa. Pasterze Ko\u015bcio\u0142a Katolickiego w Polsce<\/p>\n<p>Podpisali: Kardyna\u0142owie, Arcybiskupi i Biskupi<\/p>\n<p>obecni na 389. Zebraniu Plenarnym Konferencji Episkopatu Polski,<\/p>\n<p>Kalwaria Zebrzydowska, 12 czerwca 2021 r.<\/p>\n<p>&nbsp;<\/p>\n<p><strong>\u00a0<\/strong><\/p>\n","protected":false},"excerpt":{"rendered":"<p>\u00a0Umi\u0142owani w Chrystusie Panu Siostry i Bracia! \u00a0B\u00f3g po stworzeniu \u015bwiata nie porzuci\u0142 go i nie przesta\u0142 troszczy\u0107 si\u0119 o niego. Jako najlepszy Ojciec nieustannie interesuje si\u0119 \u017cyciem swoich dzieci. Widz\u0105c w raju samotno\u015b\u0107 Adama powo\u0142a\u0142 do istnienia Ew\u0119. M\u0119\u017cczyzna i kobieta stali si\u0119 odt\u0105d wzajemnym darem dla siebie.\u00a0Podkre\u015blaj\u0105c nierozerwalno\u015b\u0107 relacji ma\u0142\u017ce\u0144skiej, Chrystus nada\u0142 jej &hellip; <\/p>\n<p><a class=\"more-link btn\" href=\"https:\/\/parafiasmardzewo.pl\/?p=7578\">Kontynuuj czytanie<\/a><\/p>\n","protected":false},"author":2,"featured_media":6913,"comment_status":"open","ping_status":"open","sticky":false,"template":"","format":"standard","meta":[],"categories":[1],"tags":[],"_links":{"self":[{"href":"https:\/\/parafiasmardzewo.pl\/index.php?rest_route=\/wp\/v2\/posts\/7578"}],"collection":[{"href":"https:\/\/parafiasmardzewo.pl\/index.php?rest_route=\/wp\/v2\/posts"}],"about":[{"href":"https:\/\/parafiasmardzewo.pl\/index.php?rest_route=\/wp\/v2\/types\/post"}],"author":[{"embeddable":true,"href":"https:\/\/parafiasmardzewo.pl\/index.php?rest_route=\/wp\/v2\/users\/2"}],"replies":[{"embeddable":true,"href":"https:\/\/parafiasmardzewo.pl\/index.php?rest_route=%2Fwp%2Fv2%2Fcomments&post=7578"}],"version-history":[{"count":1,"href":"https:\/\/parafiasmardzewo.pl\/index.php?rest_route=\/wp\/v2\/posts\/7578\/revisions"}],"predecessor-version":[{"id":7579,"href":"https:\/\/parafiasmardzewo.pl\/index.php?rest_route=\/wp\/v2\/posts\/7578\/revisions\/7579"}],"wp:featuredmedia":[{"embeddable":true,"href":"https:\/\/parafiasmardzewo.pl\/index.php?rest_route=\/wp\/v2\/media\/6913"}],"wp:attachment":[{"href":"https:\/\/parafiasmardzewo.pl\/index.php?rest_route=%2Fwp%2Fv2%2Fmedia&parent=7578"}],"wp:term":[{"taxonomy":"category","embeddable":true,"href":"https:\/\/parafiasmardzewo.pl\/index.php?rest_route=%2Fwp%2Fv2%2Fcategories&post=7578"},{"taxonomy":"post_tag","embeddable":true,"href":"https:\/\/parafiasmardzewo.pl\/index.php?rest_route=%2Fwp%2Fv2%2Ftags&post=7578"}],"curies":[{"name":"wp","href":"https:\/\/api.w.org\/{rel}","templated":true}]}}