{"id":7580,"date":"2021-10-02T21:09:56","date_gmt":"2021-10-02T19:09:56","guid":{"rendered":"http:\/\/parafiasmardzewo.pl\/?p=7580"},"modified":"2021-10-02T22:02:27","modified_gmt":"2021-10-02T20:02:27","slug":"dwudziesta-siodma-niedziela-w-ciagu-roku-3-pazdziernika-2021","status":"publish","type":"post","link":"https:\/\/parafiasmardzewo.pl\/?p=7580","title":{"rendered":"DWUDZIESTA SI\u00d3DMA NIEDZIELA W CI\u0104GU ROKU &#8211; 3 pa\u017adziernika 2021"},"content":{"rendered":"<p><strong>OG\u0141OSZENIA DUSZPASTERSKIE\u00a0\u00a0\u00a0\u00a0\u00a0\u00a0\u00a0\u00a0\u00a0\u00a0\u00a0\u00a0\u00a0\u00a0\u00a0\u00a0\u00a0\u00a0\u00a0\u00a0\u00a0\u00a0\u00a0\u00a0\u00a0\u00a0\u00a0\u00a0\u00a0\u00a0\u00a0\u00a0\u00a0\u00a0\u00a0\u00a0\u00a0\u00a0\u00a0\u00a0\u00a0\u00a0\u00a0\u00a0\u00a0\u00a0\u00a0\u00a0\u00a0\u00a0\u00a0\u00a0\u00a0\u00a0\u00a0\u00a0\u00a0\u00a0\u00a0\u00a0\u00a0\u00a0\u00a0\u00a0\u00a0\u00a0\u00a0\u00a0\u00a0\u00a0\u00a0\u00a0\u00a0\u00a0\u00a0\u00a0\u00a0\u00a0\u00a0\u00a0\u00a0\u00a0\u00a0\u00a0\u00a0\u00a0\u00a0\u00a0\u00a0\u00a0\u00a0\u00a0\u00a0\u00a0\u00a0\u00a0\u00a0\u00a0\u00a0\u00a0\u00a0\u00a0\u00a0\u00a0\u00a0\u00a0\u00a0\u00a0\u00a0\u00a0\u00a0\u00a0\u00a0\u00a0\u00a0\u00a0\u00a0\u00a0\u00a0\u00a0 <\/strong><\/p>\n<ol>\n<li>Dzisiaj, po Mszy \u015awi\u0119tej o godz. 9.00 b\u0119dzie kr\u00f3tkie spotkanie z dzie\u0107mi kl. III i IV, kt\u00f3rzy przygotowuj\u0105 si\u0119 do Pierwszej i Generalnej Komunii \u015awi\u0119tej. Po sumie, z racji pierwszej niedzieli pa\u017adziernika, b\u0119dzie adoracja i procesja\u00a0 eucharystyczna.\u00a0<strong>Zapraszam asyst\u0119 procesyjn\u0105 i dziewczynki do sypania kwiatkami. <\/strong><\/li>\n<li>Rozpocz\u0119li\u015bmy pa\u017adziernik \u2013 miesi\u0105c modlitwy r\u00f3\u017ca\u0144cowej. B\u0119dziemy rozwa\u017cali tajemnice Bo\u017ce, wzywali wstawiennictwa Matki Bo\u017cej i przedstawiali Bogu codzienne sprawy w\u0142asne, najbli\u017cszych i tych, kt\u00f3rzy powierzaj\u0105 si\u0119 naszej pami\u0119ci. Zach\u0119cam do odmawiania r\u00f3\u017ca\u0144ca w rodzinach. To pi\u0119kna praktyka, a przede wszystkim najpi\u0119kniejsze \u015bwiadectwo wiary, kiedy to rodzina razem modli si\u0119 za siebie. Ka\u017cdego dnia zapraszam na nabo\u017ce\u0144stwo r\u00f3\u017ca\u0144cowe po Mszy \u015awi\u0119tej o godz. 16.00. W niedziele odmawiamy r\u00f3\u017caniec po ka\u017cdej Mszy \u015awi\u0119tej.<\/li>\n<li>W czwartek,\u00a0<strong>7 pa\u017adziernika,\u00a0 przypada wspomnienie Naj\u015bwi\u0119tszej Maryi Panny R\u00f3\u017ca\u0144cowej<\/strong>\u00a0\u2013 patronki wsp\u00f3lnot \u017bywego R\u00f3\u017ca\u0144ca.<\/li>\n<li>9 pa\u017adziernika (sobota) odb\u0119dzie si\u0119 w Smardzewie spotkanie K\u00f3\u0142 R\u00f3\u017ca\u0144cowych z naszego dekanatu P\u0142o\u0144sk P\u00f3\u0142noc i s\u0105 zaproszeni cz\u0142onkowie K\u00f3\u0142 R\u00f3\u017ca\u0144cowych z dekanatu P\u0142o\u0144sk Po\u0142udnie. Program spotkania: godz. 10.00 powitanie uczestnik\u00f3w spotkania i modlitwa r\u00f3\u017ca\u0144cowa oraz \u00a0prywatna adoracja; godz. 10.40 \u2013 kr\u00f3tka konferencja; godz. 11.00 Msza \u015awi\u0119ta z homili\u0105; ostatni punkt spotkania \u2013 agapa, p\u0105czki i herbata. Zapraszam na to modlitewne spotkanie cz\u0142onk\u00f3w K\u00f3\u0142 R\u00f3\u017ca\u0144cowych z naszej parafii i parafian oraz czcicieli Matki Bo\u017cej R\u00f3\u017ca\u0144cowej. B\u0119dziemy dzi\u0119kowa\u0107 Bogu i Matce Bo\u017cej za beatyfikacje kard. Stefana Wyszy\u0144skiego i Matki R\u00f3\u017cy Czackiej.<\/li>\n<li>Stowarzyszenie Dobrych Inicjatyw \u201ePro Missio\u201d oraz firma Green Office Ecologic, za zgod\u0105 ks. Biskupa Piotra Libery, podejmuje w parafiach naszej diecezji zbi\u00f3rk\u0119 i utylizacje zu\u017cytego sprz\u0119tu elektrycznego i elektronicznego. Pewien procent zysku z tej zbi\u00f3rki jest przeznaczony na projekty Ko\u015bcio\u0142a \u2013 g\u0142\u00f3wnie misyjne. Zach\u0119cam do w\u0142\u0105czenia si\u0119 do tej akcji. Na parkingu przy ko\u015bciele b\u0119dzie mo\u017cna z\u0142o\u017cy\u0107 zu\u017cyte: lod\u00f3wki, pralki, telewizory itp. Na plakacie, kt\u00f3ry jest wywieszony w kruchcie ko\u015bcio\u0142a i przy bramie, prowadz\u0105cej do ko\u015bcio\u0142a, s\u0105 podane bardziej szczeg\u00f3\u0142owe informacje. Mo\u017cna te\u017c zabra\u0107 ulotki (znajduj\u0105 si\u0119 na stoliku przy gazetach) z informacjami o tej akcji.<\/li>\n<li>Podzi\u0119kowania: Bernardowi Felczakowi dzi\u0119kuj\u0119 za wykonanie ramki metalowej i zamontowanie plakatu z Jezusem Mi\u0142osiernym i fragmentami objawie\u0144, kt\u00f3rych do\u015bwiadczy\u0142a\u00a0 i spisa\u0142a siostra Faustyna Kowalska w &#8220;Dzienniczku&#8221;.\u00a0 \u00a0Danucie i Henrykowi Kr\u00f3lom dzi\u0119kuj\u0119 za oczyszczenie krzew\u00f3w z chwast\u00f3w, przy ko\u015bciele. Bo\u017cenie Chojnackiej i Tomaszowi Gellerowi dzi\u0119kuj\u0119 za pomoc przy porz\u0105dkach przy zabezpieczeniu wie\u0144ca do\u017cynkowego i wykonaniu innych prac.<\/li>\n<li>W przysz\u0142\u0105 niedziel\u0119 b\u0119dziemy obchodzi\u0107 21. Dzie\u0144 Papieski. B\u0119dziemy w tym dniu zbiera\u0107 ofiary dla zdolnej m\u0142odzie\u017cy, z niezamo\u017cnych rodzin, na pomoc w zdobyciu wykszta\u0142cenia.<\/li>\n<li>Zach\u0119cam do nabycia prasy katolickiej.<\/li>\n<li>W tym tygodniu patronuj\u0105 nam: \u2013 <strong>w poniedzia\u0142ek 4 pa\u017adziernika \u2013 \u015bw. Franciszek<\/strong> z Asy\u017cu (1182-1226), diakon, za\u0142o\u017cyciel Zakonu Braci Mniejszych; \u2013 <strong>we wtorek 5 pa\u017adziernika \u2013 \u015bw. Faustyna Kowalska <\/strong>(1905-1938), zakonnica ze Zgromadzenia Si\u00f3str Matki Bo\u017cej Mi\u0142osierdzia, mistyczka, nazywana Sekretark\u0105 Bo\u017cego mi\u0142osierdzia; \u2013 w czwartek <strong>7 pa\u017adziernika \u2013 Naj\u015bwi\u0119tsza Maryja Panna R\u00f3\u017ca\u0144cowa<\/strong> \u2013 patronka wsp\u00f3lnot \u017bywego R\u00f3\u017ca\u0144ca.<\/li>\n<\/ol>\n<p>&nbsp;<\/p>\n<p>&nbsp;<\/p>\n","protected":false},"excerpt":{"rendered":"<p>OG\u0141OSZENIA DUSZPASTERSKIE\u00a0\u00a0\u00a0\u00a0\u00a0\u00a0\u00a0\u00a0\u00a0\u00a0\u00a0\u00a0\u00a0\u00a0\u00a0\u00a0\u00a0\u00a0\u00a0\u00a0\u00a0\u00a0\u00a0\u00a0\u00a0\u00a0\u00a0\u00a0\u00a0\u00a0\u00a0\u00a0\u00a0\u00a0\u00a0\u00a0\u00a0\u00a0\u00a0\u00a0\u00a0\u00a0\u00a0\u00a0\u00a0\u00a0\u00a0\u00a0\u00a0\u00a0\u00a0\u00a0\u00a0\u00a0\u00a0\u00a0\u00a0\u00a0\u00a0\u00a0\u00a0\u00a0\u00a0\u00a0\u00a0\u00a0\u00a0\u00a0\u00a0\u00a0\u00a0\u00a0\u00a0\u00a0\u00a0\u00a0\u00a0\u00a0\u00a0\u00a0\u00a0\u00a0\u00a0\u00a0\u00a0\u00a0\u00a0\u00a0\u00a0\u00a0\u00a0\u00a0\u00a0\u00a0\u00a0\u00a0\u00a0\u00a0\u00a0\u00a0\u00a0\u00a0\u00a0\u00a0\u00a0\u00a0\u00a0\u00a0\u00a0\u00a0\u00a0\u00a0\u00a0\u00a0\u00a0\u00a0\u00a0\u00a0\u00a0\u00a0 Dzisiaj, po Mszy \u015awi\u0119tej o godz. 9.00 b\u0119dzie kr\u00f3tkie spotkanie z dzie\u0107mi kl. III i IV, kt\u00f3rzy przygotowuj\u0105 si\u0119 do Pierwszej i Generalnej Komunii \u015awi\u0119tej. Po sumie, z racji pierwszej niedzieli pa\u017adziernika, b\u0119dzie adoracja i procesja\u00a0 eucharystyczna.\u00a0Zapraszam asyst\u0119 procesyjn\u0105 i dziewczynki do sypania kwiatkami. Rozpocz\u0119li\u015bmy pa\u017adziernik \u2013 miesi\u0105c modlitwy r\u00f3\u017ca\u0144cowej. B\u0119dziemy rozwa\u017cali tajemnice &hellip; <\/p>\n<p><a class=\"more-link btn\" href=\"https:\/\/parafiasmardzewo.pl\/?p=7580\">Kontynuuj czytanie<\/a><\/p>\n","protected":false},"author":2,"featured_media":6301,"comment_status":"open","ping_status":"open","sticky":false,"template":"","format":"standard","meta":[],"categories":[1],"tags":[],"_links":{"self":[{"href":"https:\/\/parafiasmardzewo.pl\/index.php?rest_route=\/wp\/v2\/posts\/7580"}],"collection":[{"href":"https:\/\/parafiasmardzewo.pl\/index.php?rest_route=\/wp\/v2\/posts"}],"about":[{"href":"https:\/\/parafiasmardzewo.pl\/index.php?rest_route=\/wp\/v2\/types\/post"}],"author":[{"embeddable":true,"href":"https:\/\/parafiasmardzewo.pl\/index.php?rest_route=\/wp\/v2\/users\/2"}],"replies":[{"embeddable":true,"href":"https:\/\/parafiasmardzewo.pl\/index.php?rest_route=%2Fwp%2Fv2%2Fcomments&post=7580"}],"version-history":[{"count":6,"href":"https:\/\/parafiasmardzewo.pl\/index.php?rest_route=\/wp\/v2\/posts\/7580\/revisions"}],"predecessor-version":[{"id":7586,"href":"https:\/\/parafiasmardzewo.pl\/index.php?rest_route=\/wp\/v2\/posts\/7580\/revisions\/7586"}],"wp:featuredmedia":[{"embeddable":true,"href":"https:\/\/parafiasmardzewo.pl\/index.php?rest_route=\/wp\/v2\/media\/6301"}],"wp:attachment":[{"href":"https:\/\/parafiasmardzewo.pl\/index.php?rest_route=%2Fwp%2Fv2%2Fmedia&parent=7580"}],"wp:term":[{"taxonomy":"category","embeddable":true,"href":"https:\/\/parafiasmardzewo.pl\/index.php?rest_route=%2Fwp%2Fv2%2Fcategories&post=7580"},{"taxonomy":"post_tag","embeddable":true,"href":"https:\/\/parafiasmardzewo.pl\/index.php?rest_route=%2Fwp%2Fv2%2Ftags&post=7580"}],"curies":[{"name":"wp","href":"https:\/\/api.w.org\/{rel}","templated":true}]}}