{"id":7594,"date":"2021-10-10T00:21:53","date_gmt":"2021-10-09T22:21:53","guid":{"rendered":"http:\/\/parafiasmardzewo.pl\/?p=7594"},"modified":"2021-10-12T13:19:36","modified_gmt":"2021-10-12T11:19:36","slug":"dwudziesta-osma-niedziela-w-ciagu-roku-10-pazdziernika-2021","status":"publish","type":"post","link":"https:\/\/parafiasmardzewo.pl\/?p=7594","title":{"rendered":"DWUDZIESTA \u00d3SMA NIEDZIELA W CI\u0104GU ROKU &#8211; 10 pa\u017adziernika 2021"},"content":{"rendered":"<p><strong>OG\u0141OSZENIA DUSZPASTERSKIE<\/strong><\/p>\n<ol>\n<li>Dzisiaj, po Mszy \u015awi\u0119tej o godz. 9.00 b\u0119dzie kr\u00f3tkie spotkanie z dzie\u0107mi kl. III i IV, kt\u00f3rzy przygotowuj\u0105 si\u0119 do Pierwszej i Generalnej Komunii \u015awi\u0119tej. <strong>W nast\u0119pn\u0105 niedziel\u0119, 17 pa\u017adziernika, po sumie b\u0119dzie spotkanie z rodzicami, kt\u00f3rych dzieci przygotowuj\u0105 si\u0119 do Pierwszej (kl. III) i Generalnej (kI. IV) Komunii \u015awi\u0119tej.\u00a0<\/strong><\/li>\n<li>Obchodzimy 21. Dzie\u0144 Papieski pod has\u0142em \u201eNie l\u0119kajcie si\u0119\u201d. Przed ko\u015bcio\u0142em mo\u017cna z\u0142o\u017cy\u0107 ofiary do puszek na Fundacj\u0119 \u201eDzie\u0142o Nowego Tysi\u0105clecia\u201d, kt\u00f3ra realizuje program stypendialny skierowany do uzdolnionej m\u0142odzie\u017cy z ma\u0142ych miast i wsi.<\/li>\n<li>W naszej parafii istnieje Apostolat \u201eMargaretka\u201d, kt\u00f3rego celem jest modlitwa za kap\u0142an\u00f3w Chcemy j\u0105 kontynuowa\u0107. Osoby zaanga\u017cowane w t\u0119 form\u0119 opieki duchowej ofiarowuj\u0105 jeden dzie\u0144 w tygodniu w intencji wybranego kap\u0142ana. Sami wybieraj\u0105 form\u0119 modlitwy, kt\u00f3ra im najbardziej odpowiada, i modl\u0105 si\u0119 do ko\u0144ca \u017cycia. Szczeg\u00f3\u0142y i bli\u017csze informacje mo\u017cna uzyska\u0107 w kancelarii parafialnej.<\/li>\n<li>Pa\u017adziernik to miesi\u0105c r\u00f3\u017ca\u0144ca. Zapraszam codziennie o godz. 16.30 na modlitw\u0119 r\u00f3\u017ca\u0144cow\u0105 do ko\u015bcio\u0142a. Zach\u0119cam tak\u017ce do wsp\u00f3lnego odmawiania r\u00f3\u017ca\u0144ca w rodzinach.<\/li>\n<li>W \u015brod\u0119, 13 pa\u017adziernika zapraszam na ostatnie w tym roku nabo\u017ce\u0144stwo fatimskie. Msza \u015awi\u0119ta o godz. 18.00, nast\u0119pnie r\u00f3\u017caniec i procesja wok\u00f3\u0142 ko\u015bcio\u0142a.<\/li>\n<li>W czwartek b\u0119dziemy obchodzi\u0107 Dzie\u0144 Edukacji Narodowej. Wszystkim, kt\u00f3rym le\u017cy na sercu dobre wychowanie m\u0142odego pokolenia, szczeg\u00f3lnie rodzicom, nauczycielom, wychowawcom, katechetom, \u017cyczymy przede wszystkim wytrwa\u0142o\u015bci i mocy Ducha \u015awi\u0119tego na ka\u017cdy dzie\u0144. Modlitw\u0119 r\u00f3\u017ca\u0144cow\u0105 ofiarujemy w czwartek w intencji nauczycieli i wychowawc\u00f3w.<\/li>\n<li>W sobot\u0119 16 pa\u017adziernika 43. rocznica wyboru papie\u017ca Jana Paw\u0142a II. Tego dnia zach\u0119cam do udzia\u0142u, o godz. 21.00, w apelu jasnog\u00f3rskim z papie\u017cem Janem Paw\u0142em II. Mo\u017cna skorzysta\u0107 z transmisji w Telewizji Trwam.<\/li>\n<li>W minion\u0105 sobot\u0119 (9 pa\u017adziernika) odby\u0142o si\u0119 w naszym sanktuarium modlitewne spotkanie K\u00f3\u0142 \u017bywego R\u00f3\u017ca\u0144ca, z parafii dekanat\u00f3w P\u0142o\u0144sk P\u00f3\u0142noc i P\u0142o\u0144sk Po\u0142udnie. W spotkaniu uczestniczy\u0142o ponad dwie\u015bcie os\u00f3b i dwunastu ksi\u0119\u017cy.<\/li>\n<li>Zach\u0119cam do nabycia prasy katolickiej.<\/li>\n<li>Na cmentarzu wykonujemy prace przy uk\u0142adaniu koski brukowej w alejkach mi\u0119dzy grobami. Osoby, kt\u00f3re s\u0105 zainteresowane wykonaniem drobnych prac przy ich pomniku niech zg\u0142osz\u0105 si\u0119 indywidualnie do Pan Bogdana Szcze\u015bniewskiego, kt\u00f3ry jest wykonawc\u0105 tych prac.<\/li>\n<li>Dzisiaj, po sumie zapraszam na spotkanie cz\u0142onk\u00f3w\u00a0 Rady Gospodarczej i so\u0142tys\u00f3w. Spotkanie b\u0119dzie w ko\u015bciele i mog\u0105 bra\u0107 w nim udzia\u0142 wszyscy, kt\u00f3rzy maj\u0105 groby na naszym cmentarzu. Je\u015bli chcemy, \u017ceby na\u00a0 wszystkich alejkach by\u0142a po\u0142o\u017cona kostka brukowa to musimy w\u0142\u0105czy\u0107 si\u0119\u00a0 cho\u0107 cz\u0119\u015bciowo do sfinansowania tych prac.<\/li>\n<li><strong>Apel o dar serca dla Pani Bogumi\u0142y<\/strong><\/li>\n<\/ol>\n<p>W nast\u0119pn\u0105 niedziele, 17 pa\u017adziernika, b\u0119dziemy mogli z\u0142o\u017cy\u0107 dar serca Bogumile Komorowskiej \u2013 nauczycielce j\u0119zyka polskiego w Szkole Podstawowej w Smardzewie \u2013 kt\u00f3ra walczy z chorob\u0105 nowotworow\u0105. Dlatego serdecznie zach\u0119cam, aby za tydzie\u0144 na wszystkich Mszach \u015awi\u0119tych sk\u0142ada\u0107 na tac\u0119 ofiary pieni\u0119\u017cne na leczenie naszej parafianki (przekraczaj\u0105ce jej mo\u017cliwo\u015bci finansowe), kt\u00f3re mo\u017ce uratowa\u0107 jej \u017cycie.<\/p>\n<p>13.\u00a0 Wszystkim solenizantom i jubilatom tego tygodnia \u017cyczymy obfito\u015bci \u0142ask Bo\u017cych i opieki Matki Naj\u015bwi\u0119tszej na ka\u017cdy dzie\u0144. Mi\u0142ej i b\u0142ogos\u0142awionej niedzieli.<\/p>\n<p>&nbsp;<\/p>\n<p>&nbsp;<\/p>\n","protected":false},"excerpt":{"rendered":"<p>OG\u0141OSZENIA DUSZPASTERSKIE Dzisiaj, po Mszy \u015awi\u0119tej o godz. 9.00 b\u0119dzie kr\u00f3tkie spotkanie z dzie\u0107mi kl. III i IV, kt\u00f3rzy przygotowuj\u0105 si\u0119 do Pierwszej i Generalnej Komunii \u015awi\u0119tej. W nast\u0119pn\u0105 niedziel\u0119, 17 pa\u017adziernika, po sumie b\u0119dzie spotkanie z rodzicami, kt\u00f3rych dzieci przygotowuj\u0105 si\u0119 do Pierwszej (kl. III) i Generalnej (kI. IV) Komunii \u015awi\u0119tej.\u00a0 Obchodzimy 21. Dzie\u0144 &hellip; <\/p>\n<p><a class=\"more-link btn\" href=\"https:\/\/parafiasmardzewo.pl\/?p=7594\">Kontynuuj czytanie<\/a><\/p>\n","protected":false},"author":2,"featured_media":6301,"comment_status":"open","ping_status":"open","sticky":false,"template":"","format":"standard","meta":[],"categories":[2],"tags":[],"_links":{"self":[{"href":"https:\/\/parafiasmardzewo.pl\/index.php?rest_route=\/wp\/v2\/posts\/7594"}],"collection":[{"href":"https:\/\/parafiasmardzewo.pl\/index.php?rest_route=\/wp\/v2\/posts"}],"about":[{"href":"https:\/\/parafiasmardzewo.pl\/index.php?rest_route=\/wp\/v2\/types\/post"}],"author":[{"embeddable":true,"href":"https:\/\/parafiasmardzewo.pl\/index.php?rest_route=\/wp\/v2\/users\/2"}],"replies":[{"embeddable":true,"href":"https:\/\/parafiasmardzewo.pl\/index.php?rest_route=%2Fwp%2Fv2%2Fcomments&post=7594"}],"version-history":[{"count":4,"href":"https:\/\/parafiasmardzewo.pl\/index.php?rest_route=\/wp\/v2\/posts\/7594\/revisions"}],"predecessor-version":[{"id":7599,"href":"https:\/\/parafiasmardzewo.pl\/index.php?rest_route=\/wp\/v2\/posts\/7594\/revisions\/7599"}],"wp:featuredmedia":[{"embeddable":true,"href":"https:\/\/parafiasmardzewo.pl\/index.php?rest_route=\/wp\/v2\/media\/6301"}],"wp:attachment":[{"href":"https:\/\/parafiasmardzewo.pl\/index.php?rest_route=%2Fwp%2Fv2%2Fmedia&parent=7594"}],"wp:term":[{"taxonomy":"category","embeddable":true,"href":"https:\/\/parafiasmardzewo.pl\/index.php?rest_route=%2Fwp%2Fv2%2Fcategories&post=7594"},{"taxonomy":"post_tag","embeddable":true,"href":"https:\/\/parafiasmardzewo.pl\/index.php?rest_route=%2Fwp%2Fv2%2Ftags&post=7594"}],"curies":[{"name":"wp","href":"https:\/\/api.w.org\/{rel}","templated":true}]}}