{"id":7600,"date":"2021-10-16T18:17:30","date_gmt":"2021-10-16T16:17:30","guid":{"rendered":"http:\/\/parafiasmardzewo.pl\/?p=7600"},"modified":"2021-10-16T18:42:08","modified_gmt":"2021-10-16T16:42:08","slug":"dwudziesta-dziewiata-niedziela-w-ciagu-roku-17-pazdziernika-2021","status":"publish","type":"post","link":"https:\/\/parafiasmardzewo.pl\/?p=7600","title":{"rendered":"DWUDZIESTA DZIEWI\u0104TA NIEDZIELA W CI\u0104GU ROKU &#8211; 17 pa\u017adziernika 2021"},"content":{"rendered":"<p>OG\u0141OSZENIA DUSZPASTERSKIE<br \/>\n1. Dzisiaj, po Mszy \u015awi\u0119tej o godz. 10.45 b\u0119dzie spotkanie z rodzicami, kt\u00f3rych dzieci przygotowuj\u0105 si\u0119 do Pierwszej (kl. III) i Generalnej (kl. IV) Komunii \u015awi\u0119tej .<br \/>\n2. Pa\u017adziernik to miesi\u0105c r\u00f3\u017ca\u0144ca. Razem z Matk\u0105 Bo\u017c\u0105 pragniemy rozwa\u017ca\u0107 tajemnice zbawienia. Zapraszam codziennie o godz. 16.00 na Msz\u0119 \u015awi\u0119t\u0105 i o godz. 16.30 na modlitw\u0119 r\u00f3\u017ca\u0144cow\u0105<br \/>\n3. Zbli\u017ca si\u0119 listopad, miesi\u0105c szczeg\u00f3lnej pami\u0119ci o naszych zmar\u0142ych. W zakrystii lub kancelarii parafialnej s\u0105 przyjmowane ju\u017c wypominki roczne i jednorazowe.<br \/>\n4. Jutro przypada wspomnienie \u015bw. \u0141ukasza Ewangelisty, kt\u00f3ry zanim rozpocz\u0105\u0142 kroczenie drog\u0105 Pa\u0144sk\u0105, by\u0142 lekarzem. Tego dnia pami\u0119tajmy o pracownikach s\u0142u\u017cby zdrowia, o tych, kt\u00f3rzy s\u0142u\u017c\u0105 nam i opiekuj\u0105 si\u0119 nami.<br \/>\n5. W pi\u0105tek 22 pa\u017adziernika wspominamy w Ko\u015bciele \u015bw. Jana Paw\u0142a II oraz 73. rocznic\u0119 \u015bmierci s\u0142ugi Bo\u017cego kard. Augusta Hlonda, prymasa Polski. Ksi\u0105dz prymas nie tylko przewodzi\u0142 Ko\u015bcio\u0142owi w Polsce w trudnych czasach, lecz tak\u017ce troszczy\u0142 si\u0119 o rodak\u00f3w rozproszonych po ca\u0142ym \u015bwiecie. Jest za\u0142o\u017cycielem Towarzystwa Chrystusowego dla Polonii Zagranicznej.<br \/>\n6. Na cmentarzu grzebalnym wykonujemy prace przy uk\u0142adaniu koski brukowej w alejkach mi\u0119dzy grobami. W minion\u0105 niedziel\u0119 (10 pa\u017adziernika) odby\u0142o si\u0119 spotkanie z Rad\u0105 Gospodarcz\u0105 i osobami zainteresowanymi pracami na cmentarzu. Na spotkaniu zosta\u0142o ustalone, \u017ce na wykonywane prace ka\u017cda rodzina powinna z\u0142o\u017cy\u0107 ofiar\u0119 w wysoko\u015bci 50.00 z\u0142. Ci, kt\u00f3rych sta\u0107 na z\u0142o\u017cenie wi\u0119kszej sumy pieni\u0119\u017cnej bardzo prosz\u0119 niech z\u0142o\u017c\u0105 ofiar\u0119 na miar\u0119 swoich mo\u017cliwo\u015bci. Je\u015bli kto\u015b nie mo\u017ce obecnie w\u0142\u0105czy\u0107 si\u0119 do pomocy finansowej, z r\u00f3\u017cnych racji, to b\u0119dziemy wyrozumiali. Osoby, kt\u00f3re s\u0105 zainteresowane wykonaniem drobnych prac przy ich pomniku niech zg\u0142osz\u0105 si\u0119 indywidualnie do Pan Bogdana Szcze\u015bniewskiego, kt\u00f3ry jest wykonawc\u0105 tych prac.<br \/>\n7. Dzisiaj, na wszystkich Mszach \u015awi\u0119tych b\u0119dziemy mogli z\u0142o\u017cy\u0107 dar serca Pani Bogumile Komorowskiej \u2013 nauczycielce j\u0119zyka polskiego w Szkole Podstawowej w Smardzewie \u2013 kt\u00f3ra walczy z chorob\u0105 nowotworow\u0105. Serdecznie zach\u0119cam, aby sk\u0142ada\u0107 na tac\u0119 ofiary pieni\u0119\u017cne na leczenie naszej parafianki (przekraczaj\u0105ce jej mo\u017cliwo\u015bci finansowe), kt\u00f3re mo\u017ce uratowa\u0107 jej \u017cycie.<br \/>\n8. Zach\u0119cam do nabycia prasy katolickiej.<br \/>\n9. 14 pa\u017adziernika 2021 roku zmar\u0142 ks. Krzysztof Brzuska. Odszed\u0142 do Pana<br \/>\nuko\u0144czywszy 63 lata \u017cycia i po 38 latach kap\u0142a\u0144stwa. Od 2012 roku<br \/>\nprzebywa\u0142 w Zak\u0142adzie Opieku\u0144czo-Leczniczym w P\u0142o\u0144sku, jako pacjent.<br \/>\nUroczysto\u015bci pogrzebowe odb\u0119d\u0105 si\u0119 we wtorek(19 pa\u017adziernika) o<br \/>\ngodz. 11.00 w parafii \u015bw. Maksymiliana Kolbego w P\u0142o\u0144sku.<\/p>\n<p>&nbsp;<\/p>\n<p>&nbsp;<\/p>\n","protected":false},"excerpt":{"rendered":"<p>OG\u0141OSZENIA DUSZPASTERSKIE 1. Dzisiaj, po Mszy \u015awi\u0119tej o godz. 10.45 b\u0119dzie spotkanie z rodzicami, kt\u00f3rych dzieci przygotowuj\u0105 si\u0119 do Pierwszej (kl. III) i Generalnej (kl. IV) Komunii \u015awi\u0119tej . 2. Pa\u017adziernik to miesi\u0105c r\u00f3\u017ca\u0144ca. Razem z Matk\u0105 Bo\u017c\u0105 pragniemy rozwa\u017ca\u0107 tajemnice zbawienia. Zapraszam codziennie o godz. 16.00 na Msz\u0119 \u015awi\u0119t\u0105 i o godz. 16.30 na &hellip; <\/p>\n<p><a class=\"more-link btn\" href=\"https:\/\/parafiasmardzewo.pl\/?p=7600\">Kontynuuj czytanie<\/a><\/p>\n","protected":false},"author":2,"featured_media":6301,"comment_status":"open","ping_status":"open","sticky":false,"template":"","format":"standard","meta":[],"categories":[2],"tags":[],"_links":{"self":[{"href":"https:\/\/parafiasmardzewo.pl\/index.php?rest_route=\/wp\/v2\/posts\/7600"}],"collection":[{"href":"https:\/\/parafiasmardzewo.pl\/index.php?rest_route=\/wp\/v2\/posts"}],"about":[{"href":"https:\/\/parafiasmardzewo.pl\/index.php?rest_route=\/wp\/v2\/types\/post"}],"author":[{"embeddable":true,"href":"https:\/\/parafiasmardzewo.pl\/index.php?rest_route=\/wp\/v2\/users\/2"}],"replies":[{"embeddable":true,"href":"https:\/\/parafiasmardzewo.pl\/index.php?rest_route=%2Fwp%2Fv2%2Fcomments&post=7600"}],"version-history":[{"count":7,"href":"https:\/\/parafiasmardzewo.pl\/index.php?rest_route=\/wp\/v2\/posts\/7600\/revisions"}],"predecessor-version":[{"id":7607,"href":"https:\/\/parafiasmardzewo.pl\/index.php?rest_route=\/wp\/v2\/posts\/7600\/revisions\/7607"}],"wp:featuredmedia":[{"embeddable":true,"href":"https:\/\/parafiasmardzewo.pl\/index.php?rest_route=\/wp\/v2\/media\/6301"}],"wp:attachment":[{"href":"https:\/\/parafiasmardzewo.pl\/index.php?rest_route=%2Fwp%2Fv2%2Fmedia&parent=7600"}],"wp:term":[{"taxonomy":"category","embeddable":true,"href":"https:\/\/parafiasmardzewo.pl\/index.php?rest_route=%2Fwp%2Fv2%2Fcategories&post=7600"},{"taxonomy":"post_tag","embeddable":true,"href":"https:\/\/parafiasmardzewo.pl\/index.php?rest_route=%2Fwp%2Fv2%2Ftags&post=7600"}],"curies":[{"name":"wp","href":"https:\/\/api.w.org\/{rel}","templated":true}]}}