{"id":7614,"date":"2021-10-23T18:25:28","date_gmt":"2021-10-23T16:25:28","guid":{"rendered":"http:\/\/parafiasmardzewo.pl\/?p=7614"},"modified":"2021-10-23T18:25:28","modified_gmt":"2021-10-23T16:25:28","slug":"trzydziesta-niedziela-w-ciagu-roku-24-pazdziernika-2021","status":"publish","type":"post","link":"https:\/\/parafiasmardzewo.pl\/?p=7614","title":{"rendered":"TRZYDZIESTA NIEDZIELA W CI\u0104GU ROKU &#8211; 24 pa\u017adziernika 2021"},"content":{"rendered":"<p><strong>OG\u0141OSZENIA DUSZPASTERSKIE<\/strong><\/p>\n<ol>\n<li>Po Mszy \u015awi\u0119tej o godz. 9.00 b\u0119dzie kr\u00f3tkie spotkanie z dzie\u0107mi kl. III i IV, kt\u00f3rzy przygotowuj\u0105 si\u0119 do Pierwszej i Generalnej Komunii \u015awi\u0119tej.<\/li>\n<li>Dzisiejsza niedziela rozpoczyna Tydzie\u0144 Misyjny, w kt\u00f3rym b\u0119dziemy otacza\u0107 modlitw\u0105 i wsparciem materialnym szczeg\u00f3lnie tych, kt\u00f3rzy g\u0142osz\u0105 Chrystusa na wszystkich kontynentach \u015bwiata.<\/li>\n<li>Ko\u0144czy si\u0119 pa\u017adziernik \u2013 miesi\u0105c r\u00f3\u017ca\u0144ca. Warto zada\u0107 sobie pytania: Czy cho\u0107 raz w tym miesi\u0105cu modli\u0142em si\u0119 na r\u00f3\u017ca\u0144cu w intencjach swoich bliskich? Czy uda\u0142o mi si\u0119 zebra\u0107 rodzin\u0119 i zaprosi\u0107 j\u0105 do wsp\u00f3lnej modlitwy?<\/li>\n<li>Nadchodz\u0105cy listopad to miesi\u0105c szczeg\u00f3lnej pami\u0119ci o naszych zmar\u0142ych. W zakrystii i kancelarii przyjmuj\u0119 wypominki roczne i jednorazowe.<\/li>\n<li>Przysz\u0142y weekend to czas, w kt\u00f3rym wyruszymy na groby bliskich. Zbli\u017ca si\u0119 uroczysto\u015b\u0107 Wszystkich \u015awi\u0119tych. Msze \u015awi\u0119te 1 listopada o godz. 8.00 i 10.00. Po Eucharystii o godz.10.00 p\u00f3jdziemy w procesji na cmentarz. W Dzie\u0144 Zaduszny Msze \u015awi\u0119te b\u0119d\u0105 sprawowane o godz. 10.00 i 16.00. 2 listopada\u00a0 procesja na cmentarzu parafialnym po Mszy \u015awi\u0119tej o godz. 16.00.<\/li>\n<li>Od 1 do 8 listopada w\u0142\u0105cznie mo\u017cna codziennie zyska\u0107 odpust zupe\u0142ny za pobo\u017cne nawiedzenie cmentarza i odm\u00f3wienie modlitwy za zmar\u0142ych. Trzeba tak\u017ce spe\u0142ni\u0107 zwyk\u0142e warunki otrzymania odpustu, czyli by\u0107 w stanie \u0142aski u\u015bwi\u0119caj\u0105cej, przyj\u0105\u0107 Komuni\u0119 \u015awi\u0119t\u0105, pomodli\u0107 si\u0119 w intencjach wyznaczonych przez papie\u017ca, wykluczy\u0107 przywi\u0105zanie do jakiegokolwiek grzechu. Odpust mo\u017cna ofiarowa\u0107 wy\u0142\u0105cznie za zmar\u0142ych.<\/li>\n<li>Pragn\u0119 serdecznie podzi\u0119kowa\u0107 za ofiary z\u0142o\u017cone w minionych tygodniach przez poszczeg\u00f3lne rodziny indywidualnie, z kilku wiosek, i dzi\u0119kuj\u0119 za ofiary zebrane w Podsmardzewie \u2013 640.00 z\u0142. Kilka rodzin z tej wioski z\u0142o\u017cy\u0142o ofiary indywidualnie. S\u0105 to ofiary przeznaczone na prace, kt\u00f3re wykonujemy na cmentarzu grzebalnym.<\/li>\n<li>Pa\u0144stwu Jastrz\u0119bskim z Koliszewa dzi\u0119kuj\u0119 za chryzantemy, kt\u00f3re ofiarowali do dekoracji o\u0142tarzy w naszym ko\u015bciele.<\/li>\n<li>Stowarzyszenie Dobrych Inicjatyw \u201ePro Missio\u201d oraz firma Green Office Ecologic, za zgod\u0105 ks. Biskupa Piotra Libery, podejmuje w parafiach naszej diecezji zbi\u00f3rk\u0119 i utylizacje zu\u017cytego sprz\u0119tu elektrycznego i elektronicznego. Pewien procent zysku z tej zbi\u00f3rki jest przeznaczony na projekty Ko\u015bcio\u0142a \u2013 g\u0142\u00f3wnie misyjne. Zach\u0119cam do w\u0142\u0105czenia si\u0119 do tej akcji. Na parkingu przy ko\u015bciele b\u0119dzie mo\u017cna z\u0142o\u017cy\u0107 zu\u017cyte: lod\u00f3wki, pralki, telewizory itp. Na plakacie, kt\u00f3ry jest wywieszony w kruchcie ko\u015bcio\u0142a i przy bramie, prowadz\u0105cej do ko\u015bcio\u0142a, s\u0105 podane bardziej szczeg\u00f3\u0142owe informacje. <strong>Odbi\u00f3r z\u0142o\u017conych rzeczy elektrycznych i elektronicznych \u2013 3 listopada \u00a0(\u015broda) 2021 roku, o godz. 11.00.<\/strong><\/li>\n<li>Zach\u0119cam do nabycia prasy katolickiej.<\/li>\n<li>W tym tygodniu patronuj\u0105 nam: \u2013 w czwartek 28 pa\u017adziernika \u2013 \u015bwi\u0119ci aposto\u0142owie <strong>Szymon i Juda Tadeusz<\/strong>, wed\u0142ug tradycji g\u0142osili wiar\u0119 w Mezopotamii i Persji, gdzie ponie\u015bli \u015bmier\u0107 m\u0119cze\u0144sk\u0105.<\/li>\n<\/ol>\n<p>&nbsp;<\/p>\n<p>&nbsp;<\/p>\n<p>&nbsp;<\/p>\n","protected":false},"excerpt":{"rendered":"<p>OG\u0141OSZENIA DUSZPASTERSKIE Po Mszy \u015awi\u0119tej o godz. 9.00 b\u0119dzie kr\u00f3tkie spotkanie z dzie\u0107mi kl. III i IV, kt\u00f3rzy przygotowuj\u0105 si\u0119 do Pierwszej i Generalnej Komunii \u015awi\u0119tej. Dzisiejsza niedziela rozpoczyna Tydzie\u0144 Misyjny, w kt\u00f3rym b\u0119dziemy otacza\u0107 modlitw\u0105 i wsparciem materialnym szczeg\u00f3lnie tych, kt\u00f3rzy g\u0142osz\u0105 Chrystusa na wszystkich kontynentach \u015bwiata. Ko\u0144czy si\u0119 pa\u017adziernik \u2013 miesi\u0105c r\u00f3\u017ca\u0144ca. Warto &hellip; <\/p>\n<p><a class=\"more-link btn\" href=\"https:\/\/parafiasmardzewo.pl\/?p=7614\">Kontynuuj czytanie<\/a><\/p>\n","protected":false},"author":2,"featured_media":6301,"comment_status":"open","ping_status":"open","sticky":false,"template":"","format":"standard","meta":[],"categories":[1],"tags":[],"_links":{"self":[{"href":"https:\/\/parafiasmardzewo.pl\/index.php?rest_route=\/wp\/v2\/posts\/7614"}],"collection":[{"href":"https:\/\/parafiasmardzewo.pl\/index.php?rest_route=\/wp\/v2\/posts"}],"about":[{"href":"https:\/\/parafiasmardzewo.pl\/index.php?rest_route=\/wp\/v2\/types\/post"}],"author":[{"embeddable":true,"href":"https:\/\/parafiasmardzewo.pl\/index.php?rest_route=\/wp\/v2\/users\/2"}],"replies":[{"embeddable":true,"href":"https:\/\/parafiasmardzewo.pl\/index.php?rest_route=%2Fwp%2Fv2%2Fcomments&post=7614"}],"version-history":[{"count":1,"href":"https:\/\/parafiasmardzewo.pl\/index.php?rest_route=\/wp\/v2\/posts\/7614\/revisions"}],"predecessor-version":[{"id":7615,"href":"https:\/\/parafiasmardzewo.pl\/index.php?rest_route=\/wp\/v2\/posts\/7614\/revisions\/7615"}],"wp:featuredmedia":[{"embeddable":true,"href":"https:\/\/parafiasmardzewo.pl\/index.php?rest_route=\/wp\/v2\/media\/6301"}],"wp:attachment":[{"href":"https:\/\/parafiasmardzewo.pl\/index.php?rest_route=%2Fwp%2Fv2%2Fmedia&parent=7614"}],"wp:term":[{"taxonomy":"category","embeddable":true,"href":"https:\/\/parafiasmardzewo.pl\/index.php?rest_route=%2Fwp%2Fv2%2Fcategories&post=7614"},{"taxonomy":"post_tag","embeddable":true,"href":"https:\/\/parafiasmardzewo.pl\/index.php?rest_route=%2Fwp%2Fv2%2Ftags&post=7614"}],"curies":[{"name":"wp","href":"https:\/\/api.w.org\/{rel}","templated":true}]}}