{"id":7618,"date":"2021-10-30T20:37:21","date_gmt":"2021-10-30T18:37:21","guid":{"rendered":"http:\/\/parafiasmardzewo.pl\/?p=7618"},"modified":"2021-10-30T20:37:21","modified_gmt":"2021-10-30T18:37:21","slug":"rocznica-poswiecenia-wlasnego-kosciola-31-pazdziernika-2021","status":"publish","type":"post","link":"https:\/\/parafiasmardzewo.pl\/?p=7618","title":{"rendered":"ROCZNICA PO\u015aWI\u0118CENIA W\u0141ASNEGO KO\u015aCIO\u0141A &#8211; 31 pa\u017adziernika 2021"},"content":{"rendered":"<p><strong>OG\u0141OSZENIA DUSZPASTERSKIE<\/strong><\/p>\n<ol>\n<li>Architektura wielu wsp\u00f3\u0142czesnych \u015bwi\u0105ty\u0144 mo\u017ce nas zachwyca\u0107 i prowadzi\u0107 do g\u0142\u0119bokich refleksji nad istot\u0105 wiary. To tylko budowle, lecz po\u015bwi\u0119cone staj\u0105 si\u0119 przestrzeni\u0105 spotkania Boga z cz\u0142owiekiem. Dzisiaj obchodzimy uroczysto\u015b\u0107 Rocznicy Po\u015bwi\u0119cenia W\u0142asnego Ko\u015bcio\u0142a w tych \u015bwi\u0105tyniach, kt\u00f3rych data po\u015bwi\u0119cenia nie jest znana. To r\u00f3wnie\u017c okazja do u\u015bwiadomienia sobie, \u017ce gdy modlimy si\u0119 w \u015bwi\u0105tyni, celebrujemy Msz\u0119 \u015awi\u0119t\u0105, jeste\u015bmy przez Boga u\u015bwi\u0119cani, by dawa\u0107 \u015bwiadectwo we wsp\u00f3\u0142czesnym \u015bwiecie. Niech b\u0119dzie to przyczynkiem naszego dzi\u0119kczynienia Panu Bogu i uwielbiania Go.<\/li>\n<li>Jutrzejsza uroczysto\u015b\u0107 Wszystkich \u015awi\u0119tych b\u0119dzie mia\u0142a bardzo radosny charakter, bowiem b\u0119dziemy wspominali tych, kt\u00f3rzy \u017cyli przed nami i po wype\u0142nieniu woli Bo\u017cej osi\u0105gn\u0119li wieczne szcz\u0119\u015bcie przebywania z Bogiem w niebie. W tym dniu mamy obowi\u0105zek uczestniczenia we Mszy \u015awi\u0119tej. W naszym ko\u015bciele parafialnym Msze \u015awi\u0119te b\u0119d\u0105 sprawowane o godz. 8.00 i 10.00. Po Eucharystii o godz. 10.00 b\u0119dzie\u00a0 procesja \u017ca\u0142obna, na cmentarzu grzebalnym. O godz. 17.00 gromadzimy si\u0119 na cmentarzu, by modli\u0107 si\u0119 na r\u00f3\u017ca\u0144cu za zmar\u0142ych.<\/li>\n<li>We wtorek 2 listopada \u2013 Dzie\u0144 Zaduszny. W liturgii Ko\u015bci\u00f3\u0142 wspomina wszystkich wiernych zmar\u0142ych, kt\u00f3rzy poprzedzili nas na drodze wiary. Msze \u015awi\u0119te o godz. 10.00 i 16.00. Po Eucharystii o godz. 16.00 tradycyjnie b\u0119dziemy si\u0119 modli\u0107 za zmar\u0142ych w czasie procesji \u017ca\u0142obnej na cmentarzu.<\/li>\n<li>Trzeciego listopada o godz. 16.00 zapraszam do Wierzb\u00f3wca, na modlitewne spotkanie przy krzy\u017cu. Odm\u00f3wimy r\u00f3\u017caniec za zamar\u0142ych, kt\u00f3rzy tam spoczywaj\u0105.<\/li>\n<li>W zakrystii lub w kancelarii parafialnej mo\u017cna zamawia\u0107 wypominki roczne i jednorazowe, kt\u00f3re b\u0119d\u0105 czytane pierwszego i drugiego listopada.<\/li>\n<li>Od 1 do 8 listopada w\u0142\u0105cznie mo\u017cna codziennie zyska\u0107 odpust zupe\u0142ny za pobo\u017cne nawiedzenie cmentarza i odm\u00f3wienie modlitwy za zmar\u0142ych. Trzeba tak\u017ce spe\u0142ni\u0107 zwyk\u0142e warunkami otrzymania odpustu, czyli by\u0107 w stanie \u0142aski u\u015bwi\u0119caj\u0105cej, przyj\u0105\u0107 Komuni\u0119 \u015awi\u0119t\u0105, pomodli\u0107 si\u0119 w intencjach wyznaczonych przez papie\u017ca, wykluczy\u0107 przywi\u0105zanie do jakiegokolwiek grzechu. Odpust mo\u017cna ofiarowa\u0107 wy\u0142\u0105cznie za zmar\u0142ych.<\/li>\n<li>Stowarzyszenie Dobrych Inicjatyw \u201ePro Missio\u201d oraz firma Green Office Ecologic, za zgod\u0105 ks. Biskupa Piotra Libery, podejmuje w parafiach naszej diecezji zbi\u00f3rk\u0119 i utylizacje zu\u017cytego sprz\u0119tu elektrycznego i elektronicznego. Pewien procent zysku z tej zbi\u00f3rki jest przeznaczony na projekty Ko\u015bcio\u0142a \u2013 g\u0142\u00f3wnie misyjne. Zach\u0119cam do w\u0142\u0105czenia si\u0119 do tej akcji. Przy parkanie mo\u017cna z\u0142o\u017cy\u0107 zu\u017cyte: lod\u00f3wki, pralki, telewizory itp. Na plakacie, kt\u00f3ry jest wywieszony w kruchcie ko\u015bcio\u0142a i przy bramie, prowadz\u0105cej do ko\u015bcio\u0142a, s\u0105 podane bardziej szczeg\u00f3\u0142owe informacje. <strong>Odbi\u00f3r z\u0142o\u017conych rzeczy elektrycznych i elektronicznych \u2013 3 listopada\u00a0 (\u015broda) 2021 roku, o godz. 11.00.<\/strong><\/li>\n<li>W najbli\u017cszy pierwszy czwartek miesi\u0105ca na Mszy \u015awi\u0119tej o godz. 16.00 b\u0119dziemy si\u0119 modli\u0107 w intencji powo\u0142a\u0144 kap\u0142a\u0144skich, zakonnych i misyjnych.<\/li>\n<li>5 listopada przypada pierwszy pi\u0105tek miesi\u0105ca. Od godz. 15.00 \u2013 16.00 wystawienie Naj\u015bwi\u0119tszego Sakramentu i adoracja. O godz. 16.00 Msza \u015awi\u0119ta. Przypominam m\u0142odzie\u017cy przygotowuj\u0105cej si\u0119 do sakramentu bierzmowania o spowiedzi w pierwszy pi\u0105tek. Ci, kt\u00f3rzy nie mog\u0105 przyby\u0107 na godz. 16.00 niech przyjd\u0105 na godz. 17.00, b\u0119dzie wtedy spowied\u017a, Litania do Serca Pana Jezusa i Komunia \u015awi\u0119ta.<\/li>\n<li>Pa\u0144stwu Gierkowskim dzi\u0119kuj\u0119 za prace przy porz\u0105dkowaniu donic kwiatowych przy ko\u015bciele. Dzi\u0119kuj\u0119 r\u00f3wnie\u017c Pani Danucie Kr\u00f3l za wykonanie porz\u0105dk\u00f3w na grobach za ko\u015bcio\u0142em. Panom Zygmuntowi Ko\u0142odziejczykowi i Kamilowi S\u0142awi\u0144skiemu dzi\u0119kuj\u0119 za prace elektryczne przy o\u0142tarzu polowym.<\/li>\n<li>Pragn\u0119 serdecznie podzi\u0119kowa\u0107 za ofiary z\u0142o\u017cone w minionym tygodniu na prace wykonywane na cmentarzu grzebalnym. Z \u0106wiklinka zebrano 1500.00 z\u0142otych. Kilkana\u015bcie rodzin z r\u00f3\u017cnych wiosek z\u0142o\u017cy\u0142o ofiary indywidualnie. Wszystkim darczy\u0144com sk\u0142adam serdeczne B\u00f3g zapa\u0142a\u0107. W drugiej po\u0142owie listopada planujemy wykona\u0107 ostatni odcinek prac na cmentarzu. Jest pro\u015bba, aby do worka gdzie s\u0105 sk\u0142adowane plastykowe wk\u0142ady od zniczy nie wrzuca\u0107 szk\u0142a.<\/li>\n<li>Zach\u0119cam do nabycia prasy katolickiej.<\/li>\n<li>W tym tygodniu patronuje \u2013 w czwartek 4 listopada \u2013 \u015bw. Karol Boromeusz (1538-1584), biskup, gorliwy duszpasterz.<\/li>\n<\/ol>\n<p>&nbsp;<\/p>\n<p>&nbsp;<\/p>\n","protected":false},"excerpt":{"rendered":"<p>OG\u0141OSZENIA DUSZPASTERSKIE Architektura wielu wsp\u00f3\u0142czesnych \u015bwi\u0105ty\u0144 mo\u017ce nas zachwyca\u0107 i prowadzi\u0107 do g\u0142\u0119bokich refleksji nad istot\u0105 wiary. To tylko budowle, lecz po\u015bwi\u0119cone staj\u0105 si\u0119 przestrzeni\u0105 spotkania Boga z cz\u0142owiekiem. Dzisiaj obchodzimy uroczysto\u015b\u0107 Rocznicy Po\u015bwi\u0119cenia W\u0142asnego Ko\u015bcio\u0142a w tych \u015bwi\u0105tyniach, kt\u00f3rych data po\u015bwi\u0119cenia nie jest znana. To r\u00f3wnie\u017c okazja do u\u015bwiadomienia sobie, \u017ce gdy modlimy si\u0119 &hellip; <\/p>\n<p><a class=\"more-link btn\" href=\"https:\/\/parafiasmardzewo.pl\/?p=7618\">Kontynuuj czytanie<\/a><\/p>\n","protected":false},"author":2,"featured_media":6301,"comment_status":"open","ping_status":"open","sticky":false,"template":"","format":"standard","meta":[],"categories":[2],"tags":[],"_links":{"self":[{"href":"https:\/\/parafiasmardzewo.pl\/index.php?rest_route=\/wp\/v2\/posts\/7618"}],"collection":[{"href":"https:\/\/parafiasmardzewo.pl\/index.php?rest_route=\/wp\/v2\/posts"}],"about":[{"href":"https:\/\/parafiasmardzewo.pl\/index.php?rest_route=\/wp\/v2\/types\/post"}],"author":[{"embeddable":true,"href":"https:\/\/parafiasmardzewo.pl\/index.php?rest_route=\/wp\/v2\/users\/2"}],"replies":[{"embeddable":true,"href":"https:\/\/parafiasmardzewo.pl\/index.php?rest_route=%2Fwp%2Fv2%2Fcomments&post=7618"}],"version-history":[{"count":1,"href":"https:\/\/parafiasmardzewo.pl\/index.php?rest_route=\/wp\/v2\/posts\/7618\/revisions"}],"predecessor-version":[{"id":7619,"href":"https:\/\/parafiasmardzewo.pl\/index.php?rest_route=\/wp\/v2\/posts\/7618\/revisions\/7619"}],"wp:featuredmedia":[{"embeddable":true,"href":"https:\/\/parafiasmardzewo.pl\/index.php?rest_route=\/wp\/v2\/media\/6301"}],"wp:attachment":[{"href":"https:\/\/parafiasmardzewo.pl\/index.php?rest_route=%2Fwp%2Fv2%2Fmedia&parent=7618"}],"wp:term":[{"taxonomy":"category","embeddable":true,"href":"https:\/\/parafiasmardzewo.pl\/index.php?rest_route=%2Fwp%2Fv2%2Fcategories&post=7618"},{"taxonomy":"post_tag","embeddable":true,"href":"https:\/\/parafiasmardzewo.pl\/index.php?rest_route=%2Fwp%2Fv2%2Ftags&post=7618"}],"curies":[{"name":"wp","href":"https:\/\/api.w.org\/{rel}","templated":true}]}}