{"id":7623,"date":"2021-11-06T14:10:17","date_gmt":"2021-11-06T13:10:17","guid":{"rendered":"http:\/\/parafiasmardzewo.pl\/?p=7623"},"modified":"2021-11-07T13:56:17","modified_gmt":"2021-11-07T12:56:17","slug":"xxxii-niedziela-w-ciagu-roku-7-listopada-2021","status":"publish","type":"post","link":"https:\/\/parafiasmardzewo.pl\/?p=7623","title":{"rendered":"XXXII NIEDZIELA W CI\u0104GU ROKU &#8211; 7 listopada 2021"},"content":{"rendered":"<p><strong>OG\u0141OSZENIA DUSZPASTERSKIE<\/strong><\/p>\n<ol>\n<li>Dzi\u015b pierwsza niedziela listopada.\u00a0 Po Eucharystii o godz. 9.00 zapraszam dzieci kl. III i IV na kr\u00f3tkie spotkanie przygotowuj\u0105ce do Pierwszej i Generalnej Komunii \u015awi\u0119tej.\u00a0 \u00a0Natomiast po Mszy \u015awi\u0119tej o godz. 10.45 b\u0119dzie wystawienie Naj\u015bwi\u0119tszego Sakramentu i adoracja.<\/li>\n<li>\u201eTydzie\u0144 temu (16 pa\u017adziernika 2021 roku) papie\u017c Franciszek rozpocz\u0105\u0142 uroczy\u015bcie XVI Zgromadzenie Og\u00f3lne Synodu Biskup\u00f3w na temat: <strong>\u201eKu Ko\u015bcio\u0142owi synodalnemu: \u00a0komunia, uczestnictwo, misja\u201d. <\/strong>Synod to narz\u0119dzie, kt\u00f3rym Ko\u015bci\u00f3\u0142 pos\u0142uguje si\u0119 praktycznie od swoich pocz\u0105tk\u00f3w. Aposto\u0142owie zbierali si\u0119 razem, aby podejmowa\u0107 decyzje pod tchnieniem Bo\u017cego Ducha (por. Dz15,1-33). Potem przez wiele wiek\u00f3w nast\u0119pcy Aposto\u0142\u00f3w \u2013 biskupi \u2013 gromadzili si\u0119 na synodach, by rozeznawa\u0107, jaka jest wola Bo\u017ca wzgl\u0119dem Ko\u015bcio\u0142a. Przez wieki synody by\u0142y podstawowym sposobem podejmowania ko\u015bcielnych decyzji. Tym razem papie\u017c Franciszek pragnie, aby w synodalnym do\u015bwiadczeniu uczestniczyli nie tylko biskupi. Do p\u00f3j\u015bcia wsp\u00f3ln\u0105 drog\u0105 rozeznania woli Bo\u017cej zaprasza wszystkich \u2013 bo wszyscy przez chrzest i bierzmowanie otrzymali Ducha \u015awi\u0119tego, a w Eucharystii karmi\u0105 si\u0119 jednym Cia\u0142em \u017byj\u0105cego Pana. W ten spos\u00f3b buduj\u0105 Mistyczne Cia\u0142o Chrystusa, czyli Ko\u015bci\u00f3\u0142, za kt\u00f3ry s\u0105 wsp\u00f3\u0142odpowiedzialni. <strong>Samo s\u0142owo \u201esynod\u201d oznacza pod\u0105\u017canie wsp\u00f3ln\u0105 drog\u0105. <\/strong>Synodalne prace potrwaj\u0105 dwa lata. Najpierw b\u0119dzie mia\u0142a miejsce faza diecezjalna, w przysz\u0142ym roku kontynentalna, a wreszcie w 2023 \u2013 powszechna. Jednak papie\u017c Franciszek chce, aby styl wsp\u00f3lnotowego rozeznawania sta\u0142 si\u0119 sta\u0142\u0105 praktyk\u0105 Ko\u015bcio\u0142a. W czasie synodu mamy przyjrze\u0107 si\u0119 temu, w jaki spos\u00f3b razem, duchowni i \u015bwieccy, budujemy wsp\u00f3lnot\u0119 Ko\u015bcio\u0142a, pocz\u0105wszy od najmniejszej parafii. Czy i jak w Ko\u015bciele ze sob\u0105 rozmawiamy? Jak cz\u0119sto spotykamy si\u0119, by wsp\u00f3lnie szuka\u0107 woli Bo\u017cej, a gdy ju\u017c do takiego spotkania dojdzie, to na ile potrafimy cierpliwie s\u0142ucha\u0107 siebie nawzajem, szanuj\u0105c zdanie drugiego? Ile jest w nas odwagi, \u017ceby wypowiada\u0107 to, co w sercu rozpoznajemy jako mo\u017cliwy g\u0142os Ducha \u015awi\u0119tego? Czy nasze wsp\u00f3lnoty daj\u0105 nam poczucie bezpiecze\u0144stwa, gdy pr\u00f3bujemy wypowiedzie\u0107 sprawy trudne? Papie\u017c proponuje, \u017ceby\u015bmy si\u0119 nad tym zastanowili na r\u00f3\u017cnych poziomach organizacji Ko\u015bcio\u0142a, zar\u00f3wno w nieformalnym gremiach, jak i w ruchach, stowarzyszeniach, parafiach i diecezjach. I jeszcze jedno pytanie, kt\u00f3re Ojciec \u015awi\u0119ty podkre\u015bla szczeg\u00f3lnie: czy z naszej rozmowy o Ko\u015bciele nie wykluczamy tych, kt\u00f3rych g\u0142os \u0142atwo zignorowa\u0107, bo s\u0105 z jakiego\u015b powodu s\u0142absi, zmarginalizowani i mniej obecni w \u201eg\u0142\u00f3wnym nurcie\u201d \u017cycia Ko\u015bcio\u0142a?\u201d <strong><em>(fragment Listu Pasterskiego\u00a0 w zwi\u0105zku z XVI Zgromadzeniem Synodalnym Biskup\u00f3w, list by\u0142 czytany w ko\u015bcio\u0142ach 24.10.2021 roku ).<\/em><\/strong><\/li>\n<\/ol>\n<ol start=\"3\">\n<li><strong>Liturgiczne otwarcie etapu diecezjalnego drogi synodalnej w P\u0142ocku \u2013 Bazylika Katedralna w P\u0142ocku, niedziela, 7 listopada 2021 r., godz. 15.00.<\/strong><\/li>\n<li><strong>Liturgiczne otwarcie etapu diecezjalnego Procesu Synodalnego w parafiach diecezji p\u0142ockiej \u2013 niedziela, 7 listopada 2021 r.<\/strong><\/li>\n<li>Przez ca\u0142y miesi\u0105c listopad mo\u017cna zyska\u0107 odpust zupe\u0142ny za pobo\u017cne nawiedzenie cmentarza i odm\u00f3wienie modlitwy za zmar\u0142ych. Trzeba tak\u017ce spe\u0142ni\u0107 zwyk\u0142e warunkami otrzymania odpustu, czyli by\u0107 w stanie \u0142aski u\u015bwi\u0119caj\u0105cej, przyj\u0105\u0107 Komuni\u0119 \u015awi\u0119t\u0105, pomodli\u0107 si\u0119 w intencjach wyznaczonych przez papie\u017ca, wykluczy\u0107 przywi\u0105zanie do jakiegokolwiek grzechu. Odpust mo\u017cna ofiarowa\u0107 wy\u0142\u0105cznie za zmar\u0142ych.<\/li>\n<li>Od 8 listopada (poniedzia\u0142ek) b\u0119dzie odwiedza\u0142 rodziny naszej parafii z op\u0142atkiem wigilijnym Pan organista, Stefan Godlewski. Ci, kt\u00f3rzy nie b\u0119d\u0105 mogli przyj\u0105\u0107 Pana Stefana w domu mog\u0105 naby\u0107 op\u0142atki w niedziel\u0119, w ko\u015bciele. Program odwiedzin: poniedzia\u0142ek (8XI) \u2013 Koliszewo P\u00f3\u0142noc i Podsmardzewo, wtorek (9XI) \u2013 Koliszewo Po\u0142udnie i Wierzb\u00f3wiec, \u015broda (10XI) &#8211; Milewo, czwartek (11XI) od godz. 13.00 K\u0119pa, pi\u0105tek (12XI) \u2013 S\u0142oszewo Kolonia, S\u0142oszewo i \u0106wiklinek do P. Sawickich, sobota (13XI) \u2013 Smardzewo od strony ko\u015bcio\u0142a.<\/li>\n<li>W czwartek 11 listopada b\u0119dziemy \u015bwi\u0119towali Narodowe \u015awi\u0119to Niepodleg\u0142o\u015bci \u2013 103. rocznic\u0119 odzyskania niepodleg\u0142o\u015bci przez Polsk\u0119. Aby podzi\u0119kowa\u0107 Bogu za odzyskan\u0105 wolno\u015b\u0107 i niepodleg\u0142o\u015b\u0107 i prosi\u0107 o dobre jej wykorzystanie, zapraszam na Msz\u0119 \u015awi\u0119t\u0105 o godz. 10.00. Przed Eucharysti\u0105 o godz. 9.30 b\u0119dziemy modli\u0107 si\u0119 na r\u00f3\u017ca\u0144cu. Po Mszy \u015awi\u0119tej zapalimy znicze przy Grobie Nieznanego \u017bo\u0142nierza i odm\u00f3wimy kr\u00f3tk\u0105 modlitw\u0119 za poleg\u0142ych w obronie naszej Ojczyzny.<\/li>\n<li>Bardzo serdecznie dzi\u0119kuj\u0119 rodzinom z r\u00f3\u017cnych wiosek, kt\u00f3re z\u0142o\u017cy\u0142y w ostatnim tygodniu ofiar\u0119 pieni\u0119\u017cn\u0105 na prace wykonane na cmentarzu grzebalnym. W K\u0119pie zebrano 450.00 z\u0142otych i jeszcze kilka rodzin z\u0142o\u017cy\u0142o ofiar\u0119 osobi\u015bcie.<\/li>\n<li>Wszystkim solenizantom i jubilatom tego tygodnia \u017cyczymy obfito\u015bci \u0142ask Bo\u017cych i opieki Matki Naj\u015bwi\u0119tszej na ka\u017cdy dzie\u0144. Mi\u0142ej i b\u0142ogos\u0142awionej niedzieli.<\/li>\n<li>W ubieg\u0142ym tygodniu odszed\u0142 do wieczno\u015bci \u015bp. Miros\u0142aw Wi\u015bniewski, kt\u00f3ry prze\u017cy\u0142 50 lat. Od uczestnik\u00f3w pogrzebu b\u0119dzie odprawionych 5 Mszy \u015awi\u0119tych. Pami\u0119tajmy o nim w modlitwach oraz o jego najbli\u017cszych i wspierajmy si\u0119 nawzajem s\u0142owami wiary i mi\u0142o\u015bci.<\/li>\n<li>W tym tygodniu patronuj\u0105 nam:<\/li>\n<\/ol>\n<p>\u2013 w \u015brod\u0119 10 listopada \u2013 \u015bw. Leon Wielki (ok. 400-461), papie\u017c i doktor Ko\u015bcio\u0142a; \u2013 w czwartek 11 listopada \u2013 \u015bw. Marcin z Tours (ok. 316-397), biskup,\u00a0 \u017co\u0142nierz rzymski; \u2013 w pi\u0105tek 12 listopada \u2013 \u015bw. Jozafat (1580-1623), biskup i m\u0119czennik; \u2013 w sobot\u0119 13 listopada \u2013 \u015awi\u0119ci Benedykt, Jan, Mateusz, Izaak i Krystyn (\u20201003), pierwsi m\u0119czennicy Polski, eremici, misjonarze.<\/p>\n<p>&nbsp;<\/p>\n<p>&nbsp;<\/p>\n","protected":false},"excerpt":{"rendered":"<p>OG\u0141OSZENIA DUSZPASTERSKIE Dzi\u015b pierwsza niedziela listopada.\u00a0 Po Eucharystii o godz. 9.00 zapraszam dzieci kl. III i IV na kr\u00f3tkie spotkanie przygotowuj\u0105ce do Pierwszej i Generalnej Komunii \u015awi\u0119tej.\u00a0 \u00a0Natomiast po Mszy \u015awi\u0119tej o godz. 10.45 b\u0119dzie wystawienie Naj\u015bwi\u0119tszego Sakramentu i adoracja. \u201eTydzie\u0144 temu (16 pa\u017adziernika 2021 roku) papie\u017c Franciszek rozpocz\u0105\u0142 uroczy\u015bcie XVI Zgromadzenie Og\u00f3lne Synodu Biskup\u00f3w &hellip; <\/p>\n<p><a class=\"more-link btn\" href=\"https:\/\/parafiasmardzewo.pl\/?p=7623\">Kontynuuj czytanie<\/a><\/p>\n","protected":false},"author":2,"featured_media":6301,"comment_status":"open","ping_status":"open","sticky":false,"template":"","format":"standard","meta":[],"categories":[2],"tags":[],"_links":{"self":[{"href":"https:\/\/parafiasmardzewo.pl\/index.php?rest_route=\/wp\/v2\/posts\/7623"}],"collection":[{"href":"https:\/\/parafiasmardzewo.pl\/index.php?rest_route=\/wp\/v2\/posts"}],"about":[{"href":"https:\/\/parafiasmardzewo.pl\/index.php?rest_route=\/wp\/v2\/types\/post"}],"author":[{"embeddable":true,"href":"https:\/\/parafiasmardzewo.pl\/index.php?rest_route=\/wp\/v2\/users\/2"}],"replies":[{"embeddable":true,"href":"https:\/\/parafiasmardzewo.pl\/index.php?rest_route=%2Fwp%2Fv2%2Fcomments&post=7623"}],"version-history":[{"count":6,"href":"https:\/\/parafiasmardzewo.pl\/index.php?rest_route=\/wp\/v2\/posts\/7623\/revisions"}],"predecessor-version":[{"id":7633,"href":"https:\/\/parafiasmardzewo.pl\/index.php?rest_route=\/wp\/v2\/posts\/7623\/revisions\/7633"}],"wp:featuredmedia":[{"embeddable":true,"href":"https:\/\/parafiasmardzewo.pl\/index.php?rest_route=\/wp\/v2\/media\/6301"}],"wp:attachment":[{"href":"https:\/\/parafiasmardzewo.pl\/index.php?rest_route=%2Fwp%2Fv2%2Fmedia&parent=7623"}],"wp:term":[{"taxonomy":"category","embeddable":true,"href":"https:\/\/parafiasmardzewo.pl\/index.php?rest_route=%2Fwp%2Fv2%2Fcategories&post=7623"},{"taxonomy":"post_tag","embeddable":true,"href":"https:\/\/parafiasmardzewo.pl\/index.php?rest_route=%2Fwp%2Fv2%2Ftags&post=7623"}],"curies":[{"name":"wp","href":"https:\/\/api.w.org\/{rel}","templated":true}]}}