{"id":7635,"date":"2021-11-13T18:46:43","date_gmt":"2021-11-13T17:46:43","guid":{"rendered":"http:\/\/parafiasmardzewo.pl\/?p=7635"},"modified":"2021-11-13T18:46:43","modified_gmt":"2021-11-13T17:46:43","slug":"apel-przewodniczacego-kep-arcybiskupa-stanislawa-gadeckiego-ws-pomocy-migrantom","status":"publish","type":"post","link":"https:\/\/parafiasmardzewo.pl\/?p=7635","title":{"rendered":"APEL PRZEWODNICZ\u0104CEGO KEP ARCYBISKUPA STANIS\u0141AWA G\u0104DECKIEGO WS. POMOCY MIGRANTOM"},"content":{"rendered":"<p><strong>APEL PRZEWODNICZ\u0104CEGO KONFERENCJI EPISKOPATU POLSKI ARCYBISKUPA STANIS\u0141AWA G\u0104DECKIEGO WS. POMOCY MIGRANTO<\/strong><\/p>\n<p><strong>\u00a0<\/strong><\/p>\n<p><strong>Od kilku tygodni jeste\u015bmy \u015bwiadkami wyj\u0105tkowo trudnej sytuacji na granicy polsko-bia\u0142oruskiej. Bez wzgl\u0119du na okoliczno\u015bci przybycia migrant\u00f3w, na pewno potrzebuj\u0105 oni naszego wsparcia duchowego i materialnego.\u00a0 \u00a0 \u00a0 \u00a0 \u00a0 \u00a0 \u00a0 \u00a0 \u00a0 \u00a0 \u00a0 \u00a0 \u00a0 \u00a0 \u00a0 \u00a0 \u00a0 \u00a0 \u00a0 \u00a0 \u00a0 \u00a0 \u00a0 \u00a0 \u00a0 \u00a0 \u00a0 \u00a0 \u00a0 \u00a0 \u00a0 \u00a0 \u00a0 \u00a0 \u00a0 \u00a0 \u00a0 \u00a0 \u00a0 \u00a0 \u00a0 \u00a0 \u00a0 \u00a0 \u00a0 \u00a0 \u00a0 \u00a0 \u00a0 \u00a0 \u00a0 \u00a0 \u00a0 \u00a0 \u00a0 \u00a0 \u00a0 \u00a0 \u00a0 \u00a0 \u00a0 \u00a0 \u00a0 \u00a0 \u00a0 \u00a0 \u00a0 \u00a0 \u00a0 \u00a0 \u00a0 \u00a0 \u00a0 \u00a0 \u00a0 \u00a0 \u00a0 \u00a0 \u00a0 \u00a0 \u00a0 \u00a0 \u00a0 \u00a0 \u00a0 \u00a0 \u00a0 \u00a0 \u00a0 \u00a0 \u00a0 \u00a0 \u00a0 \u00a0 \u00a0 \u00a0 \u00a0 \u00a0 \u00a0 \u00a0 \u00a0 \u00a0\u00a0<\/strong>Od pocz\u0105tku kryzysu migracyjnego Ko\u015bci\u00f3\u0142 w Polsce \u2013 za po\u015brednictwem Caritas Polska, Caritas diecezjalnych oraz delegata KEP ds. imigracji \u2013 \u015bwiadczy w miar\u0119 swoich mo\u017cliwo\u015bci pomoc migrantom. W tym momencie realizowane jest wsparcie o\u015brodk\u00f3w dla cudzoziemc\u00f3w, wsparcie przygranicznych plac\u00f3wek Stra\u017cy Granicznej, w kt\u00f3rych przebywaj\u0105 migranci i uchod\u017acy, a w parafiach przygranicznych uruchamiane s\u0105 Namioty Nadziei Caritas Polska.\u00a0 Potrzeby s\u0105 jednak o wiele wi\u0119ksze, dlatego zwracam si\u0119 do wiernych oraz wszystkich ludzi dobrej woli z pro\u015bb\u0105 o og\u00f3lnopolsk\u0105 zbi\u00f3rk\u0119 funduszy na rzecz migrant\u00f3w z granicy polsko-bia\u0142oruskiej, po wszystkich Mszach \u015awi\u0119tych w niedziel\u0119 21 listopada. \u015arodki zbierane podczas tej kwesty zostan\u0105 przeznaczone \u2013 za po\u015brednictwem Caritas Polska \u2013 na finansowanie dzia\u0142a\u0144 pomocowych na terenach przygranicznych podczas kryzysu migracyjnego oraz na proces d\u0142ugotrwa\u0142ej integracji uchod\u017ac\u00f3w, kt\u00f3rzy zdecyduj\u0105 si\u0119 pozosta\u0107 w Polsce. Misj\u0105 Ko\u015bcio\u0142a jest w pierwszym rz\u0119dzie g\u0142oszenie Ewangelii. W konsekwencji, gdy trzeba udzieli\u0107 przybyszom pomocy, nie wolno nam si\u0119 od tego uchyla\u0107. Bez uszczerbku dla bezpiecze\u0144stwa Rzeczypospolitej i jej obywateli, osobom potrzebuj\u0105cym trzeba okaza\u0107 nasz\u0105 solidarno\u015b\u0107. W obecnej sytuacji przes\u0142anie przypowie\u015bci o mi\u0142osiernym Samarytaninie brzmi jeszcze bardziej nagl\u0105co i czeka na powszechn\u0105 realizacj\u0119, tak\u017ce w postrzeganiu samych migrant\u00f3w. M\u00f3dlmy si\u0119 gor\u0105co o pok\u00f3j na wschodniej granicy Polski, za wszystkich migrant\u00f3w tam przebywaj\u0105cych, za mieszka\u0144c\u00f3w tych okolic, za s\u0142u\u017cby pa\u0144stwowe, w tym Stra\u017c Graniczn\u0105 i wojsko, za polityk\u00f3w, Polak\u00f3w i Bia\u0142orusin\u00f3w.<\/p>\n<p><em>+ Stanis\u0142aw G\u0105decki<\/em><br \/>\n<em>Arcybiskup Metropolita Pozna\u0144ski<\/em><br \/>\n<em>Przewodnicz\u0105cy Konferencji Episkopatu Polski<\/em><\/p>\n<p>Warszawa, dnia 8 listopada 2021 roku<\/p>\n<p><strong>PRO\u015aBA BISKUPA P\u0141OCKIEGO\u00a0 \u00a0 \u00a0 \u00a0 \u00a0 \u00a0 \u00a0 \u00a0 \u00a0 \u00a0 \u00a0 \u00a0 \u00a0 \u00a0 \u00a0 \u00a0 \u00a0 \u00a0 \u00a0 \u00a0 \u00a0 \u00a0 \u00a0 \u00a0 \u00a0 \u00a0 \u00a0 \u00a0 \u00a0 \u00a0 \u00a0 \u00a0 \u00a0 \u00a0 \u00a0 \u00a0 \u00a0 \u00a0 \u00a0 \u00a0 \u00a0 \u00a0 \u00a0 \u00a0 \u00a0 \u00a0 \u00a0 \u00a0 \u00a0 \u00a0 \u00a0 \u00a0 \u00a0 \u00a0 \u00a0 \u00a0 \u00a0 \u00a0 \u00a0 \u00a0 \u00a0 \u00a0 \u00a0 \u00a0 \u00a0 \u00a0 \u00a0 \u00a0 \u00a0 \u00a0 \u00a0 \u00a0 \u00a0 \u00a0 \u00a0 \u00a0 \u00a0 \u00a0 \u00a0<\/strong>Przekazuj\u0119 Czcigodnym Ksi\u0119\u017com \u201eApel Przewodnicz\u0105cego Konferencji Episkopatu Polski, Arcybiskupa Stanis\u0142awa G\u0105deckiego ws. pomocy migrantom\u201d. Dokument ten przeznaczony jest do wykorzystania duszpasterskiego w najbli\u017csz\u0105 niedziel\u0119 14 listopada 2021 r., podczas og\u0142osze\u0144 duszpasterskich wszystkich Mszy \u015bw. W zwi\u0105zku z pro\u015bb\u0105 Ks. Arcybiskupa Przewodnicz\u0105cego KEP, zarz\u0105dzam wi\u0119c w Diecezji P\u0142ockiej, w niedziel\u0119 21 listopada br., zbi\u00f3rk\u0119 do puszek na rzecz migrant\u00f3w z granicy polsko-bia\u0142oruskiej (po wszystkich Mszach \u015bw.). Zebrane ofiary nale\u017cy przekaza\u0107 na konto Kurii Diecezjalnej z dopiskiem w tytule przelewu: \u201eZbi\u00f3rka na rzecz migrant\u00f3w (21.11.2021 r.)\u201d. Kuria P\u0142ocka natomiast, przeka\u017ce te ofiary niezw\u0142ocznie na konto Caritas Polska. Zach\u0119cam usilnie do modlitwy o pok\u00f3j na wschodniej granicy naszej Ojczyzny, za wszystkich migrant\u00f3w, za mieszka\u0144c\u00f3w tych okolic, za s\u0142u\u017cby mundurowe i za rz\u0105dz\u0105cych. Dzi\u0119kuj\u0119 r\u00f3wnie\u017c za okazanie chrze\u015bcija\u0144skiego mi\u0142osierdzia potrzebuj\u0105cym. Niech Maryja, Kr\u00f3lowa Polski otacza nasz\u0105 Ojczyzn\u0119 \u2013 Polsk\u0119 swoj\u0105 macierzy\u0144sk\u0105 opiek\u0105.<br \/>\nP\u0142ock, dnia 10 listopada 2021 r.<\/p>\n<p>&nbsp;<\/p>\n","protected":false},"excerpt":{"rendered":"<p>APEL PRZEWODNICZ\u0104CEGO KONFERENCJI EPISKOPATU POLSKI ARCYBISKUPA STANIS\u0141AWA G\u0104DECKIEGO WS. POMOCY MIGRANTO \u00a0 Od kilku tygodni jeste\u015bmy \u015bwiadkami wyj\u0105tkowo trudnej sytuacji na granicy polsko-bia\u0142oruskiej. Bez wzgl\u0119du na okoliczno\u015bci przybycia migrant\u00f3w, na pewno potrzebuj\u0105 oni naszego wsparcia duchowego i materialnego.\u00a0 \u00a0 \u00a0 \u00a0 \u00a0 \u00a0 \u00a0 \u00a0 \u00a0 \u00a0 \u00a0 \u00a0 \u00a0 \u00a0 \u00a0 \u00a0 \u00a0 \u00a0 &hellip; <\/p>\n<p><a class=\"more-link btn\" href=\"https:\/\/parafiasmardzewo.pl\/?p=7635\">Kontynuuj czytanie<\/a><\/p>\n","protected":false},"author":2,"featured_media":0,"comment_status":"open","ping_status":"open","sticky":false,"template":"","format":"standard","meta":[],"categories":[1],"tags":[],"_links":{"self":[{"href":"https:\/\/parafiasmardzewo.pl\/index.php?rest_route=\/wp\/v2\/posts\/7635"}],"collection":[{"href":"https:\/\/parafiasmardzewo.pl\/index.php?rest_route=\/wp\/v2\/posts"}],"about":[{"href":"https:\/\/parafiasmardzewo.pl\/index.php?rest_route=\/wp\/v2\/types\/post"}],"author":[{"embeddable":true,"href":"https:\/\/parafiasmardzewo.pl\/index.php?rest_route=\/wp\/v2\/users\/2"}],"replies":[{"embeddable":true,"href":"https:\/\/parafiasmardzewo.pl\/index.php?rest_route=%2Fwp%2Fv2%2Fcomments&post=7635"}],"version-history":[{"count":1,"href":"https:\/\/parafiasmardzewo.pl\/index.php?rest_route=\/wp\/v2\/posts\/7635\/revisions"}],"predecessor-version":[{"id":7636,"href":"https:\/\/parafiasmardzewo.pl\/index.php?rest_route=\/wp\/v2\/posts\/7635\/revisions\/7636"}],"wp:attachment":[{"href":"https:\/\/parafiasmardzewo.pl\/index.php?rest_route=%2Fwp%2Fv2%2Fmedia&parent=7635"}],"wp:term":[{"taxonomy":"category","embeddable":true,"href":"https:\/\/parafiasmardzewo.pl\/index.php?rest_route=%2Fwp%2Fv2%2Fcategories&post=7635"},{"taxonomy":"post_tag","embeddable":true,"href":"https:\/\/parafiasmardzewo.pl\/index.php?rest_route=%2Fwp%2Fv2%2Ftags&post=7635"}],"curies":[{"name":"wp","href":"https:\/\/api.w.org\/{rel}","templated":true}]}}