{"id":7637,"date":"2021-11-13T19:04:20","date_gmt":"2021-11-13T18:04:20","guid":{"rendered":"http:\/\/parafiasmardzewo.pl\/?p=7637"},"modified":"2021-11-13T19:05:37","modified_gmt":"2021-11-13T18:05:37","slug":"trzydziesta-trzecia-niedziela-w-ciagu-roku-14-listopada-2021","status":"publish","type":"post","link":"https:\/\/parafiasmardzewo.pl\/?p=7637","title":{"rendered":"TRZYDZIESTA TRZECIA NIEDZIELA W CI\u0104GU ROKU &#8211; 14 listopada 2021"},"content":{"rendered":"<p><strong>OG\u0141OSZENIA DUSZPASTERSKIE<\/strong><\/p>\n<ol>\n<li>Po Mszy \u015awi\u0119tej o godz. 9.00 zapraszam dzieci kl. III i IV na kr\u00f3tkie spotkanie przygotowuj\u0105ce do Pierwszej i Generalnej Komunii \u015awi\u0119tej.<\/li>\n<li>Przez ca\u0142y listopad mo\u017cna zyska\u0107 odpust zupe\u0142ny za pobo\u017cne nawiedzenie cmentarza i odm\u00f3wienie modlitwy za zmar\u0142ych. Trzeba tak\u017ce spe\u0142ni\u0107 zwyk\u0142e warunki otrzymania odpustu, czyli by\u0107 w stanie \u0142aski u\u015bwi\u0119caj\u0105cej, przyj\u0105\u0107 Komuni\u0119 \u015awi\u0119t\u0105, pomodli\u0107 si\u0119 w intencjach wyznaczonych przez papie\u017ca, wykluczy\u0107 przywi\u0105zanie do jakiegokolwiek grzechu. Odpust mo\u017cna ofiarowa\u0107 wy\u0142\u0105cznie za zmar\u0142ych.<\/li>\n<li>Obchodzimy dzi\u015b Dzie\u0144 Solidarno\u015bci z Ko\u015bcio\u0142em Prze\u015bladowanym. W tym roku obejmujemy szczeg\u00f3ln\u0105 modlitw\u0105 prze\u015bladowanych chrze\u015bcijan w Libanie. Has\u0142o Tegorocznego Dnia Solidarno\u015bci brzmi: \u201eSolidarni z Libanem\u201d. Obchodzimy tak\u017ce \u015awiatowy Dzie\u0144 Ubogich, ustanowiony przez papie\u017ca Franciszka w 2016 r. na zako\u0144czenie Jubileuszowego Roku Mi\u0142osierdzia. Niech nasze serca i oczy b\u0119d\u0105 wra\u017cliwe na tyle, by dostrzega\u0107 potrzebuj\u0105cych i ubogich, kt\u00f3rzy czasem \u017cyj\u0105 blisko nas. Zach\u0119cam, by w\u0142\u0105cza\u0107 si\u0119 w r\u00f3\u017cne akcje charytatywne organizacji spo\u0142ecznych i ko\u015bcielnych.<\/li>\n<li>\u201eW zwi\u0105zku z pro\u015bb\u0105 Ks. Arcybiskupa Stanis\u0142awa G\u0105deckiego Przewodnicz\u0105cego KEP, zarz\u0105dzam w Diecezji P\u0142ockiej, w niedziel\u0119 21 listopada br., zbi\u00f3rk\u0119 do puszek na rzecz migrant\u00f3w z granicy polsko-bia\u0142oruskiej (po wszystkich Mszach \u015bwi\u0119tych)\u201d. <em>Fragmen<\/em>t <em>zarz\u0105dzenia Biskupa P\u0142ockiego Piotra Libery<\/em> z dnia 10.11.2021 roku<\/li>\n<li>W przysz\u0142\u0105 niedziel\u0119 zako\u0144czymy rok liturgiczny uroczysto\u015bci\u0105 Jezusa Chrystusa Kr\u00f3la Wszech\u015bwiata.<\/li>\n<li>Bardzo serdecznie dzi\u0119kuj\u0119 rodzinom z r\u00f3\u017cnych wiosek, kt\u00f3re z\u0142o\u017cy\u0142y w ostatnim tygodniu ofiar\u0119 pieni\u0119\u017cn\u0105 na prace wykonane na cmentarzu grzebalnym.<\/li>\n<li>Zach\u0119cam do nabycia prasy katolickiej.<\/li>\n<li>Wszystkim solenizantom i jubilatom tego tygodnia \u017cyczymy obfito\u015bci \u0142ask Bo\u017cych i opieki Matki Naj\u015bwi\u0119tszej na ka\u017cdy dzie\u0144. Mi\u0142ej i b\u0142ogos\u0142awionej niedzieli.<\/li>\n<li>W tym tygodniu patronuj\u0105 nam:<\/li>\n<\/ol>\n<p>\u2013 w \u015brod\u0119 17 listopada \u2013 \u015bw. El\u017cbieta W\u0119gierska (1207-1231), zakonnica\u00a0 \u00a0 \u00a0 \u00a0 \u00a0 \u00a0 \u00a0 \u00a0 \u00a0 \u00a0 \u00a0 \u00a0 \u00a0 \u00a0 \u00a0 \u00a0 \u00a0 \u00a0 \u00a0 \u00a0 \u00a0 \u00a0 \u00a0 \u00a0 \u00a0 \u00a0 \u00a0 \u00a0 \u00a0 \u00a0 \u00a0 \u00a0 \u00a0 \u00a0 \u00a0 \u00a0 \u00a0 \u00a0 \u00a0 \u00a0 \u00a0 \u00a0 \u017cona Ludwika IV, po \u015bmierci m\u0119\u017ca po\u015bwi\u0119ci\u0142a si\u0119 wychowaniu\u00a0 dzieci,\u00a0modlitwie, znana z niezwyk\u0142ego\u00a0 \u00a0 \u00a0 \u00a0 \u00a0 \u00a0 \u00a0 \u00a0 \u00a0 mi\u0142osierdzia wobec ubogich \u2013 w\u00a0 \u00a0 \u00a0 \u00a0 \u00a0 \u00a0 \u00a0 \u00a0 \u00a0 \u00a0 \u00a0 \u00a0 \u00a0 \u00a0 \u00a0 \u00a0 \u00a0 \u00a0 \u00a0 \u00a0 \u00a0 \u00a0 \u00a0 \u00a0 \u00a0 \u00a0 \u00a0 \u00a0 \u00a0 \u00a0 \u00a0 \u00a0 \u00a0 \u00a0 \u00a0 \u00a0 \u00a0 \u00a0 \u00a0 \u00a0 \u00a0 \u00a0 \u00a0 \u00a0 \u00a0 \u00a0 \u00a0 \u00a0 \u00a0 \u00a0 \u00a0 \u00a0 \u00a0 \u00a0 \u00a0 \u00a0 \u00a0 \u00a0 \u00a0 \u00a0 \u00a0 \u00a0 \u00a0 \u00a0 \u00a0 \u00a0 \u00a0 \u00a0 \u00a0 \u00a0 \u00a0 \u00a0 \u00a0 \u00a0 \u00a0 \u00a0 \u00a0 \u00a0 \u00a0 \u00a0 \u00a0 \u00a0 \u00a0 \u00a0 \u00a0 \u00a0 czwartek 18 listopada \u2013 b\u0142. Karolina K\u00f3zk\u00f3wna (1898-1914), dziewica i\u00a0 \u00a0m\u0119czennica, zgin\u0119\u0142a z r\u0105k\u00a0 \u00a0 \u00a0 \u00a0 \u00a0 \u00a0 \u00a0 \u00a0 \u00a0 \u00a0 \u00a0 \u00a0 carskiego \u017co\u0142nierza w obronie czysto\u015bci,\u00a0 \u00a0\u00a0patronka Katolickiego Stowarzyszenia M\u0142odzie\u017cy i Ruchu\u00a0 \u00a0 \u00a0 \u00a0 \u00a0 \u00a0 \u00a0 \u00a0 \u00a0 \u00a0 Czystych \u00a0Serc; \u2013 w sobot\u0119 20 listopada \u2013 \u015bw. Rafa\u0142 Kalinowski (1835-1907), \u00a0prezbiter, powstaniec\u00a0 \u00a0 \u00a0 \u00a0 \u00a0 \u00a0 \u00a0 \u00a0 \u00a0 \u00a0 \u00a0 \u00a0styczniowy, karmelita, niezwyk\u0142y spowiednik.<\/p>\n","protected":false},"excerpt":{"rendered":"<p>OG\u0141OSZENIA DUSZPASTERSKIE Po Mszy \u015awi\u0119tej o godz. 9.00 zapraszam dzieci kl. III i IV na kr\u00f3tkie spotkanie przygotowuj\u0105ce do Pierwszej i Generalnej Komunii \u015awi\u0119tej. Przez ca\u0142y listopad mo\u017cna zyska\u0107 odpust zupe\u0142ny za pobo\u017cne nawiedzenie cmentarza i odm\u00f3wienie modlitwy za zmar\u0142ych. Trzeba tak\u017ce spe\u0142ni\u0107 zwyk\u0142e warunki otrzymania odpustu, czyli by\u0107 w stanie \u0142aski u\u015bwi\u0119caj\u0105cej, przyj\u0105\u0107 Komuni\u0119 &hellip; <\/p>\n<p><a class=\"more-link btn\" href=\"https:\/\/parafiasmardzewo.pl\/?p=7637\">Kontynuuj czytanie<\/a><\/p>\n","protected":false},"author":2,"featured_media":6302,"comment_status":"open","ping_status":"open","sticky":false,"template":"","format":"standard","meta":[],"categories":[1],"tags":[],"_links":{"self":[{"href":"https:\/\/parafiasmardzewo.pl\/index.php?rest_route=\/wp\/v2\/posts\/7637"}],"collection":[{"href":"https:\/\/parafiasmardzewo.pl\/index.php?rest_route=\/wp\/v2\/posts"}],"about":[{"href":"https:\/\/parafiasmardzewo.pl\/index.php?rest_route=\/wp\/v2\/types\/post"}],"author":[{"embeddable":true,"href":"https:\/\/parafiasmardzewo.pl\/index.php?rest_route=\/wp\/v2\/users\/2"}],"replies":[{"embeddable":true,"href":"https:\/\/parafiasmardzewo.pl\/index.php?rest_route=%2Fwp%2Fv2%2Fcomments&post=7637"}],"version-history":[{"count":3,"href":"https:\/\/parafiasmardzewo.pl\/index.php?rest_route=\/wp\/v2\/posts\/7637\/revisions"}],"predecessor-version":[{"id":7640,"href":"https:\/\/parafiasmardzewo.pl\/index.php?rest_route=\/wp\/v2\/posts\/7637\/revisions\/7640"}],"wp:featuredmedia":[{"embeddable":true,"href":"https:\/\/parafiasmardzewo.pl\/index.php?rest_route=\/wp\/v2\/media\/6302"}],"wp:attachment":[{"href":"https:\/\/parafiasmardzewo.pl\/index.php?rest_route=%2Fwp%2Fv2%2Fmedia&parent=7637"}],"wp:term":[{"taxonomy":"category","embeddable":true,"href":"https:\/\/parafiasmardzewo.pl\/index.php?rest_route=%2Fwp%2Fv2%2Fcategories&post=7637"},{"taxonomy":"post_tag","embeddable":true,"href":"https:\/\/parafiasmardzewo.pl\/index.php?rest_route=%2Fwp%2Fv2%2Ftags&post=7637"}],"curies":[{"name":"wp","href":"https:\/\/api.w.org\/{rel}","templated":true}]}}