{"id":7645,"date":"2021-11-20T13:33:24","date_gmt":"2021-11-20T12:33:24","guid":{"rendered":"http:\/\/parafiasmardzewo.pl\/?p=7645"},"modified":"2021-11-20T13:34:02","modified_gmt":"2021-11-20T12:34:02","slug":"jezusa-chrystusa-krola-wszechswiata-21-listopada-2021","status":"publish","type":"post","link":"https:\/\/parafiasmardzewo.pl\/?p=7645","title":{"rendered":"JEZUSA CHRYSTUSA, KR\u00d3LA WSZECH\u015aWIATA &#8211; 21 listopada 2021"},"content":{"rendered":"<p><strong>OG\u0141OSZENIA DUSZPASTERSKIE<\/strong><\/p>\n<ol>\n<li>Mamy Kr\u00f3la! Jest nim Jezus Chrystus \u2013 Zbawiciel, Kr\u00f3l wszech\u015bwiata. Nale\u017cymy do kr\u00f3lewskiego rodu i z Chrystusem mamy udzia\u0142 w kr\u00f3lewskim kap\u0142a\u0144stwie. Znakiem Jego kr\u00f3lowania nie jest jednak korona, lecz krzy\u017c zbawienia, kt\u00f3ry wisi na \u015bcianach naszych dom\u00f3w, jest wpisany w nasze serca i kt\u00f3rym znaczymy siebie, gdy stajemy do modlitwy. A poniewa\u017c szlachectwo zobowi\u0105zuje, niech \u015bwiadomo\u015b\u0107 przynale\u017cno\u015bci do kr\u00f3lewskiego rodu zobowi\u0105zuje nas do godnego \u017cycia.<\/li>\n<li>Po Mszy \u015awi\u0119tej o godz. 9.00 zapraszam dzieci kl. III i IV na kr\u00f3tkie spotkanie przygotowuj\u0105ce do Pierwszej i Generalnej Komunii \u015awi\u0119tej.<\/li>\n<li>Kolejny rok liturgiczny ko\u0144czymy uroczysto\u015bci\u0105 Jezusa Chrystusa Kr\u00f3la Wszech\u015bwiata. Za publiczne odm\u00f3wienie aktu po\u015bwi\u0119cenia rodzaju ludzkiego Chrystusowi Kr\u00f3lowi mo\u017cemy dzi\u015b uzyska\u0107 odpust zupe\u0142ny. Trzeba tak\u017ce spe\u0142ni\u0107 zwyk\u0142e warunkami otrzymania odpustu, czyli by\u0107 w stanie \u0142aski u\u015bwi\u0119caj\u0105cej, przyj\u0105\u0107 Komuni\u0119 \u015awi\u0119t\u0105, pomodli\u0107 si\u0119 w intencjach wyznaczonych przez papie\u017ca, wykluczy\u0107 przywi\u0105zanie do jakiegokolwiek grzechu. Akt po\u015bwi\u0119cenia odm\u00f3wimy przed b\u0142ogos\u0142awie\u0144stwem na ka\u017cdej Mszy \u015awi\u0119tej. Po Mszy \u015awi\u0119tej o godz. 10.45 uroczyste wystawienie Naj\u015bwi\u0119tszego Sakramentu, <em>Litania do Naj\u015bwi\u0119tszego Serca Pana Jezusa<\/em> i akt oddania naszej parafii Chrystusowi Kr\u00f3lowi.<\/li>\n<li>\u201eW zwi\u0105zku z pro\u015bb\u0105 Ks. Arcybiskupa Stanis\u0142awa G\u0105deckiego Przewodnicz\u0105cego KEP, zarz\u0105dzam w Diecezji P\u0142ockiej, w niedziel\u0119 21 listopada br., zbi\u00f3rk\u0119 do puszek na rzecz migrant\u00f3w z granicy polsko-bia\u0142oruskiej (po wszystkich Mszach \u015bwi\u0119tych)\u201d. <em>Fragmen<\/em>t <em>zarz\u0105dzenia Biskupa P\u0142ockiego Piotra Libery<\/em> z dnia 10.11.2021 roku<\/li>\n<li>W przysz\u0142\u0105 niedziel\u0119 rozpoczynamy Adwent, czas radosnego oczekiwania na przyj\u015bcie Pana. Roraty w naszym ko\u015bciele w \u015brody i soboty o godz. 16.00.<\/li>\n<li>Od 3 \u2013 5 (pi\u0105tek, sobota, niedziela) grudnia b\u0119dziemy prze\u017cywa\u0107 rekolekcje adwentowe. Szczeg\u00f3\u0142owy program rekolekcji jest umieszczony na stronie internetowej parafii.<\/li>\n<li>W czwartek (25 listopada) wspominamy w liturgii \u015bw. Katarzyn\u0119 Aleksandryjsk\u0105. Parafia Dziektarzewo prze\u017cywa w tym dniu odpust.<\/li>\n<li>Wszystkim solenizantom i jubilatom tego tygodnia \u017cyczymy obfito\u015bci \u0142ask Bo\u017cych i opieki Matki Naj\u015bwi\u0119tszej na ka\u017cdy dzie\u0144. Mi\u0142ej i b\u0142ogos\u0142awionej niedzieli.<\/li>\n<li>W tym tygodniu patronuj\u0105 nam: \u2013 w poniedzia\u0142ek 22 listopada \u2013 \u015bw. Cecylia (\u2020III w.), dziewica i m\u0119czennica, patronka muzyki ko\u015bcielnej; \u2013 w \u015brod\u0119 24 listopada \u2013 \u015bwieci m\u0119czennicy Andrzej Dung-Lac (1795 &#8211; 1839), prezbiter, i Towarzysze, pierwsi m\u0119czennicy wietnamscy, zgin\u0119li w latach prze\u015bladowa\u0144 1773 \u2013 1862.<\/li>\n<\/ol>\n<p>&nbsp;<\/p>\n<p>&nbsp;<\/p>\n","protected":false},"excerpt":{"rendered":"<p>OG\u0141OSZENIA DUSZPASTERSKIE Mamy Kr\u00f3la! Jest nim Jezus Chrystus \u2013 Zbawiciel, Kr\u00f3l wszech\u015bwiata. Nale\u017cymy do kr\u00f3lewskiego rodu i z Chrystusem mamy udzia\u0142 w kr\u00f3lewskim kap\u0142a\u0144stwie. Znakiem Jego kr\u00f3lowania nie jest jednak korona, lecz krzy\u017c zbawienia, kt\u00f3ry wisi na \u015bcianach naszych dom\u00f3w, jest wpisany w nasze serca i kt\u00f3rym znaczymy siebie, gdy stajemy do modlitwy. A poniewa\u017c &hellip; <\/p>\n<p><a class=\"more-link btn\" href=\"https:\/\/parafiasmardzewo.pl\/?p=7645\">Kontynuuj czytanie<\/a><\/p>\n","protected":false},"author":2,"featured_media":6301,"comment_status":"open","ping_status":"open","sticky":false,"template":"","format":"standard","meta":[],"categories":[2],"tags":[],"_links":{"self":[{"href":"https:\/\/parafiasmardzewo.pl\/index.php?rest_route=\/wp\/v2\/posts\/7645"}],"collection":[{"href":"https:\/\/parafiasmardzewo.pl\/index.php?rest_route=\/wp\/v2\/posts"}],"about":[{"href":"https:\/\/parafiasmardzewo.pl\/index.php?rest_route=\/wp\/v2\/types\/post"}],"author":[{"embeddable":true,"href":"https:\/\/parafiasmardzewo.pl\/index.php?rest_route=\/wp\/v2\/users\/2"}],"replies":[{"embeddable":true,"href":"https:\/\/parafiasmardzewo.pl\/index.php?rest_route=%2Fwp%2Fv2%2Fcomments&post=7645"}],"version-history":[{"count":2,"href":"https:\/\/parafiasmardzewo.pl\/index.php?rest_route=\/wp\/v2\/posts\/7645\/revisions"}],"predecessor-version":[{"id":7647,"href":"https:\/\/parafiasmardzewo.pl\/index.php?rest_route=\/wp\/v2\/posts\/7645\/revisions\/7647"}],"wp:featuredmedia":[{"embeddable":true,"href":"https:\/\/parafiasmardzewo.pl\/index.php?rest_route=\/wp\/v2\/media\/6301"}],"wp:attachment":[{"href":"https:\/\/parafiasmardzewo.pl\/index.php?rest_route=%2Fwp%2Fv2%2Fmedia&parent=7645"}],"wp:term":[{"taxonomy":"category","embeddable":true,"href":"https:\/\/parafiasmardzewo.pl\/index.php?rest_route=%2Fwp%2Fv2%2Fcategories&post=7645"},{"taxonomy":"post_tag","embeddable":true,"href":"https:\/\/parafiasmardzewo.pl\/index.php?rest_route=%2Fwp%2Fv2%2Ftags&post=7645"}],"curies":[{"name":"wp","href":"https:\/\/api.w.org\/{rel}","templated":true}]}}