{"id":7648,"date":"2021-11-20T13:40:27","date_gmt":"2021-11-20T12:40:27","guid":{"rendered":"http:\/\/parafiasmardzewo.pl\/?p=7648"},"modified":"2021-11-20T13:40:36","modified_gmt":"2021-11-20T12:40:36","slug":"program-rrekolekcji-w-smardzewie-w-dniach-3-5-grudnia-2021-r","status":"publish","type":"post","link":"https:\/\/parafiasmardzewo.pl\/?p=7648","title":{"rendered":"PROGRAM RREKOLEKCJI W SMARDZEWIE W DNIACH 3- 5 grudnia 2021 r."},"content":{"rendered":"<p><strong>Pi\u0105tek<\/strong> \u2013 <em>Dzie\u0144 Eucharystyczny<\/em><\/p>\n<p>09.00 \u2013 Wystawienie Naj\u015bwi\u0119tszego Sakramentu \u2013 adoracja<\/p>\n<p>09.30 \u2013 Msza \u015bw. z kazaniem<\/p>\n<p>11.00- Msza \u015bw. z kazaniem<\/p>\n<p>16.30 &#8211; Wystawienie Naj\u015bwi\u0119tszego Sakramentu \u2013 adoracja<\/p>\n<p>17.00 &#8211; Msza \u015bw. z kazaniem<\/p>\n<p><strong>Sobota<\/strong> \u2013 <em>dzie\u0144 po\u015bwi\u0119cony Naj\u015bwi\u0119tszej Maryi Panie<\/em><\/p>\n<p>09.00 &#8211; Godzinki<\/p>\n<p>09.30 &#8211; Msza \u015bw. z kazaniem<\/p>\n<p>11.00 &#8211; Msza \u015bw. z udzia\u0142em dzieci<\/p>\n<p>16.30 &#8211; R\u00f3\u017caniec<\/p>\n<p>17.00 &#8211; Msza \u015bw. z kazaniem<\/p>\n<p><strong>Niedziela<\/strong><\/p>\n<p>09.00 &#8211; Msza \u015bw. z kazaniem<\/p>\n<p>10.45 &#8211; Msza \u015bw. z kazaniem<\/p>\n<p>16.00 \u2013 Msza \u015bw. z kazaniem<\/p>\n<p>&nbsp;<\/p>\n<p><em>Spowied\u017a w pi\u0105tek i sobot\u0119 p\u00f3\u0142 godziny przed ka\u017cd\u0105 Msz\u0105 \u015bw<\/em><em>. <strong>Wyjazd do chorych w sobot\u0119 od godz. 14.00<\/strong><\/em><\/p>\n","protected":false},"excerpt":{"rendered":"<p>Pi\u0105tek \u2013 Dzie\u0144 Eucharystyczny 09.00 \u2013 Wystawienie Naj\u015bwi\u0119tszego Sakramentu \u2013 adoracja 09.30 \u2013 Msza \u015bw. z kazaniem 11.00- Msza \u015bw. z kazaniem 16.30 &#8211; Wystawienie Naj\u015bwi\u0119tszego Sakramentu \u2013 adoracja 17.00 &#8211; Msza \u015bw. z kazaniem Sobota \u2013 dzie\u0144 po\u015bwi\u0119cony Naj\u015bwi\u0119tszej Maryi Panie 09.00 &#8211; Godzinki 09.30 &#8211; Msza \u015bw. z kazaniem 11.00 &#8211; Msza \u015bw. &hellip; <\/p>\n<p><a class=\"more-link btn\" href=\"https:\/\/parafiasmardzewo.pl\/?p=7648\">Kontynuuj czytanie<\/a><\/p>\n","protected":false},"author":2,"featured_media":3305,"comment_status":"open","ping_status":"open","sticky":false,"template":"","format":"standard","meta":[],"categories":[1],"tags":[],"_links":{"self":[{"href":"https:\/\/parafiasmardzewo.pl\/index.php?rest_route=\/wp\/v2\/posts\/7648"}],"collection":[{"href":"https:\/\/parafiasmardzewo.pl\/index.php?rest_route=\/wp\/v2\/posts"}],"about":[{"href":"https:\/\/parafiasmardzewo.pl\/index.php?rest_route=\/wp\/v2\/types\/post"}],"author":[{"embeddable":true,"href":"https:\/\/parafiasmardzewo.pl\/index.php?rest_route=\/wp\/v2\/users\/2"}],"replies":[{"embeddable":true,"href":"https:\/\/parafiasmardzewo.pl\/index.php?rest_route=%2Fwp%2Fv2%2Fcomments&post=7648"}],"version-history":[{"count":1,"href":"https:\/\/parafiasmardzewo.pl\/index.php?rest_route=\/wp\/v2\/posts\/7648\/revisions"}],"predecessor-version":[{"id":7649,"href":"https:\/\/parafiasmardzewo.pl\/index.php?rest_route=\/wp\/v2\/posts\/7648\/revisions\/7649"}],"wp:featuredmedia":[{"embeddable":true,"href":"https:\/\/parafiasmardzewo.pl\/index.php?rest_route=\/wp\/v2\/media\/3305"}],"wp:attachment":[{"href":"https:\/\/parafiasmardzewo.pl\/index.php?rest_route=%2Fwp%2Fv2%2Fmedia&parent=7648"}],"wp:term":[{"taxonomy":"category","embeddable":true,"href":"https:\/\/parafiasmardzewo.pl\/index.php?rest_route=%2Fwp%2Fv2%2Fcategories&post=7648"},{"taxonomy":"post_tag","embeddable":true,"href":"https:\/\/parafiasmardzewo.pl\/index.php?rest_route=%2Fwp%2Fv2%2Ftags&post=7648"}],"curies":[{"name":"wp","href":"https:\/\/api.w.org\/{rel}","templated":true}]}}