{"id":7653,"date":"2021-11-27T19:51:00","date_gmt":"2021-11-27T18:51:00","guid":{"rendered":"http:\/\/parafiasmardzewo.pl\/?p=7653"},"modified":"2021-11-27T20:12:01","modified_gmt":"2021-11-27T19:12:01","slug":"pierwsza-niedziela-adwentu-28-listopada-2021-roku","status":"publish","type":"post","link":"https:\/\/parafiasmardzewo.pl\/?p=7653","title":{"rendered":"PIERWSZA NIEDZIELA ADWENTU &#8211; 28 listopada 2021 roku"},"content":{"rendered":"<p><strong>OG\u0141OSZENIA DUSZPASTERSKIE<\/strong><\/p>\n<ol>\n<li>Dzisiejsz\u0105 niedziel\u0105 rozpoczynamy Adwent, czas radosnego oczekiwania i przygotowania na przyj\u015bcie Chrystusa. W pierwszej cz\u0119\u015bci (do 16 grudnia) b\u0119dziemy pochyla\u0107 si\u0119 nad tajemnic\u0105 powt\u00f3rnego przyj\u015bcia Pana na ko\u0144cu czas\u00f3w. Druga cz\u0119\u015b\u0107 (od 17 do 24 grudnia) b\u0119dzie stanowi\u0107 bezpo\u015brednie przygotowanie do celebrowania pami\u0105tki pierwszego przyj\u015bcia Chrystusa na ziemi\u0119 \u2013 na uroczysto\u015b\u0107 Narodzenia Pa\u0144skiego. Wykorzystajmy dobrze ten czas na s\u0142uchanie s\u0142owa Bo\u017cego oraz wchodzenie w tajemnic\u0119 blisko\u015bci Boga, kt\u00f3ry przychodzi jako Emmanuel \u2013 B\u00f3g z nami.<\/li>\n<li>Adwent rozpoczyna nowy rok liturgiczny i duszpasterski. Trwamy w realizacji programu duszpasterskiego po\u015bwi\u0119conego tajemnicy Eucharystii, zatytu\u0142owanego <strong>\u201eEucharystia daje \u017cycie\u201d.<\/strong> W trzecim ju\u017c roku pracy duszpasterskiej b\u0119dziemy pochyla\u0107 si\u0119 nad tematem <strong>\u201ePos\u0142ani w pokoju Chrystusa\u201d.<\/strong> Mottem biblijnym b\u0119d\u0105 s\u0142owa zaczerpni\u0119te z Ewangelii \u015bw.\u00a0Jana: <strong>\u201e\u2026ten kto Mnie spo\u017cywa, b\u0119dzie \u017cy\u0142 przeze Mnie\u201d (J 6,57<\/strong>).<\/li>\n<li>W czasie adwentowego oczekiwania zapraszamy serdecznie wszystkich na Msze \u015awi\u0119te roratne; szczeg\u00f3lne zaproszenie kierujemy do dzieci i m\u0142odzie\u017cy. W naszym ko\u015bciele b\u0119d\u0105 one celebrowane w \u015brody i soboty o godz. 16.00.<\/li>\n<li>We wtorek, 30 listopada, przypada liturgiczne \u015bwi\u0119to \u015awi\u0119tego Andrzeja Aposto\u0142a, pierwszego z powo\u0142anych Dwunastu.<\/li>\n<li>W pi\u0105tek, 3 grudnia, w liturgii wspominamy \u015awi\u0119tego Franciszka Ksawerego, patrona misji katolickich. Tego dnia obchodzony jest Dzie\u0144 Misyjny Papieskiej Unii Misyjnej. B\u0119dziemy modli\u0107 si\u0119 za wszystkich misjonarzy oraz prosi\u0107 o nowe powo\u0142ania misyjne, aby \u015bwiat\u0142o Ewangelii dociera\u0142o do wszystkich ludzi.<\/li>\n<li>W sobot\u0119, 4 grudnia, przypada liturgiczne wspomnienie \u015awi\u0119tej Barbary, patronki g\u00f3rnik\u00f3w. Jest to tak\u017ce Dzie\u0144 Modlitw w Intencji Bezrobotnych.<\/li>\n<li><strong>W Adwencie b\u0119dziemy tak\u017ce prze\u017cywali czas rekolekcji. W naszej wsp\u00f3lnocie b\u0119d\u0105 one mia\u0142y miejsce w dniach 3-5 grudnia (pi\u0105tek, sobota, niedziela).<\/strong> Zaplanujmy tak nasze zaj\u0119cia, aby wzi\u0105\u0107 udzia\u0142 w spotkaniach rekolekcyjnych. W te dni mo\u017cemy skorzysta\u0107 tak\u017ce z sakramentu pokuty i pojednania. Nie odk\u0142adajmy jednak spowiedzi na ostatnie dni Adwentu. Zach\u0119cam do podejmowania postanowie\u0144 adwentowych, niech one b\u0119d\u0105 pomoc\u0105 w zbli\u017caniu si\u0119 do Pana. Nauki rekolekcyjne b\u0119dzie g\u0142osi\u0142 ks. Jacek Prusi\u0144ski, nauczyciel w szko\u0142ach katolickich w P\u0142ocku. Program rekolekcji jest zamieszczony na stronie internetowej parafii i w kruchcie ko\u015bcio\u0142a.<\/li>\n<li>Podobnie jak w latach ubieg\u0142ych <strong>mo\u017cemy wesprze\u0107 potrzebuj\u0105cych poprzez zakup \u015bwiec Wigilijnego Dzie\u0142a Pomocy Dzieciom. Ta \u015bwieca ju\u017c na sta\u0142e wpisuje si\u0119 w tradycje prze\u017cywania \u015bwi\u0105t Narodzenia Pa\u0144skiego. Wychodz\u0105c z ko\u015bcio\u0142a mo\u017cna naby\u0107 \u015bwiece ma\u0142e w cenie 6 z\u0142otych za sztuk\u0119 i \u015bwiece du\u017ce w cenie 12 z\u0142otych za sztuk\u0119. <\/strong><\/li>\n<li>W tym tygodniu przypada tak\u017ce pierwszy czwartek, pi\u0105tek i sobota miesi\u0105ca: &#8211; w czwartek modlimy si\u0119 o u\u015bwi\u0119cenie kap\u0142an\u00f3w oraz nowe powo\u0142ania o godz. 16.00; &#8211; w pi\u0105tek nabo\u017ce\u0144stwo do Naj\u015bwi\u0119tszego Serca Pana Jezusa o godz. 9.00 i 16.30; w sobot\u0119\u00a0 o godz. 9.00 Godzinki o Niepokalanym Sercu NMP i o godz. 16.30 nabo\u017ce\u0144stwo r\u00f3\u017ca\u0144cowe. M\u0142odzie\u017cy, kt\u00f3ra przygotowuje si\u0119 do sakramentu pokuty przypominam o obowi\u0105zku odprawienia 9-ciu pierwszych pi\u0105tk\u00f3w miesi\u0105ca. W pierwszy pi\u0105tek nale\u017cy przyst\u0105pi\u0107 do sakramentu pokuty i przyj\u0105\u0107 Komuni\u0119 \u015awi\u0119t\u0105.<\/li>\n<li>Mieszka\u0144cy \u0106wiklinka z\u0142o\u017cyli 680,00 z\u0142otych na op\u0142aty za podgrzewanie ko\u015bcio\u0142a. Serdeczne B\u00f3g zap\u0142a\u0107 wszystkim ofiarodawcom, a szczeg\u00f3lnie Pani, kt\u00f3ra zebra\u0142a ofiary. Podobnie jak w latach ubieg\u0142ych prosz\u0119 o ofiary, na podgrzewanie ko\u015bcio\u0142a, z pozosta\u0142ych wiosek.<\/li>\n<li>Pani Irenie z P\u0142o\u0144ska serdecznie dzi\u0119kuj\u0119 za\u00a0 uszycie i ofiarowanie naszej parafii dw\u00f3ch welon\u00f3w, kt\u00f3re s\u0105 wykorzystywane do liturgii z udzia\u0142em biskupa.<\/li>\n<li>Od trzeciej Niedzieli Adwentu, 12 grudnia, Msze \u015awi\u0119te w naszej \u015bwi\u0105tyni b\u0119d\u0105 sprawowane tylko o godz. 9.00 i 10.45. Taki porz\u0105dek Mszy \u015awi\u0119tych niedzielnych b\u0119dzie do lutego w\u0142\u0105cznie.<\/li>\n<li>Od 11 grudnia, liturgia Mszy \u015awi\u0119tej o godz. 16.00 (w soboty) b\u0119dzie z niedzieli i ci, kt\u00f3rzy b\u0119d\u0105 w niej uczestniczy\u0107 b\u0119d\u0105 mogli prze\u017cy\u0107 t\u0119 Eucharysti\u0119 tak jakby uczestniczyli w niedziel\u0119. Taka mo\u017cliwo\u015b\u0107 b\u0119dzie do ko\u0144ca lutego 2022 roku. Na tej Mszy \u015awi\u0119tej w sobot\u0119 b\u0119dzie: Chwa\u0142a\u2026, 3 czytania z niedzieli, homilia, wyznanie wiary.<\/li>\n<li>Najbli\u017csza niedziela, 5 grudnia, b\u0119dzie 2. niedziel\u0105 Adwentu. To tak\u017ce Dzie\u0144 modlitwy i\u00a0pomocy materialnej Ko\u015bcio\u0142owi na Wschodzie. Z racji pierwszej niedzieli miesi\u0105ca wystawienie Naj\u015bwi\u0119tszego Sakramentu i adoracja z racji pierwszej niedzieli miesi\u0105ca.<\/li>\n<li>Zach\u0119cam do nabycia prasy katolickiej.<\/li>\n<li>Wszystkim jubilatom i solenizantom tego tygodnia \u017cyczymy do\u015bwiadczenia blisko\u015bci Boga, obfito\u015bci Jego dar\u00f3w w codziennym \u017cyciu oraz opieki Matki Naj\u015bwi\u0119tszej.<\/li>\n<li>W minion\u0105 \u015brod\u0119 (w P\u0142o\u0144sku) i czwartek (w Pomiechowie), odby\u0142 si\u0119 pogrzeb \u015b. p. ks. kan. dr. Franciszka Kacprzyckiego, kt\u00f3ry przez ostatnie 20 lat mieszka\u0142, jako kap\u0142an emeryt, w prywatnym domu w pobli\u017cu ko\u015bcio\u0142a w par. \u015bw. Maksymiliana Kolbego w P\u0142o\u0144sku. Przez te wszystkie lata bardzo gorliwie w\u0142\u0105cza\u0142 si\u0119 do pracy duszpasterskiej w P\u0142o\u0144sku i wielu parafiach naszego dekanatu. Przez kilka lat doje\u017cd\u017ca\u0142 w ka\u017cd\u0105 niedziel\u0119 do par. \u015bw. Antoniego w Sarbiewie i pomaga\u0142 w duszpasterstwie ks. prob. Witoldowi Godlesiowi. W Smardzewie ks. Kacprzycki cz\u0119sto spowiada\u0142 w czasie odpust\u00f3w i jeden raz g\u0142osi\u0142 rekolekcje adwentowe. Przed przej\u015bciem na emerytur\u0119 ks. Franciszek Kacprzycki przez 15 lat by\u0142 proboszczem w par. \u015bw. Anny Pomiechowie i tam zosta\u0142 pochowany na parafialnym cmentarzu. Pami\u0119tajmy w modlitwach o zmar\u0142ym kap\u0142anie. Wieczny odpoczynek racz mu da\u0107 Panie\u2026.<\/li>\n<\/ol>\n<p>&nbsp;<\/p>\n","protected":false},"excerpt":{"rendered":"<p>OG\u0141OSZENIA DUSZPASTERSKIE Dzisiejsz\u0105 niedziel\u0105 rozpoczynamy Adwent, czas radosnego oczekiwania i przygotowania na przyj\u015bcie Chrystusa. W pierwszej cz\u0119\u015bci (do 16 grudnia) b\u0119dziemy pochyla\u0107 si\u0119 nad tajemnic\u0105 powt\u00f3rnego przyj\u015bcia Pana na ko\u0144cu czas\u00f3w. Druga cz\u0119\u015b\u0107 (od 17 do 24 grudnia) b\u0119dzie stanowi\u0107 bezpo\u015brednie przygotowanie do celebrowania pami\u0105tki pierwszego przyj\u015bcia Chrystusa na ziemi\u0119 \u2013 na uroczysto\u015b\u0107 Narodzenia Pa\u0144skiego. &hellip; <\/p>\n<p><a class=\"more-link btn\" href=\"https:\/\/parafiasmardzewo.pl\/?p=7653\">Kontynuuj czytanie<\/a><\/p>\n","protected":false},"author":2,"featured_media":6301,"comment_status":"open","ping_status":"open","sticky":false,"template":"","format":"standard","meta":[],"categories":[2],"tags":[],"_links":{"self":[{"href":"https:\/\/parafiasmardzewo.pl\/index.php?rest_route=\/wp\/v2\/posts\/7653"}],"collection":[{"href":"https:\/\/parafiasmardzewo.pl\/index.php?rest_route=\/wp\/v2\/posts"}],"about":[{"href":"https:\/\/parafiasmardzewo.pl\/index.php?rest_route=\/wp\/v2\/types\/post"}],"author":[{"embeddable":true,"href":"https:\/\/parafiasmardzewo.pl\/index.php?rest_route=\/wp\/v2\/users\/2"}],"replies":[{"embeddable":true,"href":"https:\/\/parafiasmardzewo.pl\/index.php?rest_route=%2Fwp%2Fv2%2Fcomments&post=7653"}],"version-history":[{"count":6,"href":"https:\/\/parafiasmardzewo.pl\/index.php?rest_route=\/wp\/v2\/posts\/7653\/revisions"}],"predecessor-version":[{"id":7659,"href":"https:\/\/parafiasmardzewo.pl\/index.php?rest_route=\/wp\/v2\/posts\/7653\/revisions\/7659"}],"wp:featuredmedia":[{"embeddable":true,"href":"https:\/\/parafiasmardzewo.pl\/index.php?rest_route=\/wp\/v2\/media\/6301"}],"wp:attachment":[{"href":"https:\/\/parafiasmardzewo.pl\/index.php?rest_route=%2Fwp%2Fv2%2Fmedia&parent=7653"}],"wp:term":[{"taxonomy":"category","embeddable":true,"href":"https:\/\/parafiasmardzewo.pl\/index.php?rest_route=%2Fwp%2Fv2%2Fcategories&post=7653"},{"taxonomy":"post_tag","embeddable":true,"href":"https:\/\/parafiasmardzewo.pl\/index.php?rest_route=%2Fwp%2Fv2%2Ftags&post=7653"}],"curies":[{"name":"wp","href":"https:\/\/api.w.org\/{rel}","templated":true}]}}