{"id":7662,"date":"2021-12-04T20:41:07","date_gmt":"2021-12-04T19:41:07","guid":{"rendered":"http:\/\/parafiasmardzewo.pl\/?p=7662"},"modified":"2021-12-04T20:46:28","modified_gmt":"2021-12-04T19:46:28","slug":"druga-niedziela-adwentu-5-grudnia-2021-roku","status":"publish","type":"post","link":"https:\/\/parafiasmardzewo.pl\/?p=7662","title":{"rendered":"DRUGA NIEDZIELA ADWENTU &#8211; 5 grudnia 2021 roku"},"content":{"rendered":"<p><strong>\u00a0OG\u0141OSZENIA DUSZPASTERSKIE<\/strong><\/p>\n<ol>\n<li>Dzi\u015b druga niedziela Adwentu. Trwamy w radosnym czasie oczekiwania na spotkanie z\u00a0Panem. Rekolekcje adwentowe, kt\u00f3re przez ostatnie trzy dni prze\u017cywali\u015bmy w naszej wsp\u00f3lnocie parafialnej pomagaj\u0105 nam w tym tw\u00f3rczym oczekiwaniu na spotkanie z Panem, szczeg\u00f3lnie\u00a0 w \u015bwi\u0119ta Bo\u017cego Narodzenia.\u00a0 \u00a0Dzi\u0119kujemy przede wszystkim Bogu i Matce Naj\u015bwi\u0119tszej za ten \u015bwi\u0119ty czas wsp\u00f3lnej modlitwy i korzystania z\u00a0 Bo\u017cego mi\u0142osierdzia\u00a0\u00a0 w sakramencie pokuty. Dzi\u0119kuj\u0119 wszystkim, kt\u00f3rzy pomagali nam dobrze prze\u017cy\u0107 ten\u00a0 czas \u0142aski. W spos\u00f3b szczeg\u00f3lny dzi\u0119kuj\u0119 ks. Jackowi Prusi\u0144skiemu za pi\u0119kne nauki rekolekcyjne i przewodniczenie nabo\u017ce\u0144stwom, kt\u00f3re pomagaj\u0105 nam dobrze prze\u017cywa\u0107 czas Adwentu i\u00a0 przygotowa\u0107 si\u0119 \u00a0do prze\u017cycia \u00a0\u015bwi\u0105t Bo\u017cego Narodzenia.\u00a0 Na czas Adwentu i zbli\u017caj\u0105ce si\u0119 \u015bwi\u0119ta Bo\u017cego Narodzenia \u017cycz\u0119 ks. Jackowi zdrowia i du\u017co rado\u015bci z wykonywanej pracy\u00a0 nauczyciela w szko\u0142ach katolickich w P\u0142ocku, oraz wielu \u0142ask Bo\u017cych w pi\u0119knej pracy duszpasterskiej, w r\u00f3\u017cnych parafiach naszej diecezji. Ksi\u0119\u017com, kt\u00f3rzy s\u0142u\u017cyli w konfesjona\u0142ach sk\u0142adam serdeczne B\u00f3g zap\u0142a\u0107 za trud jednania wiernych z Bogiem. Szczeg\u00f3lnie dzi\u0119kuj\u0119 ks. kan. J\u00f3zefowi Kacperskiemu, kt\u00f3ry przez wszystkie dni pos\u0142ugiwa\u0142 w konfesjonale. S\u0142owa podzi\u0119kowania kieruj\u0119 do pracownik\u00f3w ko\u015bcielnych, pana organisty i pana ko\u015bcielnego oraz dzi\u0119kuj\u0119 pani, kt\u00f3ra pomaga\u0142a na plebanii. Dzi\u0119kuje r\u00f3wnie\u017c ministrantom i s\u0142u\u017cbie liturgicznej o\u0142tarza: lektorom i kantorce.<\/li>\n<li>Dzisiaj, ju\u017c po raz 22. obchodzimy Dzie\u0144 modlitwy i pomocy materialnej Ko\u015bcio\u0142owi na Wschodzie. Wpieramy modlitw\u0105 i datkami materialnymi wsp\u00f3lnoty chrze\u015bcijan mieszkaj\u0105cych za nasz\u0105 wschodni\u0105 granic\u0105.<\/li>\n<li>Dzi\u015b tak\u017ce pierwsza niedziela miesi\u0105ca. Po sumie b\u0119dzie wystawienie Naj\u015bwi\u0119tszego Sakramentu i \u00a0kr\u00f3tka adoracja.<\/li>\n<li>Jutro, w poniedzia\u0142ek, 6 grudnia, w liturgii przypada wspomnienie \u015awi\u0119tego Miko\u0142aja, biskupa. To dzie\u0144, kiedy obdarowujemy si\u0119 prezentami. Niech nie zabraknie \u017cyczliwo\u015bci i\u00a0dobroci wobec wszystkich, szczeg\u00f3lnie najbardziej potrzebuj\u0105cych.<\/li>\n<li>W \u015brod\u0119, 8 grudnia, b\u0119dziemy obchodzili uroczysto\u015b\u0107 Niepokalanego Pocz\u0119cia Naj\u015bwi\u0119tszej Maryi Panny. W tym dniu Ko\u015bci\u00f3\u0142 upami\u0119tnia tajemnic\u0119 Maryi, kt\u00f3ra jako jedyna z ludzi zosta\u0142a pocz\u0119ta bez zmazy grzechu pierworodnego. Ta prawda wiary towarzyszy Ko\u015bcio\u0142owi od samego pocz\u0105tku.<\/li>\n<li>Msze \u015awi\u0119te roratne sprawowane s\u0105 w \u015brody i soboty o godz. 16.00. Serdecznie zapraszam!<\/li>\n<li>Po Mszach \u015awi\u0119tych mo\u017cna naby\u0107 \u015bwiece Wigilijnego Dzie\u0142a Pomocy Dzieciom. Zach\u0119cam do wsparcia tej inicjatywy.<\/li>\n<li>Dzi\u0119kuj\u0119 wszystkim, kt\u00f3rzy z\u0142o\u017cyli ofiary na podgrzewanie ko\u015bcio\u0142a.<\/li>\n<li>Od trzeciej Niedzieli Adwentu, 12 grudnia, Msze \u015awi\u0119te w naszej \u015bwi\u0105tyni b\u0119d\u0105 sprawowane tylko o godz. 9.00 i 10.45. Taki porz\u0105dek Mszy \u015awi\u0119tych niedzielnych b\u0119dzie do lutego w\u0142\u0105cznie.<\/li>\n<li>Od 11 grudnia, liturgia Mszy \u015awi\u0119tej w soboty, o godz. 16.00, b\u0119dzie z niedzieli i ci, kt\u00f3rzy b\u0119d\u0105 w niej uczestniczy\u0107 b\u0119d\u0105 mogli prze\u017cy\u0107 t\u0119 Eucharysti\u0119 tak jakby uczestniczyli w niedziel\u0119. Taka mo\u017cliwo\u015b\u0107 b\u0119dzie do ko\u0144ca lutego 2022 roku. Na tej Mszy \u015awi\u0119tej w sobot\u0119\u00a0 b\u0119dzie: Chwa\u0142a\u2026, 3 czytania z niedzieli, homilia, wyznanie wiary.<\/li>\n<li>Zach\u0119cam do nabycia prasy katolickiej.<\/li>\n<li>Wszystkich parafianom i go\u015bciom, a szczeg\u00f3lnie solenizantom i jubilatom tego tygodnia \u017cyczymy wzrastania w mi\u0142o\u015bci ku Bogu, kt\u00f3ry uczyni\u0142 dla nas wielkie rzeczy, oraz opieki Niepokalanej.<\/li>\n<\/ol>\n<p>&nbsp;<\/p>\n<p>&nbsp;<\/p>\n<p>&nbsp;<\/p>\n<p>&nbsp;<\/p>\n","protected":false},"excerpt":{"rendered":"<p>\u00a0OG\u0141OSZENIA DUSZPASTERSKIE Dzi\u015b druga niedziela Adwentu. Trwamy w radosnym czasie oczekiwania na spotkanie z\u00a0Panem. Rekolekcje adwentowe, kt\u00f3re przez ostatnie trzy dni prze\u017cywali\u015bmy w naszej wsp\u00f3lnocie parafialnej pomagaj\u0105 nam w tym tw\u00f3rczym oczekiwaniu na spotkanie z Panem, szczeg\u00f3lnie\u00a0 w \u015bwi\u0119ta Bo\u017cego Narodzenia.\u00a0 \u00a0Dzi\u0119kujemy przede wszystkim Bogu i Matce Naj\u015bwi\u0119tszej za ten \u015bwi\u0119ty czas wsp\u00f3lnej modlitwy i &hellip; <\/p>\n<p><a class=\"more-link btn\" href=\"https:\/\/parafiasmardzewo.pl\/?p=7662\">Kontynuuj czytanie<\/a><\/p>\n","protected":false},"author":2,"featured_media":6301,"comment_status":"open","ping_status":"open","sticky":false,"template":"","format":"standard","meta":[],"categories":[2],"tags":[],"_links":{"self":[{"href":"https:\/\/parafiasmardzewo.pl\/index.php?rest_route=\/wp\/v2\/posts\/7662"}],"collection":[{"href":"https:\/\/parafiasmardzewo.pl\/index.php?rest_route=\/wp\/v2\/posts"}],"about":[{"href":"https:\/\/parafiasmardzewo.pl\/index.php?rest_route=\/wp\/v2\/types\/post"}],"author":[{"embeddable":true,"href":"https:\/\/parafiasmardzewo.pl\/index.php?rest_route=\/wp\/v2\/users\/2"}],"replies":[{"embeddable":true,"href":"https:\/\/parafiasmardzewo.pl\/index.php?rest_route=%2Fwp%2Fv2%2Fcomments&post=7662"}],"version-history":[{"count":3,"href":"https:\/\/parafiasmardzewo.pl\/index.php?rest_route=\/wp\/v2\/posts\/7662\/revisions"}],"predecessor-version":[{"id":7665,"href":"https:\/\/parafiasmardzewo.pl\/index.php?rest_route=\/wp\/v2\/posts\/7662\/revisions\/7665"}],"wp:featuredmedia":[{"embeddable":true,"href":"https:\/\/parafiasmardzewo.pl\/index.php?rest_route=\/wp\/v2\/media\/6301"}],"wp:attachment":[{"href":"https:\/\/parafiasmardzewo.pl\/index.php?rest_route=%2Fwp%2Fv2%2Fmedia&parent=7662"}],"wp:term":[{"taxonomy":"category","embeddable":true,"href":"https:\/\/parafiasmardzewo.pl\/index.php?rest_route=%2Fwp%2Fv2%2Fcategories&post=7662"},{"taxonomy":"post_tag","embeddable":true,"href":"https:\/\/parafiasmardzewo.pl\/index.php?rest_route=%2Fwp%2Fv2%2Ftags&post=7662"}],"curies":[{"name":"wp","href":"https:\/\/api.w.org\/{rel}","templated":true}]}}