{"id":7669,"date":"2021-12-11T18:55:29","date_gmt":"2021-12-11T17:55:29","guid":{"rendered":"http:\/\/parafiasmardzewo.pl\/?p=7669"},"modified":"2021-12-15T20:24:40","modified_gmt":"2021-12-15T19:24:40","slug":"tzrecia-niedziela-adwentu-12-grudnia-2021-roku","status":"publish","type":"post","link":"https:\/\/parafiasmardzewo.pl\/?p=7669","title":{"rendered":"TRZECIA NIEDZIELA ADWENTU &#8211; 12 grudnia 2021 roku"},"content":{"rendered":"<p><strong>OG\u0141OSZENIA DUSZPASTERSKIE<\/strong><\/p>\n<ol>\n<li>Dzi\u015b trzecia niedziela Adwentu, od pierwszych s\u0142\u00f3w antyfony na wej\u015bcie: \u201eRadujcie si\u0119 zawsze w Panu (\u2026)\u201d nazywana po \u0142acinie \u201eGaudete\u201d. S\u0142owa te zosta\u0142y zaczerpni\u0119te z Listu \u015awi\u0119tego Paw\u0142a do Filipian i wyra\u017caj\u0105 adwentow\u0105 rado\u015b\u0107 z blisko\u015bci Pana. Podkre\u015bla j\u0105 r\u00f3wnie\u017c stosowany dzi\u015b r\u00f3\u017cowy kolor szat liturgicznych.<\/li>\n<li>W dniu dzisiejszym rozpoczynamy kwartalne dni modlitw o chrze\u015bcija\u0144skie \u017cycie rodzin. B\u0119dziemy wyprasza\u0107 Bo\u017c\u0105 pomoc, aby nasze rodziny by\u0142y \u015brodowiskiem wzrostu wiary, nadziei i mi\u0142o\u015bci.<\/li>\n<li>Jutro, 13 grudnia, przypada kolejna rocznica wprowadzenia stanu wojennego w Polsce. M\u00f3dlmy si\u0119 za wszystkie ofiary tego trudnego czasu naszej historii oraz o Bo\u017ce b\u0142ogos\u0142awie\u0144stwo i pok\u00f3j dla naszej ojczyzny.<\/li>\n<li>Od pi\u0105tku, 17 grudnia, rozpoczynamy drug\u0105 cz\u0119\u015b\u0107 Adwentu, kt\u00f3ra stanowi bezpo\u015brednie przygotowanie do uroczysto\u015bci Narodzenia Pa\u0144skiego. To tak\u017ce dzie\u0144 85. urodzin papie\u017ca Franciszka. Pami\u0119tajmy w naszej modlitwie o nast\u0119pcy \u015awi\u0119tego Piotra i wypraszajmy obfito\u015b\u0107 Bo\u017cych dar\u00f3w w prowadzeniu owczarni Chrystusowej.<\/li>\n<li>Po Mszach \u015awi\u0119tych mo\u017cna naby\u0107 \u015bwiece Wigilijnego Dzie\u0142a Pomocy Dzieciom. Zach\u0119cam do wsparcia tej inicjatywy.<\/li>\n<li>Od trzeciej Niedzieli Adwentu, 12 grudnia, Msze \u015awi\u0119te w naszej \u015bwi\u0105tyni b\u0119d\u0105 sprawowane tylko o godz. 9.00 i 10.45. Taki porz\u0105dek Mszy \u015awi\u0119tych niedzielnych b\u0119dzie do lutego w\u0142\u0105cznie.<\/li>\n<li>Od 11 grudnia, liturgia Mszy \u015awi\u0119tej\u00a0 w soboty, o godz. 16.00, b\u0119dzie z niedzieli i ci, kt\u00f3rzy b\u0119d\u0105 w niej uczestniczy\u0107 b\u0119d\u0105 mogli prze\u017cy\u0107 t\u0119 Eucharysti\u0119 tak jakby uczestniczyli w niedziel\u0119. Taka mo\u017cliwo\u015b\u0107 b\u0119dzie do ko\u0144ca lutego 2022 roku. Na tej Mszy \u015awi\u0119tej w sobot\u0119\u00a0 b\u0119dzie: Chwa\u0142a\u2026, 3 czytania z niedzieli, homilia, wyznanie wiary.<\/li>\n<li>Msze \u015awi\u0119te roratne s\u0105 odprawiane w naszym ko\u015bciele w \u015brody i soboty o godz. 16.00.<\/li>\n<li>Rodzinom, kt\u00f3re z\u0142o\u017cy\u0142y ofiary pieni\u0119\u017cne na op\u0142aty za podgrzewanie ko\u015bcio\u0142a sk\u0142adam serdeczne podzi\u0119kowanie.<\/li>\n<li>Zach\u0119cam do nabycia prasy katolickiej.<\/li>\n<li>Wszystkim jubilatom i solenizantom tego tygodnia \u017cyczymy Bo\u017cej rado\u015bci oraz do\u015bwiadczenia tego, \u017ce B\u00f3g jest z nami i nieustannie si\u0119 o nas troszczy.<\/li>\n<li><strong>W tym tygodniu patronuj\u0105 nam:<\/strong><\/li>\n<\/ol>\n<p>-poniedzia\u0142ek, 13 grudnia \u2013 \u015awi\u0119ta \u0141ucja (ok.\u00a0<a href=\"https:\/\/pl.wikipedia.org\/wiki\/281\">281<\/a>&#8211;<a href=\"https:\/\/pl.wikipedia.org\/wiki\/304\">304<\/a>), dziewica i \u00a0\u00a0m\u0119czennica;\u00a0 \u00a0 \u00a0 \u00a0 \u00a0 \u00a0 \u00a0 \u00a0 \u00a0 \u00a0 \u00a0 \u00a0 \u00a0 \u00a0 \u00a0 \u00a0 \u00a0 \u00a0 \u00a0 \u00a0 \u00a0 \u00a0 \u00a0 \u00a0 \u00a0 \u00a0 \u00a0 \u00a0 \u00a0 \u00a0 \u00a0 \u00a0\u00a0 \u00a0-wtorek, 14 grudnia &#8211; \u015awi\u0119ty Jan od Krzy\u017ca (1542-1591), karmelita,\u00a0\u00a0 mistyk i doktor Ko\u015bcio\u0142a.<\/p>\n<p>&nbsp;<\/p>\n<p>&nbsp;<\/p>\n<p>&nbsp;<\/p>\n<p>&nbsp;<\/p>\n","protected":false},"excerpt":{"rendered":"<p>OG\u0141OSZENIA DUSZPASTERSKIE Dzi\u015b trzecia niedziela Adwentu, od pierwszych s\u0142\u00f3w antyfony na wej\u015bcie: \u201eRadujcie si\u0119 zawsze w Panu (\u2026)\u201d nazywana po \u0142acinie \u201eGaudete\u201d. S\u0142owa te zosta\u0142y zaczerpni\u0119te z Listu \u015awi\u0119tego Paw\u0142a do Filipian i wyra\u017caj\u0105 adwentow\u0105 rado\u015b\u0107 z blisko\u015bci Pana. Podkre\u015bla j\u0105 r\u00f3wnie\u017c stosowany dzi\u015b r\u00f3\u017cowy kolor szat liturgicznych. W dniu dzisiejszym rozpoczynamy kwartalne dni modlitw &hellip; <\/p>\n<p><a class=\"more-link btn\" href=\"https:\/\/parafiasmardzewo.pl\/?p=7669\">Kontynuuj czytanie<\/a><\/p>\n","protected":false},"author":2,"featured_media":6301,"comment_status":"open","ping_status":"open","sticky":false,"template":"","format":"standard","meta":[],"categories":[2],"tags":[],"_links":{"self":[{"href":"https:\/\/parafiasmardzewo.pl\/index.php?rest_route=\/wp\/v2\/posts\/7669"}],"collection":[{"href":"https:\/\/parafiasmardzewo.pl\/index.php?rest_route=\/wp\/v2\/posts"}],"about":[{"href":"https:\/\/parafiasmardzewo.pl\/index.php?rest_route=\/wp\/v2\/types\/post"}],"author":[{"embeddable":true,"href":"https:\/\/parafiasmardzewo.pl\/index.php?rest_route=\/wp\/v2\/users\/2"}],"replies":[{"embeddable":true,"href":"https:\/\/parafiasmardzewo.pl\/index.php?rest_route=%2Fwp%2Fv2%2Fcomments&post=7669"}],"version-history":[{"count":4,"href":"https:\/\/parafiasmardzewo.pl\/index.php?rest_route=\/wp\/v2\/posts\/7669\/revisions"}],"predecessor-version":[{"id":7679,"href":"https:\/\/parafiasmardzewo.pl\/index.php?rest_route=\/wp\/v2\/posts\/7669\/revisions\/7679"}],"wp:featuredmedia":[{"embeddable":true,"href":"https:\/\/parafiasmardzewo.pl\/index.php?rest_route=\/wp\/v2\/media\/6301"}],"wp:attachment":[{"href":"https:\/\/parafiasmardzewo.pl\/index.php?rest_route=%2Fwp%2Fv2%2Fmedia&parent=7669"}],"wp:term":[{"taxonomy":"category","embeddable":true,"href":"https:\/\/parafiasmardzewo.pl\/index.php?rest_route=%2Fwp%2Fv2%2Fcategories&post=7669"},{"taxonomy":"post_tag","embeddable":true,"href":"https:\/\/parafiasmardzewo.pl\/index.php?rest_route=%2Fwp%2Fv2%2Ftags&post=7669"}],"curies":[{"name":"wp","href":"https:\/\/api.w.org\/{rel}","templated":true}]}}