{"id":7674,"date":"2021-12-11T22:14:45","date_gmt":"2021-12-11T21:14:45","guid":{"rendered":"http:\/\/parafiasmardzewo.pl\/?p=7674"},"modified":"2021-12-11T22:16:01","modified_gmt":"2021-12-11T21:16:01","slug":"skrzynka-synodalna","status":"publish","type":"post","link":"https:\/\/parafiasmardzewo.pl\/?p=7674","title":{"rendered":"SKRZYNKA SYNODALNA"},"content":{"rendered":"<ol>\n<li>\u201eW ka\u017cdej parafii nale\u017cy w widocznym miejscu w \u015bwi\u0105tyniach i kaplicach na terenie ca\u0142ej diecezji umie\u015bci\u0107 estetyczne pude\u0142ko lub skrzyni\u0119, z wyra\u017anym napisem <strong>\u201eSkrzynka synodalna\u201d<\/strong> oraz logo Procesu Synodalnego, (\u2026). Podczas ca\u0142ego Procesu Synodalnego do skrzynek mo\u017cna wrzuca\u0107 przekazane na pi\u015bmie sugestie, propozycje i komentarze na temat Ko\u015bcio\u0142a katolickiego i jego to\u017csamo\u015bci, dzia\u0142ania parafii i pomys\u0142\u00f3w duszpasterskich na o\u017cywienie i rozbudzenie wiary\u201d.<\/li>\n<\/ol>\n<p><em>Zarz\u0105dzenie Biskupa P\u0142ockiego na temat organizacji i<\/em> <em>przebiegu Procesu Synodalnego w diecezji p\u0142ockiej z dnia 28.10.2021 r.\u00a0 \u00a0 \u00a0 \u00a0 \u00a0 \u00a0 \u00a0 \u00a0 \u00a0 \u00a0 \u00a0 \u00a0 \u00a0 \u00a0 \u00a0 \u00a0 \u00a0 \u00a0 \u00a0 \u00a0 \u00a0 \u00a0 \u00a0 \u00a0 \u00a0 \u00a0 \u00a0 \u00a0 \u00a0 \u00a0 \u00a0 \u00a0 \u00a0 \u00a0 \u00a0 \u00a0 \u00a0 \u00a0 \u00a0 \u00a0 \u00a0 \u00a0 \u00a0 \u00a0 \u00a0 \u00a0 \u00a0 \u00a0 \u00a0 \u00a0 \u00a0 \u00a0 \u00a0 \u00a0 \u00a0 \u00a0 \u00a0 \u00a0 \u00a0 \u00a0 \u00a0 \u00a0 \u00a0 \u00a0 \u00a0 \u00a0 \u00a0 \u00a0 \u00a0 \u00a0 \u00a0 \u00a0 \u00a0 \u00a0 \u00a0 \u00a0 \u00a0 \u00a0 \u00a0 \u00a0 \u00a0 \u00a0 \u00a0 \u00a0 \u00a0 \u00a0 \u00a0 \u00a0 \u00a0 \u00a0 \u00a0 \u00a0 \u00a0 \u00a0 \u00a0 \u00a0 \u00a0 \u00a0 \u00a0 \u00a0 \u00a0 \u00a0 \u00a0 \u00a0 \u00a0 \u00a0 \u00a0 \u00a0 \u00a0<\/em>Przy o\u0142tarzu \u015bwi\u0119tego Stanis\u0142awa Kostki, w naszej \u015bwi\u0105tyni, jest umieszczona\u00a0 <strong>\u201eSkrzynka synodalna\u201d.<\/strong><\/p>\n","protected":false},"excerpt":{"rendered":"<p>\u201eW ka\u017cdej parafii nale\u017cy w widocznym miejscu w \u015bwi\u0105tyniach i kaplicach na terenie ca\u0142ej diecezji umie\u015bci\u0107 estetyczne pude\u0142ko lub skrzyni\u0119, z wyra\u017anym napisem \u201eSkrzynka synodalna\u201d oraz logo Procesu Synodalnego, (\u2026). Podczas ca\u0142ego Procesu Synodalnego do skrzynek mo\u017cna wrzuca\u0107 przekazane na pi\u015bmie sugestie, propozycje i komentarze na temat Ko\u015bcio\u0142a katolickiego i jego to\u017csamo\u015bci, dzia\u0142ania parafii i &hellip; <\/p>\n<p><a class=\"more-link btn\" href=\"https:\/\/parafiasmardzewo.pl\/?p=7674\">Kontynuuj czytanie<\/a><\/p>\n","protected":false},"author":2,"featured_media":0,"comment_status":"open","ping_status":"open","sticky":false,"template":"","format":"standard","meta":[],"categories":[1],"tags":[],"_links":{"self":[{"href":"https:\/\/parafiasmardzewo.pl\/index.php?rest_route=\/wp\/v2\/posts\/7674"}],"collection":[{"href":"https:\/\/parafiasmardzewo.pl\/index.php?rest_route=\/wp\/v2\/posts"}],"about":[{"href":"https:\/\/parafiasmardzewo.pl\/index.php?rest_route=\/wp\/v2\/types\/post"}],"author":[{"embeddable":true,"href":"https:\/\/parafiasmardzewo.pl\/index.php?rest_route=\/wp\/v2\/users\/2"}],"replies":[{"embeddable":true,"href":"https:\/\/parafiasmardzewo.pl\/index.php?rest_route=%2Fwp%2Fv2%2Fcomments&post=7674"}],"version-history":[{"count":3,"href":"https:\/\/parafiasmardzewo.pl\/index.php?rest_route=\/wp\/v2\/posts\/7674\/revisions"}],"predecessor-version":[{"id":7677,"href":"https:\/\/parafiasmardzewo.pl\/index.php?rest_route=\/wp\/v2\/posts\/7674\/revisions\/7677"}],"wp:attachment":[{"href":"https:\/\/parafiasmardzewo.pl\/index.php?rest_route=%2Fwp%2Fv2%2Fmedia&parent=7674"}],"wp:term":[{"taxonomy":"category","embeddable":true,"href":"https:\/\/parafiasmardzewo.pl\/index.php?rest_route=%2Fwp%2Fv2%2Fcategories&post=7674"},{"taxonomy":"post_tag","embeddable":true,"href":"https:\/\/parafiasmardzewo.pl\/index.php?rest_route=%2Fwp%2Fv2%2Ftags&post=7674"}],"curies":[{"name":"wp","href":"https:\/\/api.w.org\/{rel}","templated":true}]}}