{"id":7682,"date":"2021-12-18T18:27:14","date_gmt":"2021-12-18T17:27:14","guid":{"rendered":"http:\/\/parafiasmardzewo.pl\/?p=7682"},"modified":"2021-12-19T07:34:15","modified_gmt":"2021-12-19T06:34:15","slug":"czwarta-niedziela-adwentu-19-grudnia-2021-roku","status":"publish","type":"post","link":"https:\/\/parafiasmardzewo.pl\/?p=7682","title":{"rendered":"CZWARTA NIEDZIELA ADWENTU &#8211; 19 grudnia 2021 roku"},"content":{"rendered":"<p><strong>OG\u0141OSZENIA DUSZPASTERSKIE<\/strong><\/p>\n<ol>\n<li>Dzi\u015b czwarta \u2013 ostatnia niedziela Adwentu. Wykorzystajmy te kilka dni adwentowego oczekiwania na duchowe przygotowanie do uroczysto\u015bci Narodzenia Pa\u0144skiego. Modlimy si\u0119, aby nasza gorliwo\u015b\u0107 wzrasta\u0142a w miar\u0119 zbli\u017cania si\u0119 \u015bwi\u0119ta oraz aby\u015bmy godnie obchodzili tajemnic\u0119 narodzin Syna Bo\u017cego (modlitwa po Komunii).<\/li>\n<li>W \u015brod\u0119 o godz. 16.00 ostatnia Msza \u015awi\u0119ta roratna.<\/li>\n<li>W pi\u0105tek, 24 grudnia, wraz z bliskimi zasi\u0105dziemy przy wigilijnym stole. Zadbajmy o\u00a0religijny wymiar tej wieczerzy. Niech towarzyszy nam modlitwa, czytanie fragmentu Ewangelii \u015awi\u0119tego \u0141ukasza o narodzeniu Chrystusa (\u0141k 2,1-14), \u0142amanie op\u0142atkiem oraz \u015bpiew kol\u0119d. Zachowajmy tradycyjny postny charakter wieczerzy. Niech b\u0119dzie to czas rodzinnego spotkania, przepe\u0142niony \u017cyczliwo\u015bci\u0105, dobroci\u0105, a tak\u017ce okazja do pojednania w naszych ma\u0142ych wsp\u00f3lnotach. Pami\u0119tajmy w modlitwie tak\u017ce o tych, kt\u00f3rych w tym roku przy stole wigilijnym zabraknie.<\/li>\n<li>\u015awi\u0119towanie tajemnicy narodzenia Pa\u0144skiego rozpoczniemy <strong>Msz\u0105 o godz. 22.00, zwan\u0105 Pasterk\u0105.<\/strong><\/li>\n<li>W najbli\u017csz\u0105 niedziel\u0119, 26 grudnia, w drugi dzie\u0144 \u015bwi\u0105t, przypada \u015bwi\u0119to \u015awi\u0119tej Rodziny: Jezusa, Maryi i J\u00f3zefa. Msze \u015awi\u0119te b\u0119d\u0105 sprawowane w naszej \u015bwi\u0105tyni wed\u0142ug sta\u0142ego porz\u0105dku o godz. 9.00 i 10.45.<\/li>\n<li>Na ogrzewanie ko\u015bcio\u0142a wp\u0142yn\u0119\u0142y ofiary z Koliszewa Po\u0142udnie \u2013 130.00 z\u0142, S\u0142oszewa Kolonii 290.00 z\u0142 oraz od poszczeg\u00f3lnych rodzin z r\u00f3\u017cnych wiosek. Wszystkim ofiarodawcom sk\u0142adam serdeczne B\u00f3g zap\u0142a\u0107.<\/li>\n<li>Zach\u0119cam do nabycia prasy katolickiej.<\/li>\n<li>Informacje o wizycie duszpasterskiej \u2013 kol\u0119dzie przeka\u017c\u0119 w czasie \u015bwi\u0105t Bo\u017cego Narodzenia.<\/li>\n<li>Wszystkim solenizantom i jubilatom tego tygodnia \u017cyczymy otwarto\u015bci na przychodz\u0105cego Pana, pos\u0142usze\u0144stwa Jego zbawczej woli oraz gorliwego wype\u0142niania codziennych obowi\u0105zk\u00f3w.<\/li>\n<li>Do domu Ojca, w minionym tygodniu, odesz\u0142a \u015bp. Anastazja Mro\u017ckiewicz, kt\u00f3ra prze\u017cy\u0142a 88 lat. Od uczestnik\u00f3w pogrzebu b\u0119dzie odprawionych 12 Mszy \u015awi\u0119tych, w tym 4 od poszczeg\u00f3lnych rodzin.<\/li>\n<\/ol>\n<p>&nbsp;<\/p>\n","protected":false},"excerpt":{"rendered":"<p>OG\u0141OSZENIA DUSZPASTERSKIE Dzi\u015b czwarta \u2013 ostatnia niedziela Adwentu. Wykorzystajmy te kilka dni adwentowego oczekiwania na duchowe przygotowanie do uroczysto\u015bci Narodzenia Pa\u0144skiego. Modlimy si\u0119, aby nasza gorliwo\u015b\u0107 wzrasta\u0142a w miar\u0119 zbli\u017cania si\u0119 \u015bwi\u0119ta oraz aby\u015bmy godnie obchodzili tajemnic\u0119 narodzin Syna Bo\u017cego (modlitwa po Komunii). W \u015brod\u0119 o godz. 16.00 ostatnia Msza \u015awi\u0119ta roratna. W pi\u0105tek, 24 &hellip; <\/p>\n<p><a class=\"more-link btn\" href=\"https:\/\/parafiasmardzewo.pl\/?p=7682\">Kontynuuj czytanie<\/a><\/p>\n","protected":false},"author":2,"featured_media":6301,"comment_status":"open","ping_status":"open","sticky":false,"template":"","format":"standard","meta":[],"categories":[1],"tags":[],"_links":{"self":[{"href":"https:\/\/parafiasmardzewo.pl\/index.php?rest_route=\/wp\/v2\/posts\/7682"}],"collection":[{"href":"https:\/\/parafiasmardzewo.pl\/index.php?rest_route=\/wp\/v2\/posts"}],"about":[{"href":"https:\/\/parafiasmardzewo.pl\/index.php?rest_route=\/wp\/v2\/types\/post"}],"author":[{"embeddable":true,"href":"https:\/\/parafiasmardzewo.pl\/index.php?rest_route=\/wp\/v2\/users\/2"}],"replies":[{"embeddable":true,"href":"https:\/\/parafiasmardzewo.pl\/index.php?rest_route=%2Fwp%2Fv2%2Fcomments&post=7682"}],"version-history":[{"count":4,"href":"https:\/\/parafiasmardzewo.pl\/index.php?rest_route=\/wp\/v2\/posts\/7682\/revisions"}],"predecessor-version":[{"id":7689,"href":"https:\/\/parafiasmardzewo.pl\/index.php?rest_route=\/wp\/v2\/posts\/7682\/revisions\/7689"}],"wp:featuredmedia":[{"embeddable":true,"href":"https:\/\/parafiasmardzewo.pl\/index.php?rest_route=\/wp\/v2\/media\/6301"}],"wp:attachment":[{"href":"https:\/\/parafiasmardzewo.pl\/index.php?rest_route=%2Fwp%2Fv2%2Fmedia&parent=7682"}],"wp:term":[{"taxonomy":"category","embeddable":true,"href":"https:\/\/parafiasmardzewo.pl\/index.php?rest_route=%2Fwp%2Fv2%2Fcategories&post=7682"},{"taxonomy":"post_tag","embeddable":true,"href":"https:\/\/parafiasmardzewo.pl\/index.php?rest_route=%2Fwp%2Fv2%2Ftags&post=7682"}],"curies":[{"name":"wp","href":"https:\/\/api.w.org\/{rel}","templated":true}]}}