{"id":7697,"date":"2021-12-25T20:38:14","date_gmt":"2021-12-25T19:38:14","guid":{"rendered":"http:\/\/parafiasmardzewo.pl\/?p=7697"},"modified":"2021-12-25T23:24:03","modified_gmt":"2021-12-25T22:24:03","slug":"niedziela-swietej-rodziny-jezus-maryja-i-jozef-26-12-2021","status":"publish","type":"post","link":"https:\/\/parafiasmardzewo.pl\/?p=7697","title":{"rendered":"NIEDZIELA \u015aWI\u0118TEJ RODZINY: JEZUS, MARYJA I J\u00d3ZEF &#8211; 26.12.2021"},"content":{"rendered":"<p><strong>OG\u0141OSZENIA DUSZPASTERSKIE<\/strong><\/p>\n<ol>\n<li>Dzi\u015b, w ostatni\u0105 niedziel\u0119 roku kalendarzowego, obchodzimy \u015bwi\u0119to \u015awi\u0119tej Rodziny: Jezusa, Maryi i J\u00f3zefa. Nasz\u0105 modlitw\u0105 otaczamy wszystkie rodziny, aby wzrasta\u0142y w\u00a0\u015bwi\u0119to\u015bci, aby by\u0142y \u015brodowiskiem umacniania wiary, nadziei i mi\u0142o\u015bci oraz troski o\u00a0ka\u017cdego, szczeg\u00f3lnie starszych i prze\u017cywaj\u0105cych \u017cyciowe trudno\u015bci.<\/li>\n<li>Jutro, 27 grudnia, obchodzimy \u015bwi\u0119to \u015awi\u0119tego Jana, Aposto\u0142a i Ewangelisty.<\/li>\n<li>We wtorek, 28 grudnia, przypada liturgiczne \u015bwi\u0119to \u015awi\u0119tych M\u0142odziank\u00f3w. Tego dnia b\u0119dziemy si\u0119 modli\u0107 szczeg\u00f3lnie za dzieci nienarodzone oraz niemowl\u0119ta.<\/li>\n<li>W pi\u0105tek, 31 grudnia, ostatni dzie\u0144 roku kalendarzowego. Nabo\u017ce\u0144stwo dzi\u0119kczynno-przeb\u0142agalne po Mszy \u015awi\u0119tej o godz. 16.00. Za publiczny \u015bpiew hymnu \u201eCiebie Boga wys\u0142awiamy\u201d mo\u017cna zyska\u0107 odpust zupe\u0142ny pod zwyk\u0142ymi warunkami (brak przywi\u0105zania do grzechu, stan \u0142aski u\u015bwi\u0119caj\u0105cej, przyj\u0119cie Komunii \u015awi\u0119tej, modlitwa w intencjach Ojca \u015awi\u0119tego).<\/li>\n<li>W sobot\u0119, 1 stycznia, przypada uroczysto\u015b\u0107 \u015awi\u0119tej Bo\u017cej Rodzicielki Maryi. Przez wstawiennictwo Bogurodzicy b\u0119dziemy modli\u0107 si\u0119 o pok\u00f3j na \u015bwiecie oraz wyprasza\u0107 Bo\u017ce b\u0142ogos\u0142awie\u0144stwo na Nowy Rok 2022. Za publiczny \u015bpiew hymnu \u201eO, Stworzycielu, Duchu, przyjd\u017a\u201d mo\u017cna uzyska\u0107 odpust zupe\u0142ny. Msze \u015awi\u0119te b\u0119d\u0105 sprawowane o godz. 10.00 i 16.00. Przypominam, \u017ce tego dnia obowi\u0105zuje nas uczestnictwo we Mszy \u015awi\u0119tej i\u00a0powstrzymanie si\u0119 od prac niekoniecznych (\u015bwi\u0119to nakazane). Jest to jednocze\u015bnie pierwsza sobota miesi\u0105ca<\/li>\n<li>Mieszka\u0144cy Wierzb\u00f3wca z\u0142o\u017cyli 700.00 z\u0142otych na podgrzewanie ko\u015bcio\u0142a. Serdeczne B\u00f3g zap\u0142a\u0107 za ofiary z Wierzb\u00f3wca oraz od kilku rodzin z innych wiosek.<\/li>\n<li>Pa\u0144stwu Duma\u0144skim z Wierzb\u00f3wca i Panom le\u015bnikom z K\u0119py dzi\u0119kuj\u0119 za ofiarowanie choinek do ko\u015bcio\u0142a. Przy strojeniu \u017c\u0142obka i choinek pomagali: Gra\u017cyna i Jan Kosobudzccy, Alicja Kosobudzka, Robert Skwarski, Julia Skwarska, Alan Dole\u0144ski, Tomasz Geller i Wies\u0142aw Kacperski. Bardzo serdecznie dzi\u0119kuj\u0119 za pomoc.<\/li>\n<li>Zach\u0119cam do nabycia prasy katolickiej.<\/li>\n<li><strong>Program kol\u0119dy<\/strong>: <strong>wtorek (28.12.21r.) <\/strong>\u2013 K\u0119pa i Podsmardzewo; <strong>\u015broda (29.12)<\/strong> \u2013 Koliszewo P\u00f3\u0142noc i Po\u0142udnie oraz Wierzb\u00f3wiec; <strong>czwartek (30.12)<\/strong> \u2013 Milewo \u2013 wszyscy mieszka\u0144cy wioski. Zapraszam na godz. 17.00 do ko\u015bcio\u0142a.<\/li>\n<li>28 grudnia (wtorek), rozpoczynam wizyt\u0119 duszpastersk\u0105, zwan\u0105 kol\u0119d\u0105. W tym roku, podobnie jak w roku ubieg\u0142ym, z racji pandemii kol\u0119da b\u0119dzie mia\u0142a inny przebieg ni\u017c w latach ubieg\u0142ych. Rozmawia\u0142em na temat kol\u0119dy z niekt\u00f3rymi parafianami (so\u0142tysami, cz\u0142onkami Rady Duszpasterskiej i Rady Gospodarczej). Po tych konsultacjach, rozumiej\u0105c obawy wiernych przed ewentualnym zaka\u017ceniem w czasie kol\u0119dy, podj\u0105\u0142em decyzj\u0119 o przebiegu kol\u0119dy wed\u0142ug nast\u0119puj\u0105cego porz\u0105dku. Kol\u0119da b\u0119dzie sk\u0142ada\u0142a si\u0119 z dw\u00f3ch cz\u0119\u015bci. Pierwsza cz\u0119\u015b\u0107 to Msza \u015bw. w naszej \u015bwi\u0105tyni sprawowana w intencji mieszka\u0144c\u00f3w poszczeg\u00f3lnych wiosek. Wioski b\u0119d\u0105 wyznaczane na poszczeg\u00f3lne dni tygodnia, od poniedzia\u0142ku do pi\u0105tku \u2013 <strong>Msza \u015awi\u0119ta o godz. 17.00. <\/strong>W czasie Eucharystii udziel\u0119 mieszka\u0144com danej wioski specjalnego Bo\u017conarodzeniowego B\u0142ogos\u0142awie\u0144stwa. By\u0142oby dobrze gdyby z ka\u017cdego domu przyby\u0142a do \u015bwi\u0105tyni przynajmniej jedna osoba, ale bardzo serdecznie zapraszam wi\u0119cej os\u00f3b z poszczeg\u00f3lnych rodzin. Gdyby kto\u015b nie m\u00f3g\u0142 przyby\u0107 do \u015bwi\u0105tyni na wyznaczony dzie\u0144 to mo\u017ce uczestniczy\u0107 w kol\u0119dzie z mieszka\u0144cami innej wioski. Dla ka\u017cdej rodziny b\u0119dzie przygotowany specjalny folder kol\u0119dowy, kt\u00f3ry zawiera\u0107 b\u0119dzie modlitw\u0119 rodzinn\u0105 i przebieg rodzinnego spotkania w domu (folder b\u0119dzie mo\u017cna zabra\u0107 po Mszy \u015bwi\u0119tej). Osoba starsza, samotna, kt\u00f3ra nie b\u0119dzie mog\u0142a przyby\u0107\u00a0 do \u015bwi\u0105tyni mo\u017ce poprosi\u0107 s\u0105siad\u00f3w, aby zabrali ze \u015bwi\u0105tyni potrzebne pomoce do przeprowadzenia kol\u0119dy w domu. Po powrocie do dom\u00f3w odb\u0119dzie si\u0119 druga cz\u0119\u015b\u0107 kol\u0119dy, na kt\u00f3r\u0105 z\u0142o\u017cy si\u0119 spotkanie domownik\u00f3w, odm\u00f3wienie modlitwy oraz po\u015bwi\u0119cenie mieszka\u0144 wod\u0105 \u015bwi\u0119con\u0105 zabran\u0105 ze \u015bwi\u0105tyni (naczynie do wody nale\u017cy zabra\u0107 z domu) i naznaczenie kred\u0105 drzwi dom\u00f3w\u00a0 znakami <strong>K+M+B<\/strong>. Kred\u0119 przygotuje Pan ko\u015bcielny.<\/li>\n<\/ol>\n<p><strong>\u00a0 \u00a0 \u00a0 \u00a0 \u00a0Je\u015bli jaka\u015b rodzina b\u0119dzie sobie \u017cyczy\u0107 \u017cebym przyby\u0142 na kol\u0119d\u0119 w formie tradycyjnej (kap\u0142an przybywa do\u00a0 \u00a0 \u00a0 \u00a0 \u00a0 \u00a0 \u00a0 \u00a0 danego domu swoim pojazdem) to ch\u0119tnie to uczyni\u0119. Trzeba wtedy zg\u0142osi\u0107 si\u0119 indywidualnie. Takie przypadki\u00a0 \u00a0 \u00a0 \u00a0 \u00a0 \u00a0by\u0142y w roku ubieg\u0142ym.<\/strong><\/p>\n<p><strong>\u00a0 \u00a0 \u00a0 \u00a0 \u00a0 \u00a0 \u00a0 \u00a0 \u00a0Moi Drodzy!<\/strong><\/p>\n<p>W czasie tradycyjnej wizyty duszpasterskiej sk\u0142adali\u015bcie dobrowolne ofiary na kol\u0119d\u0119. Rodziny, kt\u00f3re chcia\u0142yby z\u0142o\u017cy\u0107, w czasie obecnej wizyty duszpasterskiej\u00a0 ofiary na kol\u0119d\u0119 oraz\u00a0 \u00a0na prace remontowo-budowlane np. na cmentarzu to mog\u0105 to uczyni\u0107. Wiele rodzin ju\u017c z\u0142o\u017cy\u0142o ofiar\u0119 na ten cel. Mo\u017ce warto te\u017c wyja\u015bni\u0107, \u017ce ofiary sk\u0142adane na kol\u0119d\u0119 to nie s\u0105 pieni\u0105dze dla ksi\u0119dza. Ksi\u0105dz otrzymuje tylko pewien procent tych ofiar, w zale\u017cno\u015bci od wielko\u015bci parafii ( im wi\u0119ksza parafia tym procent jest mniejszy), pozosta\u0142e ofiary przeznaczone s\u0105 na prace duszpasterskie i remontowo &#8211; budowlane danej parafii i niewielki procent jest odprowadzany do Kurii Diecezjalnej P\u0142ockiej i przeznaczony na budow\u0119 nowych \u015bwi\u0105ty\u0144 w diecezji p\u0142ockiej. Mam \u015bwiadomo\u015b\u0107, \u017ce niekt\u00f3re rodziny mog\u0105 prze\u017cywa\u0107 trudno\u015bci materialne, cho\u0107by z racji\u00a0 panuj\u0105cej pandemii. Je\u015bli kto\u015b nie mo\u017ce z\u0142o\u017cy\u0107 ofiary, z r\u00f3\u017cnych racji, to b\u0119dziemy wyrozumiali. Mamy ju\u017c pewne do\u015bwiadczenie z roku ubieg\u0142ego i mog\u0119 stwierdzi\u0107, \u017ce parafianie wykazali du\u017co odpowiedzialno\u015bci r\u00f3wnie\u017c za sprawy materialne naszej parafii.<\/p>\n","protected":false},"excerpt":{"rendered":"<p>OG\u0141OSZENIA DUSZPASTERSKIE Dzi\u015b, w ostatni\u0105 niedziel\u0119 roku kalendarzowego, obchodzimy \u015bwi\u0119to \u015awi\u0119tej Rodziny: Jezusa, Maryi i J\u00f3zefa. Nasz\u0105 modlitw\u0105 otaczamy wszystkie rodziny, aby wzrasta\u0142y w\u00a0\u015bwi\u0119to\u015bci, aby by\u0142y \u015brodowiskiem umacniania wiary, nadziei i mi\u0142o\u015bci oraz troski o\u00a0ka\u017cdego, szczeg\u00f3lnie starszych i prze\u017cywaj\u0105cych \u017cyciowe trudno\u015bci. Jutro, 27 grudnia, obchodzimy \u015bwi\u0119to \u015awi\u0119tego Jana, Aposto\u0142a i Ewangelisty. We wtorek, 28 grudnia, &hellip; <\/p>\n<p><a class=\"more-link btn\" href=\"https:\/\/parafiasmardzewo.pl\/?p=7697\">Kontynuuj czytanie<\/a><\/p>\n","protected":false},"author":2,"featured_media":6302,"comment_status":"open","ping_status":"open","sticky":false,"template":"","format":"standard","meta":[],"categories":[2],"tags":[],"_links":{"self":[{"href":"https:\/\/parafiasmardzewo.pl\/index.php?rest_route=\/wp\/v2\/posts\/7697"}],"collection":[{"href":"https:\/\/parafiasmardzewo.pl\/index.php?rest_route=\/wp\/v2\/posts"}],"about":[{"href":"https:\/\/parafiasmardzewo.pl\/index.php?rest_route=\/wp\/v2\/types\/post"}],"author":[{"embeddable":true,"href":"https:\/\/parafiasmardzewo.pl\/index.php?rest_route=\/wp\/v2\/users\/2"}],"replies":[{"embeddable":true,"href":"https:\/\/parafiasmardzewo.pl\/index.php?rest_route=%2Fwp%2Fv2%2Fcomments&post=7697"}],"version-history":[{"count":6,"href":"https:\/\/parafiasmardzewo.pl\/index.php?rest_route=\/wp\/v2\/posts\/7697\/revisions"}],"predecessor-version":[{"id":7711,"href":"https:\/\/parafiasmardzewo.pl\/index.php?rest_route=\/wp\/v2\/posts\/7697\/revisions\/7711"}],"wp:featuredmedia":[{"embeddable":true,"href":"https:\/\/parafiasmardzewo.pl\/index.php?rest_route=\/wp\/v2\/media\/6302"}],"wp:attachment":[{"href":"https:\/\/parafiasmardzewo.pl\/index.php?rest_route=%2Fwp%2Fv2%2Fmedia&parent=7697"}],"wp:term":[{"taxonomy":"category","embeddable":true,"href":"https:\/\/parafiasmardzewo.pl\/index.php?rest_route=%2Fwp%2Fv2%2Fcategories&post=7697"},{"taxonomy":"post_tag","embeddable":true,"href":"https:\/\/parafiasmardzewo.pl\/index.php?rest_route=%2Fwp%2Fv2%2Ftags&post=7697"}],"curies":[{"name":"wp","href":"https:\/\/api.w.org\/{rel}","templated":true}]}}