{"id":7740,"date":"2022-01-01T18:17:55","date_gmt":"2022-01-01T17:17:55","guid":{"rendered":"http:\/\/parafiasmardzewo.pl\/?p=7740"},"modified":"2022-01-01T22:24:31","modified_gmt":"2022-01-01T21:24:31","slug":"druga-niedziela-po-narodzeniu-panskim-2-stycznia-2022","status":"publish","type":"post","link":"https:\/\/parafiasmardzewo.pl\/?p=7740","title":{"rendered":"DRUGA NIEDZIELA PO NARODZENIU PA\u0143SKIM &#8211; 2 stycznia 2022"},"content":{"rendered":"<p><strong>OG\u0141OSZENIA DUSZPASTERSKIE<\/strong><\/p>\n<ol>\n<li>Trwamy w rado\u015bci z narodzin Chrystusa, obchodz\u0105c drug\u0105 niedziel\u0119 po Narodzeniu Pa\u0144skim. Modlimy si\u0119 dzisiaj, aby B\u00f3g nape\u0142ni\u0142 ca\u0142y \u015bwiat swoj\u0105 chwa\u0142\u0105 i ukaza\u0142 si\u0119 wszystkim narodom (kolekta mszalna).<\/li>\n<li>W czwartek, 6 stycznia, przypada uroczysto\u015b\u0107 Objawienia Pa\u0144skiego, popularnie zwana \u015bwi\u0119tem Trzech Kr\u00f3li. B\u0119dziemy wspomina\u0107 M\u0119drc\u00f3w ze Wschodu, kt\u00f3rzy przybyli odda\u0107 pok\u0142on Jezusowi. To wydarzenie zapowiada, \u017ce Zbawiciel nie przyszed\u0142 tylko do wybranych, ale do wszystkich ludzi na ziemi. Msze \u015awi\u0119te b\u0119d\u0105 sprawowane wed\u0142ug porz\u0105dku niedzielnego, godz. 9.00 i 10.45.<\/li>\n<li>Jednocze\u015bnie b\u0119dzie to Dzie\u0144 Pomocy Misjom i Misyjny Dzie\u0144 Dzieci. Ofiary sk\u0142adane na tac\u0119 zostan\u0105 przeznaczone na cele misyjne. Tego dnia w wielu miejscach organizowany jest Orszak Trzech Kr\u00f3li.<\/li>\n<li>Czwartek, 6 stycznia, jest jednocze\u015bnie pierwszym czwartkiem miesi\u0105ca. Niech nie zabraknie modlitwy za kap\u0142an\u00f3w oraz o nowe powo\u0142ania kap\u0142a\u0144skie i zakonne, szczeg\u00f3lnie do pracy w krajach misyjnych.<\/li>\n<li>Pi\u0105tek, 7 stycznia, b\u0119dzie pierwszym pi\u0105tkiem miesi\u0105ca. Nabo\u017ce\u0144stwo ku czci Naj\u015bwi\u0119tszego Serca Pana Jezusa o godz. 17.00. Kandydatom do sakramentu bierzmowania przypominam o odprawieniu 9-ciu pierwszych pi\u0105tk\u00f3w miesi\u0105ca. Nale\u017cy przyst\u0105pi\u0107 w tym dniu do sakramentu pokuty, uczestniczy\u0107 w Mszy \u015awi\u0119tej i przyj\u0105\u0107 Komuni\u0119 \u015awi\u0119t\u0105 oraz odm\u00f3wi\u0107 Litani\u0119 do Naj\u015bwi\u0119tszego Serca Pana Jezusa. Je\u017celi kto\u015b jest w stanie \u0142aski u\u015bwiecaj\u0105cej to nie musi korzysta\u0107 z sakramentu pokuty.<\/li>\n<li>W najbli\u017csz\u0105 niedziel\u0119, 9 stycznia, przypada \u015bwi\u0119to Chrztu Pa\u0144skiego, kt\u00f3re ko\u0144czy liturgiczny okres Narodzenia Pa\u0144skiego.<\/li>\n<li>Trwaj\u0105 spotkania duszpasterskie, zwane kol\u0119d\u0105. W tym tygodniu zapraszam do ko\u015bcio\u0142a na spotkania kol\u0119dowe, o godz. 17.00, mieszka\u0144c\u00f3w poszczeg\u00f3lnych wiosek wed\u0142ug nast\u0119puj\u0105cego porz\u0105dku: <strong>poniedzia\u0142ek<\/strong> (3.01.2022r.) \u2013 S\u0142oszewo i S\u0142oszewo Kolonia; <strong>wtorek<\/strong> (4.01.2022 r.) \u2013 \u0106wiklinek i Smardzewo Poduchowne; <strong>\u015broda<\/strong> (5.01.2022 r.) \u2013 Smardzewo Dzia\u0142ki i Smardzewo Sp\u00f3\u0142dzielnia; czwartek \u2013 \u015bwi\u0119to Trzech Kr\u00f3li; <strong>pi\u0105tek<\/strong> (7.01.2022 r.) \u2013 Smardzewo za rzek\u0105 (ko\u0142o ko\u015bcio\u0142a) od P. Robakiewicz\u00f3w do P. Sobczy\u0144skich i P. G\u0142\u00f3wczyk oraz Smardzewo Kolonia.<\/li>\n<li>Przypominam, \u017ce Msza \u015awi\u0119ta odprawiana w sobot\u0119 o godz. 16.00 ma charakter niedzielny i osoby, kt\u00f3re uczestnicz\u0105 w tej Eucharystii spe\u0142niaj\u0105 niedzielny obowi\u0105zek uczestniczenia we Mszy \u015awi\u0119tej.<\/li>\n<li>Mieszka\u0144cy K\u0119py z\u0142o\u017cyli 500.00 z\u0142otych na podgrzewanie ko\u015bcio\u0142a. Bardzo serdecznie dzi\u0119kuj\u0119 za te ofiary oraz\u00a0 rodzinom z r\u00f3\u017cnych wiosek, kt\u00f3re\u00a0 r\u00f3wnie\u017c do\u0142o\u017cy\u0142y &#8220;cegie\u0142k\u0119&#8221; na ten cel.<\/li>\n<li>Zach\u0119cam do nabycia prasy katolickiej.<\/li>\n<li>W miniony czwartek odby\u0142 si\u0119 pogrzeb \u015bw. p. Franciszka Romanowskiego, kt\u00f3ry prze\u017cy\u0142 71 lat. Msza \u015awi\u0119ta pogrzebowa odby\u0142a si\u0119 w par. \u015bw. Maksymiliana Kolbego w P\u0142o\u0144sku (na terenie tej parafii mieszka\u0142), a cia\u0142o zmar\u0142ego zosta\u0142o z\u0142o\u017cone w rodzinnym grobie na cmentarzu w Smardzewie. \u00a0Pole\u0107my zmar\u0142ych Mi\u0142osiernemu \u00a0Panu: Dobry Jezu, a nasz Panie, daj im wieczne spoczywanie\u2026<\/li>\n<\/ol>\n<p>&nbsp;<\/p>\n","protected":false},"excerpt":{"rendered":"<p>OG\u0141OSZENIA DUSZPASTERSKIE Trwamy w rado\u015bci z narodzin Chrystusa, obchodz\u0105c drug\u0105 niedziel\u0119 po Narodzeniu Pa\u0144skim. Modlimy si\u0119 dzisiaj, aby B\u00f3g nape\u0142ni\u0142 ca\u0142y \u015bwiat swoj\u0105 chwa\u0142\u0105 i ukaza\u0142 si\u0119 wszystkim narodom (kolekta mszalna). W czwartek, 6 stycznia, przypada uroczysto\u015b\u0107 Objawienia Pa\u0144skiego, popularnie zwana \u015bwi\u0119tem Trzech Kr\u00f3li. B\u0119dziemy wspomina\u0107 M\u0119drc\u00f3w ze Wschodu, kt\u00f3rzy przybyli odda\u0107 pok\u0142on Jezusowi. To &hellip; <\/p>\n<p><a class=\"more-link btn\" href=\"https:\/\/parafiasmardzewo.pl\/?p=7740\">Kontynuuj czytanie<\/a><\/p>\n","protected":false},"author":2,"featured_media":6302,"comment_status":"open","ping_status":"open","sticky":false,"template":"","format":"standard","meta":[],"categories":[2,1],"tags":[],"_links":{"self":[{"href":"https:\/\/parafiasmardzewo.pl\/index.php?rest_route=\/wp\/v2\/posts\/7740"}],"collection":[{"href":"https:\/\/parafiasmardzewo.pl\/index.php?rest_route=\/wp\/v2\/posts"}],"about":[{"href":"https:\/\/parafiasmardzewo.pl\/index.php?rest_route=\/wp\/v2\/types\/post"}],"author":[{"embeddable":true,"href":"https:\/\/parafiasmardzewo.pl\/index.php?rest_route=\/wp\/v2\/users\/2"}],"replies":[{"embeddable":true,"href":"https:\/\/parafiasmardzewo.pl\/index.php?rest_route=%2Fwp%2Fv2%2Fcomments&post=7740"}],"version-history":[{"count":7,"href":"https:\/\/parafiasmardzewo.pl\/index.php?rest_route=\/wp\/v2\/posts\/7740\/revisions"}],"predecessor-version":[{"id":7750,"href":"https:\/\/parafiasmardzewo.pl\/index.php?rest_route=\/wp\/v2\/posts\/7740\/revisions\/7750"}],"wp:featuredmedia":[{"embeddable":true,"href":"https:\/\/parafiasmardzewo.pl\/index.php?rest_route=\/wp\/v2\/media\/6302"}],"wp:attachment":[{"href":"https:\/\/parafiasmardzewo.pl\/index.php?rest_route=%2Fwp%2Fv2%2Fmedia&parent=7740"}],"wp:term":[{"taxonomy":"category","embeddable":true,"href":"https:\/\/parafiasmardzewo.pl\/index.php?rest_route=%2Fwp%2Fv2%2Fcategories&post=7740"},{"taxonomy":"post_tag","embeddable":true,"href":"https:\/\/parafiasmardzewo.pl\/index.php?rest_route=%2Fwp%2Fv2%2Ftags&post=7740"}],"curies":[{"name":"wp","href":"https:\/\/api.w.org\/{rel}","templated":true}]}}